{"id":54903,"date":"2018-10-27T09:49:31","date_gmt":"2018-10-27T15:49:31","guid":{"rendered":"http:\/\/www.eloriente.net\/home\/?p=54903"},"modified":"2018-10-27T09:57:06","modified_gmt":"2018-10-27T15:57:06","slug":"mutek-2018-creatividad-digital-en-mexico","status":"publish","type":"post","link":"https:\/\/www.eloriente.net\/home\/2018\/10\/27\/mutek-2018-creatividad-digital-en-mexico\/","title":{"rendered":"Mutek 2018: creatividad digital en M\u00e9xico"},"content":{"rendered":"<h4 style=\"text-align: right;\"><strong>Embajada de Suecia en M\u00e9xico se\u00f1al\u00f3 la poca presencia femenina en festivales mexicanos<\/strong><\/h4>\n<p>(www.eloriente.net, M\u00e9xico, a 27 de octubre de 2018, por <a href=\"http:\/\/noticias.canal22.org.mx\">N22<\/a>\/Fernando Salinas).- MUTEK.MX, festival que da espacio a la creatividad digital en M\u00e9xico, celebra 15 a\u00f1os. En conferencia de prensa, \u00c5sa Hamnest\u00e5hl, agregada cultural de la Embajada de Suecia en M\u00e9xico, coment\u00f3 su preocupaci\u00f3n sobre la escasez de la presencia femenina en los festivales mexicanos, asegurando que \u00fanicamente el 6.9% de invitados a dichos eventos son mujeres.<\/p>\n<p>Tambi\u00e9n, cuestion\u00f3 las decisiones de los encargados de la programaci\u00f3n y asegur\u00f3 que la forma m\u00e1s sencilla de justificar estas acciones es respaldarse en el hecho de que hay m\u00e1s artistas hombres, en lugar de hacer una investigaci\u00f3n profunda y buscar m\u00e1s artistas mujeres.<\/p>\n<p>Adem\u00e1s, expres\u00f3 que la gente que est\u00e1 detr\u00e1s de espacios abiertos a la cultura y diversidad como Mutek y los medios de comunicaci\u00f3n tienen el poder para cambiar esta situaci\u00f3n.<\/p>\n<figure id=\"attachment_54904\" aria-describedby=\"caption-attachment-54904\" style=\"width: 550px\" class=\"wp-caption alignnone\"><a href=\"http:\/\/www.eloriente.net\/home\/wp-content\/uploads\/2018\/10\/42.jpg\"><img loading=\"lazy\" decoding=\"async\" class=\" wp-image-54904\" src=\"http:\/\/www.eloriente.net\/home\/wp-content\/uploads\/2018\/10\/42.jpg\" alt=\"\" width=\"550\" height=\"367\" srcset=\"https:\/\/www.eloriente.net\/home\/wp-content\/uploads\/2018\/10\/42.jpg 1000w, https:\/\/www.eloriente.net\/home\/wp-content\/uploads\/2018\/10\/42-300x200.jpg 300w, https:\/\/www.eloriente.net\/home\/wp-content\/uploads\/2018\/10\/42-768x512.jpg 768w\" sizes=\"(max-width: 550px) 100vw, 550px\" \/><\/a><figcaption id=\"caption-attachment-54904\" class=\"wp-caption-text\">Mutek 2018<\/figcaption><\/figure>\n<p><script src=\"\/\/pagead2googlesyndication.com\/pagead\/js\/adsbygoogle.js\" async=\"\"><\/script><!-- BANNER ELORIENTE INCRUSTADO NOTAS --> <ins class=\"adsbygoogle\" style=\"display: inline-block; width: 300px; height: 250px;\" data-ad-client=\"ca-pub-1136171134853753\" data-ad-slot=\"7974633627\"><\/ins><script>\/\/ <![CDATA[ (adsbygoogle = window.adsbygoogle || []).push({}); \/\/ ]]><\/script><\/p>\n<p>Finalmente, recalc\u00f3 su postura como organizadora de eventos y asegur\u00f3 que la respuesta no es la segregaci\u00f3n, es decir, la creaci\u00f3n de festivales con una alineaci\u00f3n 100% femenina, m\u00e1s bien, se necesita apostar por la inclusi\u00f3n y diversidad en festivales tradicionales.<\/p>\n<p>Adem\u00e1s de reafirmar su compromiso con la diversidad y la inclusi\u00f3n, Dami\u00e1n Romero, director de Mutek M\u00e9xico, celebr\u00f3 la evoluci\u00f3n del festival a lo largo de 15 a\u00f1os desde su creaci\u00f3n, poniendo \u00e9nfasis en los cambios positivos gracias a nuevas tecnolog\u00edas como la realidad virtual<\/p>\n<p><script async src=\"\/\/pagead2.googlesyndication.com\/pagead\/js\/adsbygoogle.js\"><\/script> <ins class=\"adsbygoogle\" style=\"display: block; text-align: center;\" data-ad-layout=\"in-article\" data-ad-format=\"fluid\" data-ad-client=\"ca-pub-1136171134853753\" data-ad-slot=\"7980763077\"><\/ins> <script> (adsbygoogle = window.adsbygoogle || []).push({}); <\/script><\/p>\n<p>La plataforma que impulsa el talento de artistas audiovisuales a nivel internacional se celebrar\u00e1 del 19 al 25 de noviembre en distintos puntos de la Ciudad de M\u00e9xico y el Estado de M\u00e9xico.<\/p>\n<p>La intenci\u00f3n de Mutek es combinar la m\u00fasica electr\u00f3nica con manifestaciones culturales diversas. Jap\u00f3n, Australia, Reino Unido, Francia, Estados Unidos y M\u00e9xico, son los pa\u00edses que se incluyen en la alineaci\u00f3n de este a\u00f1o. A continuaci\u00f3n, les dejamos la lista de la tercera oleada de invitados.<\/p>\n<p>M\u00e1s informaci\u00f3n sobre el festival en: <a href=\"http:\/\/mutek.mx\/2018\/\">http:\/\/mutek.mx\/2018\/<\/a><\/p>\n<p><script async src=\"\/\/pagead2.googlesyndication.com\/pagead\/js\/adsbygoogle.js\"><\/script><br \/>\n<ins class=\"adsbygoogle\" style=\"display: block;\" data-ad-format=\"autorelaxed\" data-ad-client=\"ca-pub-1136171134853753\" data-ad-slot=\"4595267748\"><\/ins><br \/>\n<script>\n     (adsbygoogle = window.adsbygoogle || []).push({});\n<\/script><\/p>\n\n\t\t\t  <div \n\t\t\t  \tclass = \"fb-comments\" \n\t\t\t  \tdata-href = \"https:\/\/www.eloriente.net\/home\/2018\/10\/27\/mutek-2018-creatividad-digital-en-mexico\/\"\n\t\t\t  \tdata-numposts = \"10\"\n\t\t\t\tdata-colorscheme = \"dark\"\n\t\t\t\tdata-order-by = \"social\"\n\t\t\t\tdata-mobile=true>\n\t\t\t  <\/div>\n\t\t  <style>\n\t\t\t.fb_iframe_widget_fluid_desktop iframe {\n\t\t\t    width: 100% !important;\n\t\t\t}\n\t\t  <\/style>\n\t\t  ","protected":false},"excerpt":{"rendered":"<p>Embajada de Suecia en M\u00e9xico se\u00f1al\u00f3 la poca presencia femenina en festivales mexicanos (www.eloriente.net, M\u00e9xico, a 27 de octubre de 2018, por N22\/Fernando Salinas).- MUTEK.MX, festival que da espacio a la creatividad digital en M\u00e9xico, celebra 15 a\u00f1os. En conferencia de prensa, \u00c5sa Hamnest\u00e5hl, agregada cultural de la Embajada de Suecia en M\u00e9xico, coment\u00f3 su [&hellip;]<\/p>\n","protected":false},"author":48,"featured_media":54904,"comment_status":"open","ping_status":"open","sticky":false,"template":"","format":"standard","meta":{"_jetpack_memberships_contains_paid_content":false,"footnotes":""},"categories":[4,64,10,31],"tags":[9780,336,9779],"class_list":["post-54903","post","type-post","status-publish","format-standard","has-post-thumbnail","hentry","category-canal-2-en-vivo","category-distrito-federal","category-lo-mas-reciente","category-principal","tag-creatividad-digital","tag-festival","tag-mutek"],"jetpack_featured_media_url":"https:\/\/www.eloriente.net\/home\/wp-content\/uploads\/2018\/10\/42.jpg","jetpack_sharing_enabled":true,"_links":{"self":[{"href":"https:\/\/www.eloriente.net\/home\/wp-json\/wp\/v2\/posts\/54903"}],"collection":[{"href":"https:\/\/www.eloriente.net\/home\/wp-json\/wp\/v2\/posts"}],"about":[{"href":"https:\/\/www.eloriente.net\/home\/wp-json\/wp\/v2\/types\/post"}],"author":[{"embeddable":true,"href":"https:\/\/www.eloriente.net\/home\/wp-json\/wp\/v2\/users\/48"}],"replies":[{"embeddable":true,"href":"https:\/\/www.eloriente.net\/home\/wp-json\/wp\/v2\/comments?post=54903"}],"version-history":[{"count":3,"href":"https:\/\/www.eloriente.net\/home\/wp-json\/wp\/v2\/posts\/54903\/revisions"}],"predecessor-version":[{"id":54907,"href":"https:\/\/www.eloriente.net\/home\/wp-json\/wp\/v2\/posts\/54903\/revisions\/54907"}],"wp:featuredmedia":[{"embeddable":true,"href":"https:\/\/www.eloriente.net\/home\/wp-json\/wp\/v2\/media\/54904"}],"wp:attachment":[{"href":"https:\/\/www.eloriente.net\/home\/wp-json\/wp\/v2\/media?parent=54903"}],"wp:term":[{"taxonomy":"category","embeddable":true,"href":"https:\/\/www.eloriente.net\/home\/wp-json\/wp\/v2\/categories?post=54903"},{"taxonomy":"post_tag","embeddable":true,"href":"https:\/\/www.eloriente.net\/home\/wp-json\/wp\/v2\/tags?post=54903"}],"curies":[{"name":"wp","href":"https:\/\/api.w.org\/{rel}","templated":true}]}}