{"id":55433,"date":"2018-12-26T13:16:08","date_gmt":"2018-12-26T19:16:08","guid":{"rendered":"http:\/\/www.eloriente.net\/home\/?p=55433"},"modified":"2018-12-26T13:16:08","modified_gmt":"2018-12-26T19:16:08","slug":"cinco-exposiciones-de-este-2018-que-nos-dejaron-con-ganas-de-mas-arte","status":"publish","type":"post","link":"https:\/\/www.eloriente.net\/home\/2018\/12\/26\/cinco-exposiciones-de-este-2018-que-nos-dejaron-con-ganas-de-mas-arte\/","title":{"rendered":"Cinco exposiciones de este 2018 que nos dejaron con ganas de m\u00e1s arte"},"content":{"rendered":"<p style=\"text-align: right;\"><em>En esta lista hay un poco de instalaci\u00f3n y mucho de pintura. No es todo lo que se exhibi\u00f3 y varias propuestas quedan fuera, pero as\u00ed son las listas<\/em><\/p>\n<p>&nbsp;<\/p>\n<p>(www.eloriente.net, M\u00e9xico, 26 de diciembre de 2018, por <a href=\"http:\/\/noticias.canal22.org.mx\">N22<\/a>).- Sin duda el arte y, sobre todo, el arte contempor\u00e1neo siempre genera opiniones encontradas. El curador de Material, Brett Schultz en una entrevista mencion\u00f3: \u201csi no logras entender del todo la propuesta de la pieza es que tal vez te hacen falta algunos recursos\u201d, y tiene raz\u00f3n. No siempre se entiende el arte a primera vista. No siempre tiene que gustarnos e incluso, muchas veces, debe disgustarnos, intrigarnos, molestarnos, generar m\u00e1s preguntas que dar respuestas. Si todo es est\u00e9ticamente correcto y arm\u00f3nico, dudemos.<\/p>\n<p><b>Roni Horn<\/b><\/p>\n<p>La Galer\u00eda Kurimanzutto expuso el trabajo de la artista neoyorquina que juega con la dualidad y las identidades. Adem\u00e1s, de mostrar su obsesi\u00f3n por el trabajo con pares en retratos, con la repetici\u00f3n de una misma escena un par de segundos despu\u00e9s, \u00bfalgo cambia? Jugando tambi\u00e9n con la identidad y el g\u00e9nero, la artista hace el papel de voyeur para ver a los otros y, al mismo tiempo, verse a s\u00ed misma. Este trabajo ocup\u00f3 la galer\u00eda durante noviembre.<\/p>\n<p>&nbsp;<\/p>\n<figure id=\"attachment_55434\" aria-describedby=\"caption-attachment-55434\" style=\"width: 550px\" class=\"wp-caption alignnone\"><a href=\"http:\/\/www.eloriente.net\/home\/wp-content\/uploads\/2018\/12\/RH-kurimanzutto-2018-09.jpg\"><img loading=\"lazy\" decoding=\"async\" class=\" wp-image-55434\" src=\"http:\/\/www.eloriente.net\/home\/wp-content\/uploads\/2018\/12\/RH-kurimanzutto-2018-09-1024x683.jpg\" alt=\"\" width=\"550\" height=\"367\" srcset=\"https:\/\/www.eloriente.net\/home\/wp-content\/uploads\/2018\/12\/RH-kurimanzutto-2018-09-1024x683.jpg 1024w, https:\/\/www.eloriente.net\/home\/wp-content\/uploads\/2018\/12\/RH-kurimanzutto-2018-09-300x200.jpg 300w, https:\/\/www.eloriente.net\/home\/wp-content\/uploads\/2018\/12\/RH-kurimanzutto-2018-09-768x512.jpg 768w\" sizes=\"(max-width: 550px) 100vw, 550px\" \/><\/a><figcaption id=\"caption-attachment-55434\" class=\"wp-caption-text\">Roni Horn<\/figcaption><\/figure>\n<p>&nbsp;<\/p>\n<p><script src=\"\/\/pagead2googlesyndication.com\/pagead\/js\/adsbygoogle.js\" async=\"\"><\/script><!-- BANNER ELORIENTE INCRUSTADO NOTAS --> <ins class=\"adsbygoogle\" style=\"display: inline-block; width: 300px; height: 250px;\" data-ad-client=\"ca-pub-1136171134853753\" data-ad-slot=\"7974633627\"><\/ins><script>\/\/ <![CDATA[ (adsbygoogle = window.adsbygoogle || []).push({}); \/\/ ]]><\/script><\/p>\n<p>&nbsp;<\/p>\n<p><b>Yoshua Ok\u00f3n<\/b><\/p>\n<p>Sin duda este fue un gran a\u00f1o, en cuanto a la calidad de las exposiciones, para el MUAC. Una de las que ocup\u00f3 sus salas fue\u00a0<i>Colateral<\/i>, de Ok\u00f3n. Una retrospectiva de veinte a\u00f1os del trabajo del artista que en 17 obras mostr\u00f3 el agudo sentido cr\u00edtico del artista respecto al consumo generado por el neoliberalismo. Su obra juega con la est\u00e9tica, la obsceno, lo grotesco y hace un gui\u00f1o a los absurdo para abordar temas como la hiperindividualidad, la econom\u00eda neoliberal, el corporativismo estadounidense y la forma en la que se construye la historia.<\/p>\n<figure id=\"attachment_55435\" aria-describedby=\"caption-attachment-55435\" style=\"width: 550px\" class=\"wp-caption alignnone\"><a href=\"http:\/\/www.eloriente.net\/home\/wp-content\/uploads\/2018\/12\/Colateral.png\"><img loading=\"lazy\" decoding=\"async\" class=\" wp-image-55435\" src=\"http:\/\/www.eloriente.net\/home\/wp-content\/uploads\/2018\/12\/Colateral-1024x575.png\" alt=\"\" width=\"550\" height=\"309\" srcset=\"https:\/\/www.eloriente.net\/home\/wp-content\/uploads\/2018\/12\/Colateral-1024x575.png 1024w, https:\/\/www.eloriente.net\/home\/wp-content\/uploads\/2018\/12\/Colateral-300x168.png 300w, https:\/\/www.eloriente.net\/home\/wp-content\/uploads\/2018\/12\/Colateral-768x431.png 768w, https:\/\/www.eloriente.net\/home\/wp-content\/uploads\/2018\/12\/Colateral.png 1634w\" sizes=\"(max-width: 550px) 100vw, 550px\" \/><\/a><figcaption id=\"caption-attachment-55435\" class=\"wp-caption-text\">Colateral, de Ok\u00f3n.<\/figcaption><\/figure>\n<p>&nbsp;<\/p>\n<p><b>Nancy Spero<\/b><\/p>\n<p>A\u00fan en estos d\u00edas se puede ver en el Museo Tamayo el trabajo de esta artista nacida en Cleveland. Su imaginaci\u00f3n desopilante y su feminismo crearon un universo de lo femenino que apela a desmitificar lo que el falocentrismo entiende como lo propio de la mujer, para crear un universo de trazos, repetici\u00f3n y tinta sobre papel que no s\u00f3lo busc\u00f3 la justicia social y la equidad para las mujeres, sino que en sus primeros a\u00f1os se centr\u00f3 en hacer una brutal cr\u00edtica a la guerra de Vietnam.<\/p>\n<figure id=\"attachment_55436\" aria-describedby=\"caption-attachment-55436\" style=\"width: 550px\" class=\"wp-caption alignnone\"><a href=\"http:\/\/www.eloriente.net\/home\/wp-content\/uploads\/2018\/12\/imagen-ana.png\"><img loading=\"lazy\" decoding=\"async\" class=\" wp-image-55436\" src=\"http:\/\/www.eloriente.net\/home\/wp-content\/uploads\/2018\/12\/imagen-ana.png\" alt=\"\" width=\"550\" height=\"437\" srcset=\"https:\/\/www.eloriente.net\/home\/wp-content\/uploads\/2018\/12\/imagen-ana.png 797w, https:\/\/www.eloriente.net\/home\/wp-content\/uploads\/2018\/12\/imagen-ana-300x238.png 300w, https:\/\/www.eloriente.net\/home\/wp-content\/uploads\/2018\/12\/imagen-ana-768x610.png 768w\" sizes=\"(max-width: 550px) 100vw, 550px\" \/><\/a><figcaption id=\"caption-attachment-55436\" class=\"wp-caption-text\">Nancy Spero<\/figcaption><\/figure>\n<p>&nbsp;<\/p>\n<p><script async src=\"\/\/pagead2.googlesyndication.com\/pagead\/js\/adsbygoogle.js\"><\/script> <ins class=\"adsbygoogle\" style=\"display: block; text-align: center;\" data-ad-layout=\"in-article\" data-ad-format=\"fluid\" data-ad-client=\"ca-pub-1136171134853753\" data-ad-slot=\"7980763077\"><\/ins> <script> (adsbygoogle = window.adsbygoogle || []).push({}); <\/script><\/p>\n<p>&nbsp;<\/p>\n<p><b>Germ\u00e1n Venegas<\/b><\/p>\n<p><i>Todo lo otro<\/i>, es el propio artista. Bajo este t\u00edtulo se re\u00fanen 23 a\u00f1os, aproximadamente, del trabajo de este mexicano que pasa largos periodos sin salir de su taller. Sin riesgo a equivocarnos, esta es una de las mejores exposiciones de este a\u00f1o. Inaugurada el pasado 11 de diciembre en el Museo Tamayo, el trabajo de Venegas revela su obsesi\u00f3n por la deconstrucci\u00f3n de la imagen, ejercicio que no tiene l\u00edmites salvo la propia voluntad del artista. Tambi\u00e9n traza una l\u00ednea narrativa en la que oriente, occidente y el mundo prehisp\u00e1nico se tocan moment\u00e1neamente.<\/p>\n<figure id=\"attachment_55437\" aria-describedby=\"caption-attachment-55437\" style=\"width: 550px\" class=\"wp-caption alignnone\"><a href=\"http:\/\/www.eloriente.net\/home\/wp-content\/uploads\/2018\/12\/Venegas-002.jpg\"><img loading=\"lazy\" decoding=\"async\" class=\" wp-image-55437\" src=\"http:\/\/www.eloriente.net\/home\/wp-content\/uploads\/2018\/12\/Venegas-002-1021x1024.jpg\" alt=\"\" width=\"550\" height=\"552\" srcset=\"https:\/\/www.eloriente.net\/home\/wp-content\/uploads\/2018\/12\/Venegas-002-1021x1024.jpg 1021w, https:\/\/www.eloriente.net\/home\/wp-content\/uploads\/2018\/12\/Venegas-002-150x150.jpg 150w, https:\/\/www.eloriente.net\/home\/wp-content\/uploads\/2018\/12\/Venegas-002-300x300.jpg 300w, https:\/\/www.eloriente.net\/home\/wp-content\/uploads\/2018\/12\/Venegas-002-768x770.jpg 768w, https:\/\/www.eloriente.net\/home\/wp-content\/uploads\/2018\/12\/Venegas-002-50x50.jpg 50w, https:\/\/www.eloriente.net\/home\/wp-content\/uploads\/2018\/12\/Venegas-002-1024x1027.jpg 1024w, https:\/\/www.eloriente.net\/home\/wp-content\/uploads\/2018\/12\/Venegas-002.jpg 1197w\" sizes=\"(max-width: 550px) 100vw, 550px\" \/><\/a><figcaption id=\"caption-attachment-55437\" class=\"wp-caption-text\">Todo lo otro, Germ\u00e1n Venegas. Foto N22<\/figcaption><\/figure>\n<p>&nbsp;<\/p>\n<p><b>Saturnino Herr\u00e1n<\/b><\/p>\n<p>A cien a\u00f1os de su muerte, necesario era volver a mirar el trabajo de este pintor mexicano creador de un imaginario nacional de finales del siglo XIX y principios del siglo XX. Aunque nunca sali\u00f3 del pa\u00eds y muri\u00f3 a los 31 a\u00f1os, el genio de Herr\u00e1n dio forma a una obra considerada fundamental para la historia del arte mexicano. Junto a \u00e9sta, se pusieron en di\u00e1logo, para esta muestra, las obras de Rivera, Siqueiros, Goitia y Gedovius, entre otros.<\/p>\n<figure id=\"attachment_55438\" aria-describedby=\"caption-attachment-55438\" style=\"width: 550px\" class=\"wp-caption alignnone\"><a href=\"http:\/\/www.eloriente.net\/home\/wp-content\/uploads\/2018\/12\/Herran-saturnino.labor-1908.jpg\"><img loading=\"lazy\" decoding=\"async\" class=\" wp-image-55438\" src=\"http:\/\/www.eloriente.net\/home\/wp-content\/uploads\/2018\/12\/Herran-saturnino.labor-1908-1024x464.jpg\" alt=\"\" width=\"550\" height=\"249\" srcset=\"https:\/\/www.eloriente.net\/home\/wp-content\/uploads\/2018\/12\/Herran-saturnino.labor-1908-1024x464.jpg 1024w, https:\/\/www.eloriente.net\/home\/wp-content\/uploads\/2018\/12\/Herran-saturnino.labor-1908-300x136.jpg 300w, https:\/\/www.eloriente.net\/home\/wp-content\/uploads\/2018\/12\/Herran-saturnino.labor-1908-768x348.jpg 768w, https:\/\/www.eloriente.net\/home\/wp-content\/uploads\/2018\/12\/Herran-saturnino.labor-1908.jpg 1246w\" sizes=\"(max-width: 550px) 100vw, 550px\" \/><\/a><figcaption id=\"caption-attachment-55438\" class=\"wp-caption-text\">Saturnino Herr\u00e1n. Foto N22<\/figcaption><\/figure>\n<p>&nbsp;<\/p>\n<p><script async src=\"\/\/pagead2.googlesyndication.com\/pagead\/js\/adsbygoogle.js\"><\/script><br \/>\n<ins class=\"adsbygoogle\" style=\"display: block;\" data-ad-format=\"autorelaxed\" data-ad-client=\"ca-pub-1136171134853753\" data-ad-slot=\"4595267748\"><\/ins><br \/>\n<script>\n     (adsbygoogle = window.adsbygoogle || []).push({});\n<\/script><\/p>\n\n\t\t\t  <div \n\t\t\t  \tclass = \"fb-comments\" \n\t\t\t  \tdata-href = \"https:\/\/www.eloriente.net\/home\/2018\/12\/26\/cinco-exposiciones-de-este-2018-que-nos-dejaron-con-ganas-de-mas-arte\/\"\n\t\t\t  \tdata-numposts = \"10\"\n\t\t\t\tdata-colorscheme = \"dark\"\n\t\t\t\tdata-order-by = \"social\"\n\t\t\t\tdata-mobile=true>\n\t\t\t  <\/div>\n\t\t  <style>\n\t\t\t.fb_iframe_widget_fluid_desktop iframe {\n\t\t\t    width: 100% !important;\n\t\t\t}\n\t\t  <\/style>\n\t\t  ","protected":false},"excerpt":{"rendered":"<p>En esta lista hay un poco de instalaci\u00f3n y mucho de pintura. No es todo lo que se exhibi\u00f3 y varias propuestas quedan fuera, pero as\u00ed son las listas &nbsp; (www.eloriente.net, M\u00e9xico, 26 de diciembre de 2018, por N22).- Sin duda el arte y, sobre todo, el arte contempor\u00e1neo siempre genera opiniones encontradas. El curador [&hellip;]<\/p>\n","protected":false},"author":48,"featured_media":55438,"comment_status":"open","ping_status":"open","sticky":false,"template":"","format":"standard","meta":{"_jetpack_memberships_contains_paid_content":false,"footnotes":""},"categories":[18,32,10],"tags":[5255,9942,9939,9941,9940],"class_list":["post-55433","post","type-post","status-publish","format-standard","has-post-thumbnail","hentry","category-educacion-y-cultura","category-entradas","category-lo-mas-reciente","tag-5255","tag-arte-2018","tag-arte-contemporaneo","tag-exposiciones-2018","tag-exposiciones-artisticas"],"jetpack_featured_media_url":"https:\/\/www.eloriente.net\/home\/wp-content\/uploads\/2018\/12\/Herran-saturnino.labor-1908.jpg","jetpack_sharing_enabled":true,"_links":{"self":[{"href":"https:\/\/www.eloriente.net\/home\/wp-json\/wp\/v2\/posts\/55433"}],"collection":[{"href":"https:\/\/www.eloriente.net\/home\/wp-json\/wp\/v2\/posts"}],"about":[{"href":"https:\/\/www.eloriente.net\/home\/wp-json\/wp\/v2\/types\/post"}],"author":[{"embeddable":true,"href":"https:\/\/www.eloriente.net\/home\/wp-json\/wp\/v2\/users\/48"}],"replies":[{"embeddable":true,"href":"https:\/\/www.eloriente.net\/home\/wp-json\/wp\/v2\/comments?post=55433"}],"version-history":[{"count":1,"href":"https:\/\/www.eloriente.net\/home\/wp-json\/wp\/v2\/posts\/55433\/revisions"}],"predecessor-version":[{"id":55439,"href":"https:\/\/www.eloriente.net\/home\/wp-json\/wp\/v2\/posts\/55433\/revisions\/55439"}],"wp:featuredmedia":[{"embeddable":true,"href":"https:\/\/www.eloriente.net\/home\/wp-json\/wp\/v2\/media\/55438"}],"wp:attachment":[{"href":"https:\/\/www.eloriente.net\/home\/wp-json\/wp\/v2\/media?parent=55433"}],"wp:term":[{"taxonomy":"category","embeddable":true,"href":"https:\/\/www.eloriente.net\/home\/wp-json\/wp\/v2\/categories?post=55433"},{"taxonomy":"post_tag","embeddable":true,"href":"https:\/\/www.eloriente.net\/home\/wp-json\/wp\/v2\/tags?post=55433"}],"curies":[{"name":"wp","href":"https:\/\/api.w.org\/{rel}","templated":true}]}}