{"id":55496,"date":"2019-01-02T16:16:51","date_gmt":"2019-01-02T22:16:51","guid":{"rendered":"http:\/\/www.eloriente.net\/home\/?p=55496"},"modified":"2019-01-04T12:48:11","modified_gmt":"2019-01-04T18:48:11","slug":"videocolumna-ano-nuevo-vida-nueva-por-mariana-aragon","status":"publish","type":"post","link":"https:\/\/www.eloriente.net\/home\/2019\/01\/02\/videocolumna-ano-nuevo-vida-nueva-por-mariana-aragon\/","title":{"rendered":"VIDEOCOLUMNA: A\u00f1o nuevo, vida nueva. Por Mariana Arag\u00f3n"},"content":{"rendered":"<p><span data-offset-key=\"d9k5m-0-0\">(www.eloriente.net, M\u00e9xico, 2 de enero de 2019, por Luis Alberto Osorio Ochoa).- La llegada del 2019 nos invita a deshacernos de los paradigmas que ya no aplican en esta nueva era. M\u00e9xico est\u00e1 viviendo una \u00e9poca de profunda transformaci\u00f3n. <\/span><span class=\"_247o\" spellcheck=\"false\" data-offset-key=\"d9k5m-1-0\"><span data-offset-key=\"d9k5m-1-0\">Mariana Arag\u00f3n Mi<\/span><\/span><span data-offset-key=\"d9k5m-2-0\"> nos revela los indicios.<\/span><\/p>\n<p><iframe loading=\"lazy\" src=\"https:\/\/www.youtube.com\/embed\/38qSHjtvFIg\" width=\"560\" height=\"315\" frameborder=\"0\" allowfullscreen=\"allowfullscreen\"><\/iframe><\/p>\n<div data-offset-key=\"68s9q-0-0\">\n<h3>Mariana Arag\u00f3n Mijangos<\/h3>\n<p>es Directora de PROYECTA, estrategias de Comunicaci\u00f3n Pol\u00edtica. Adem\u00e1s es articulista y tallerista.<\/p>\n<\/div>\n<div data-offset-key=\"68s9q-0-0\">\n<figure id=\"attachment_55497\" aria-describedby=\"caption-attachment-55497\" style=\"width: 549px\" class=\"wp-caption alignnone\"><a href=\"http:\/\/www.eloriente.net\/home\/wp-content\/uploads\/2019\/01\/Mariana-0102.jpg\"><img loading=\"lazy\" decoding=\"async\" class=\" wp-image-55497\" src=\"http:\/\/www.eloriente.net\/home\/wp-content\/uploads\/2019\/01\/Mariana-0102-1024x576.jpg\" alt=\"\" width=\"549\" height=\"309\" srcset=\"https:\/\/www.eloriente.net\/home\/wp-content\/uploads\/2019\/01\/Mariana-0102-1024x576.jpg 1024w, https:\/\/www.eloriente.net\/home\/wp-content\/uploads\/2019\/01\/Mariana-0102-300x169.jpg 300w, https:\/\/www.eloriente.net\/home\/wp-content\/uploads\/2019\/01\/Mariana-0102-768x432.jpg 768w, https:\/\/www.eloriente.net\/home\/wp-content\/uploads\/2019\/01\/Mariana-0102.jpg 1920w\" sizes=\"(max-width: 549px) 100vw, 549px\" \/><\/a><figcaption id=\"caption-attachment-55497\" class=\"wp-caption-text\">Mariana Arag\u00f3n es videocolumnista en eloriente.net<\/figcaption><\/figure>\n<\/div>\n<div data-offset-key=\"68s9q-0-0\"><\/div>\n<div data-offset-key=\"68s9q-0-0\"><script async src=\"\/\/pagead2.googlesyndication.com\/pagead\/js\/adsbygoogle.js\"><\/script><br \/>\n<ins class=\"adsbygoogle\" style=\"display: block;\" data-ad-format=\"autorelaxed\" data-ad-client=\"ca-pub-1136171134853753\" data-ad-slot=\"4595267748\"><\/ins><br \/>\n<script>\n     (adsbygoogle = window.adsbygoogle || []).push({});\n<\/script><\/div>\n\n\t\t\t  <div \n\t\t\t  \tclass = \"fb-comments\" \n\t\t\t  \tdata-href = \"https:\/\/www.eloriente.net\/home\/2019\/01\/02\/videocolumna-ano-nuevo-vida-nueva-por-mariana-aragon\/\"\n\t\t\t  \tdata-numposts = \"10\"\n\t\t\t\tdata-colorscheme = \"dark\"\n\t\t\t\tdata-order-by = \"social\"\n\t\t\t\tdata-mobile=true>\n\t\t\t  <\/div>\n\t\t  <style>\n\t\t\t.fb_iframe_widget_fluid_desktop iframe {\n\t\t\t    width: 100% !important;\n\t\t\t}\n\t\t  <\/style>\n\t\t  ","protected":false},"excerpt":{"rendered":"<p>(www.eloriente.net, M\u00e9xico, 2 de enero de 2019, por Luis Alberto Osorio Ochoa).- La llegada del 2019 nos invita a deshacernos de los paradigmas que ya no aplican en esta nueva era. M\u00e9xico est\u00e1 viviendo una \u00e9poca de profunda transformaci\u00f3n. Mariana Arag\u00f3n Mi nos revela los indicios. Mariana Arag\u00f3n Mijangos es Directora de PROYECTA, estrategias de [&hellip;]<\/p>\n","protected":false},"author":48,"featured_media":55498,"comment_status":"open","ping_status":"open","sticky":false,"template":"","format":"standard","meta":{"_jetpack_memberships_contains_paid_content":false,"footnotes":""},"categories":[49,16,10,8746,31,98],"tags":[9965,3266,6224],"class_list":["post-55496","post","type-post","status-publish","format-standard","has-post-thumbnail","hentry","category-destacadas","category-salud-y-estilo-de-vida","category-lo-mas-reciente","category-mariana-aragon-mijangos","category-principal","category-videoblogs","tag-9965","tag-cambio-social","tag-videocolumna"],"jetpack_featured_media_url":"https:\/\/www.eloriente.net\/home\/wp-content\/uploads\/2019\/01\/Mariana-0102-2-e1546467242937.jpg","jetpack_sharing_enabled":true,"_links":{"self":[{"href":"https:\/\/www.eloriente.net\/home\/wp-json\/wp\/v2\/posts\/55496"}],"collection":[{"href":"https:\/\/www.eloriente.net\/home\/wp-json\/wp\/v2\/posts"}],"about":[{"href":"https:\/\/www.eloriente.net\/home\/wp-json\/wp\/v2\/types\/post"}],"author":[{"embeddable":true,"href":"https:\/\/www.eloriente.net\/home\/wp-json\/wp\/v2\/users\/48"}],"replies":[{"embeddable":true,"href":"https:\/\/www.eloriente.net\/home\/wp-json\/wp\/v2\/comments?post=55496"}],"version-history":[{"count":3,"href":"https:\/\/www.eloriente.net\/home\/wp-json\/wp\/v2\/posts\/55496\/revisions"}],"predecessor-version":[{"id":55514,"href":"https:\/\/www.eloriente.net\/home\/wp-json\/wp\/v2\/posts\/55496\/revisions\/55514"}],"wp:featuredmedia":[{"embeddable":true,"href":"https:\/\/www.eloriente.net\/home\/wp-json\/wp\/v2\/media\/55498"}],"wp:attachment":[{"href":"https:\/\/www.eloriente.net\/home\/wp-json\/wp\/v2\/media?parent=55496"}],"wp:term":[{"taxonomy":"category","embeddable":true,"href":"https:\/\/www.eloriente.net\/home\/wp-json\/wp\/v2\/categories?post=55496"},{"taxonomy":"post_tag","embeddable":true,"href":"https:\/\/www.eloriente.net\/home\/wp-json\/wp\/v2\/tags?post=55496"}],"curies":[{"name":"wp","href":"https:\/\/api.w.org\/{rel}","templated":true}]}}