{"id":55510,"date":"2019-01-03T14:30:14","date_gmt":"2019-01-03T20:30:14","guid":{"rendered":"http:\/\/www.eloriente.net\/home\/?p=55510"},"modified":"2019-06-17T16:59:25","modified_gmt":"2019-06-17T22:59:25","slug":"especial-natalia-cruz","status":"publish","type":"post","link":"https:\/\/www.eloriente.net\/home\/2019\/01\/03\/especial-natalia-cruz\/","title":{"rendered":"Especial Natalia Cruz"},"content":{"rendered":"<p class=\"p1\">(www.eloriente.net, M\u00e9xico, 3 de enero de 2019, por Luis Alberto Osorio Ochoa).- Natalia Cruz, int\u00e9rprete de m\u00fasica tradicional del Istmo de Tehuantepec, Oaxaca, se present\u00f3 en el Teatro Macedonio Alcal\u00e1 durante el concierto por el 150 aniversario de la Banda de M\u00fasica del Estado de Oaxaca, el pasado 26 de octubre de 2019.<\/p>\n<p class=\"p1\">Detr\u00e1s de escena, nos revela su m\u00e1s profundas motivaciones y sus inicios como artista. La escuchamos cantar en zapoteco y espa\u00f1ol las piezas m\u00e1s queridas por ella, de los artistas que la inspiraron: Chu Rasgado y Eustaquio Jim\u00e9nez Gir\u00f3n.<\/p>\n<p><iframe loading=\"lazy\" src=\"https:\/\/www.youtube.com\/embed\/0K6L-RNBEsY\" width=\"560\" height=\"315\" frameborder=\"0\" allowfullscreen=\"allowfullscreen\"><\/iframe><\/p>\n<p><script async src=\"\/\/pagead2.googlesyndication.com\/pagead\/js\/adsbygoogle.js\"><\/script><br \/>\n<ins class=\"adsbygoogle\" style=\"display: block;\" data-ad-format=\"autorelaxed\" data-ad-client=\"ca-pub-1136171134853753\" data-ad-slot=\"4595267748\"><\/ins><br \/>\n<script>\n     (adsbygoogle = window.adsbygoogle || []).push({});\n<\/script><\/p>\n\n\t\t\t  <div \n\t\t\t  \tclass = \"fb-comments\" \n\t\t\t  \tdata-href = \"https:\/\/www.eloriente.net\/home\/2019\/01\/03\/especial-natalia-cruz\/\"\n\t\t\t  \tdata-numposts = \"10\"\n\t\t\t\tdata-colorscheme = \"dark\"\n\t\t\t\tdata-order-by = \"social\"\n\t\t\t\tdata-mobile=true>\n\t\t\t  <\/div>\n\t\t  <style>\n\t\t\t.fb_iframe_widget_fluid_desktop iframe {\n\t\t\t    width: 100% !important;\n\t\t\t}\n\t\t  <\/style>\n\t\t  ","protected":false},"excerpt":{"rendered":"<p>(www.eloriente.net, M\u00e9xico, 3 de enero de 2019, por Luis Alberto Osorio Ochoa).- Natalia Cruz, int\u00e9rprete de m\u00fasica tradicional del Istmo de Tehuantepec, Oaxaca, se present\u00f3 en el Teatro Macedonio Alcal\u00e1 durante el concierto por el 150 aniversario de la Banda de M\u00fasica del Estado de Oaxaca, el pasado 26 de octubre de 2019. Detr\u00e1s de [&hellip;]<\/p>\n","protected":false},"author":48,"featured_media":55513,"comment_status":"open","ping_status":"open","sticky":false,"template":"","format":"standard","meta":{"_jetpack_memberships_contains_paid_content":false,"footnotes":""},"categories":[5,10504,83,31,12],"tags":[7027,9969,149,8363,73],"class_list":["post-55510","post","type-post","status-publish","format-standard","has-post-thumbnail","hentry","category-canal-3-musica","category-las-ultimas-12","category-musica-de-oaxaca","category-principal","category-todo-oaxaca-radio","tag-chu-rasgado","tag-eustaquio-jimenez-giron","tag-musica","tag-natalia-cruz","tag-oaxaca"],"jetpack_featured_media_url":"https:\/\/www.eloriente.net\/home\/wp-content\/uploads\/2019\/01\/Captura_de_pantalla_2018-10-28_a_la_s__11.12-e1546547633828.jpg","jetpack_sharing_enabled":true,"_links":{"self":[{"href":"https:\/\/www.eloriente.net\/home\/wp-json\/wp\/v2\/posts\/55510"}],"collection":[{"href":"https:\/\/www.eloriente.net\/home\/wp-json\/wp\/v2\/posts"}],"about":[{"href":"https:\/\/www.eloriente.net\/home\/wp-json\/wp\/v2\/types\/post"}],"author":[{"embeddable":true,"href":"https:\/\/www.eloriente.net\/home\/wp-json\/wp\/v2\/users\/48"}],"replies":[{"embeddable":true,"href":"https:\/\/www.eloriente.net\/home\/wp-json\/wp\/v2\/comments?post=55510"}],"version-history":[{"count":1,"href":"https:\/\/www.eloriente.net\/home\/wp-json\/wp\/v2\/posts\/55510\/revisions"}],"predecessor-version":[{"id":55512,"href":"https:\/\/www.eloriente.net\/home\/wp-json\/wp\/v2\/posts\/55510\/revisions\/55512"}],"wp:featuredmedia":[{"embeddable":true,"href":"https:\/\/www.eloriente.net\/home\/wp-json\/wp\/v2\/media\/55513"}],"wp:attachment":[{"href":"https:\/\/www.eloriente.net\/home\/wp-json\/wp\/v2\/media?parent=55510"}],"wp:term":[{"taxonomy":"category","embeddable":true,"href":"https:\/\/www.eloriente.net\/home\/wp-json\/wp\/v2\/categories?post=55510"},{"taxonomy":"post_tag","embeddable":true,"href":"https:\/\/www.eloriente.net\/home\/wp-json\/wp\/v2\/tags?post=55510"}],"curies":[{"name":"wp","href":"https:\/\/api.w.org\/{rel}","templated":true}]}}