{"id":55665,"date":"2019-01-20T07:59:17","date_gmt":"2019-01-20T13:59:17","guid":{"rendered":"http:\/\/www.eloriente.net\/home\/?p=55665"},"modified":"2019-01-26T14:10:59","modified_gmt":"2019-01-26T20:10:59","slug":"videocolumna-el-casa-de-san-agustin-destino-cultural-por-juan-antonio-gomez","status":"publish","type":"post","link":"https:\/\/www.eloriente.net\/home\/2019\/01\/20\/videocolumna-el-casa-de-san-agustin-destino-cultural-por-juan-antonio-gomez\/","title":{"rendered":"VIDEOCOLUMNA: EL CaSa de San Agust\u00edn destino cultural, por Juan Antonio G\u00f3mez"},"content":{"rendered":"<p>(www.eloriente.net, M\u00e9xico, 19 de enero de 1029, por <a href=\"https:\/\/twitter.com\/LuisOsorio8a\">Luis Alberto Osorio Ochoa<\/a>).- El <a href=\"http:\/\/www.eloriente.net\/home\/2018\/12\/29\/5-lugares-para-disfrutar-tus-dias-libres-en-oaxaca\/\">Centro de las Artes de San Agust\u00edn<\/a> mejor conocido como el \u201cCaSa\u201d es uno de los principales puntos de concentraci\u00f3n que favorecen el arte y la cultura del estado de Oaxaca. Esta semana, <a href=\"http:\/\/www.eloriente.net\/home\/category\/videoblogs\/juan-antonio-gomez\/\">Juan Antonio G\u00f3mez<\/a> hace un an\u00e1lisis de su establecimiento como destino especial para el turismo \u00fanico en el mundo.<\/p>\n<p><iframe loading=\"lazy\" src=\"https:\/\/www.youtube.com\/embed\/Crs7S-0Vpds\" width=\"560\" height=\"315\" frameborder=\"0\" allowfullscreen=\"allowfullscreen\"><\/iframe><\/p>\n<h3><script src=\"\/\/pagead2googlesyndication.com\/pagead\/js\/adsbygoogle.js\" async=\"\"><\/script><!-- BANNER ELORIENTE INCRUSTADO NOTAS --> <ins class=\"adsbygoogle\" style=\"display: inline-block; width: 300px; height: 250px;\" data-ad-client=\"ca-pub-1136171134853753\" data-ad-slot=\"7974633627\"><\/ins><script>\/\/ <![CDATA[ (adsbygoogle = window.adsbygoogle || []).push({}); \/\/ ]]><\/script><\/h3>\n<h3>Juan Antonio G\u00f3mez C\u00e1rdenas<\/h3>\n<p>Es Licenciado en Turismo por la Universidad de Guadalajara. Cuenta tambi\u00e9n con una Maestr\u00eda en Educaci\u00f3n por el Instituto Tecnol\u00f3gico de Estudios Superiores de Monterrey.<\/p>\n<p>Fue Jefe del Departamento de Capacitaci\u00f3n y Desarrollo Tur\u00edstico de la Secretaria de Turismo del H. Ayuntamiento de Oaxaca de Ju\u00e1rez. Actualmente es Presidente de la Asociaci\u00f3n Mexicana de Profesionistas y T\u00e9cnicos en Turismo A.C. Oaxaca.<\/p>\n<p><a href=\"http:\/\/www.eloriente.net\/home\/wp-content\/uploads\/2019\/01\/Videocolumna-Juan-A.jpg\"><img loading=\"lazy\" decoding=\"async\" class=\"alignnone  wp-image-55594\" src=\"http:\/\/www.eloriente.net\/home\/wp-content\/uploads\/2019\/01\/Videocolumna-Juan-A-1024x576.jpg\" alt=\"\" width=\"549\" height=\"309\" srcset=\"https:\/\/www.eloriente.net\/home\/wp-content\/uploads\/2019\/01\/Videocolumna-Juan-A-1024x576.jpg 1024w, https:\/\/www.eloriente.net\/home\/wp-content\/uploads\/2019\/01\/Videocolumna-Juan-A-300x169.jpg 300w, https:\/\/www.eloriente.net\/home\/wp-content\/uploads\/2019\/01\/Videocolumna-Juan-A-768x432.jpg 768w, https:\/\/www.eloriente.net\/home\/wp-content\/uploads\/2019\/01\/Videocolumna-Juan-A.jpg 1920w\" sizes=\"(max-width: 549px) 100vw, 549px\" \/><\/a><\/p>\n<p>&nbsp;<\/p>\n<p><script async src=\"\/\/pagead2.googlesyndication.com\/pagead\/js\/adsbygoogle.js\"><\/script><br \/>\n<ins class=\"adsbygoogle\" style=\"display: block;\" data-ad-format=\"autorelaxed\" data-ad-client=\"ca-pub-1136171134853753\" data-ad-slot=\"4595267748\"><\/ins><br \/>\n<script>\n     (adsbygoogle = window.adsbygoogle || []).push({});\n<\/script><\/p>\n\n\t\t\t  <div \n\t\t\t  \tclass = \"fb-comments\" \n\t\t\t  \tdata-href = \"https:\/\/www.eloriente.net\/home\/2019\/01\/20\/videocolumna-el-casa-de-san-agustin-destino-cultural-por-juan-antonio-gomez\/\"\n\t\t\t  \tdata-numposts = \"10\"\n\t\t\t\tdata-colorscheme = \"dark\"\n\t\t\t\tdata-order-by = \"social\"\n\t\t\t\tdata-mobile=true>\n\t\t\t  <\/div>\n\t\t  <style>\n\t\t\t.fb_iframe_widget_fluid_desktop iframe {\n\t\t\t    width: 100% !important;\n\t\t\t}\n\t\t  <\/style>\n\t\t  ","protected":false},"excerpt":{"rendered":"<p>(www.eloriente.net, M\u00e9xico, 19 de enero de 1029, por Luis Alberto Osorio Ochoa).- El Centro de las Artes de San Agust\u00edn mejor conocido como el \u201cCaSa\u201d es uno de los principales puntos de concentraci\u00f3n que favorecen el arte y la cultura del estado de Oaxaca. Esta semana, Juan Antonio G\u00f3mez hace un an\u00e1lisis de su establecimiento [&hellip;]<\/p>\n","protected":false},"author":48,"featured_media":55595,"comment_status":"open","ping_status":"open","sticky":false,"template":"","format":"standard","meta":{"_jetpack_memberships_contains_paid_content":false,"footnotes":""},"categories":[18,7858,464,31,19,98],"tags":[1203,6264,10024,73,109,6224],"class_list":["post-55665","post","type-post","status-publish","format-standard","has-post-thumbnail","hentry","category-educacion-y-cultura","category-juan-antonio-gomez","category-oaxaca-estados","category-principal","category-turismo-y-negocios","category-videoblogs","tag-casa","tag-centro-de-las-artes-de-san-agustin","tag-destino-cultural","tag-oaxaca","tag-turismo","tag-videocolumna"],"jetpack_featured_media_url":"https:\/\/www.eloriente.net\/home\/wp-content\/uploads\/2019\/01\/Videocolumna-juan-libre-e1547405559186.jpg","jetpack_sharing_enabled":true,"_links":{"self":[{"href":"https:\/\/www.eloriente.net\/home\/wp-json\/wp\/v2\/posts\/55665"}],"collection":[{"href":"https:\/\/www.eloriente.net\/home\/wp-json\/wp\/v2\/posts"}],"about":[{"href":"https:\/\/www.eloriente.net\/home\/wp-json\/wp\/v2\/types\/post"}],"author":[{"embeddable":true,"href":"https:\/\/www.eloriente.net\/home\/wp-json\/wp\/v2\/users\/48"}],"replies":[{"embeddable":true,"href":"https:\/\/www.eloriente.net\/home\/wp-json\/wp\/v2\/comments?post=55665"}],"version-history":[{"count":2,"href":"https:\/\/www.eloriente.net\/home\/wp-json\/wp\/v2\/posts\/55665\/revisions"}],"predecessor-version":[{"id":55782,"href":"https:\/\/www.eloriente.net\/home\/wp-json\/wp\/v2\/posts\/55665\/revisions\/55782"}],"wp:featuredmedia":[{"embeddable":true,"href":"https:\/\/www.eloriente.net\/home\/wp-json\/wp\/v2\/media\/55595"}],"wp:attachment":[{"href":"https:\/\/www.eloriente.net\/home\/wp-json\/wp\/v2\/media?parent=55665"}],"wp:term":[{"taxonomy":"category","embeddable":true,"href":"https:\/\/www.eloriente.net\/home\/wp-json\/wp\/v2\/categories?post=55665"},{"taxonomy":"post_tag","embeddable":true,"href":"https:\/\/www.eloriente.net\/home\/wp-json\/wp\/v2\/tags?post=55665"}],"curies":[{"name":"wp","href":"https:\/\/api.w.org\/{rel}","templated":true}]}}