{"id":55667,"date":"2019-01-20T19:53:45","date_gmt":"2019-01-21T01:53:45","guid":{"rendered":"http:\/\/www.eloriente.net\/home\/?p=55667"},"modified":"2019-01-21T17:19:30","modified_gmt":"2019-01-21T23:19:30","slug":"elisa-carrillo-recibira-el-alma-de-la-danza","status":"publish","type":"post","link":"https:\/\/www.eloriente.net\/home\/2019\/01\/20\/elisa-carrillo-recibira-el-alma-de-la-danza\/","title":{"rendered":"Elisa Carrillo recibir\u00e1 el \u201cAlma de la danza\u201d"},"content":{"rendered":"<p style=\"text-align: right;\"><em>Este premio es el m\u00e1s importante de Rusia y reconoce lo m\u00e1s destacado de la danza cl\u00e1sica<\/em><\/p>\n<p>&nbsp;<\/p>\n<p>(www.eloriente.net, M\u00e9xico, 20 de enero de 2019 por <a href=\"http:\/\/noticias.canal22.org.mx\">N22<\/a>). \u2013 Elisa Carrillo, \u201cprima ballerina\u201d del Ballet Estatal de Berl\u00edn ser\u00e1 reconocida con el premio \u201cAlma de la danza\u201d que otorgan la revista\u00a0<em>Ballet<\/em>\u00a0y el Ministerio de Cultura de la Federaci\u00f3n Rusa por su labor de \u201cpromoci\u00f3n del patrimonio cl\u00e1sico en el mundo\u201d.<\/p>\n<p>Este premio, dijo la revista en un comunicado, rara vez se da a una extranjera, pero ser\u00e1 el 30 de abril, un d\u00eda despu\u00e9s de que se celebre el D\u00eda Internacional de la Danza, cuando la primera bailarina recibir\u00e1 el galard\u00f3n en el Teatro Musical Acad\u00e9mico de Mosc\u00fa Stanislavski y Nemirovich-Danchenko.<\/p>\n<figure id=\"attachment_55669\" aria-describedby=\"caption-attachment-55669\" style=\"width: 550px\" class=\"wp-caption alignnone\"><a href=\"http:\/\/www.eloriente.net\/home\/wp-content\/uploads\/2019\/01\/elisa-1.jpg\"><img loading=\"lazy\" decoding=\"async\" class=\" wp-image-55669\" src=\"http:\/\/www.eloriente.net\/home\/wp-content\/uploads\/2019\/01\/elisa-1.jpg\" alt=\"\" width=\"550\" height=\"312\" srcset=\"https:\/\/www.eloriente.net\/home\/wp-content\/uploads\/2019\/01\/elisa-1.jpg 930w, https:\/\/www.eloriente.net\/home\/wp-content\/uploads\/2019\/01\/elisa-1-300x170.jpg 300w, https:\/\/www.eloriente.net\/home\/wp-content\/uploads\/2019\/01\/elisa-1-768x435.jpg 768w\" sizes=\"(max-width: 550px) 100vw, 550px\" \/><\/a><figcaption id=\"caption-attachment-55669\" class=\"wp-caption-text\">Elisa Carrillo, embajadora de la Cultura de M\u00e9xico.<\/figcaption><\/figure>\n<p>Carrillo es Embajadora de la Cultura de M\u00e9xico desde 2010, tambi\u00e9n forma parte del Consejo Nacional de Danza de la Organizaci\u00f3n de las Naciones Unidas para la Educaci\u00f3n, la Ciencia y la Cultura.<\/p>\n<p>En 2013 cre\u00f3 la Fundaci\u00f3n Elisa Carrillo Cabrera A.C. dedicada a difundir, promover y desarrollar en M\u00e9xico las artes, espec\u00edficamente la formaci\u00f3n de j\u00f3venes bailarines. Desde el 2007 es parte del Staatsballett Berlin y en 2011 alcanza el lugar de \u201cprimera bailarina\u201d.<\/p>\n<p><iframe loading=\"lazy\" width=\"450\" height=\"315\" src=\"https:\/\/www.youtube.com\/embed\/Kwv9_sbok8U\" frameborder=\"0\" allow=\"accelerometer; autoplay; encrypted-media; gyroscope; picture-in-picture\" allowfullscreen><\/iframe><\/p>\n<p><script async src=\"\/\/pagead2.googlesyndication.com\/pagead\/js\/adsbygoogle.js\"><\/script> <ins class=\"adsbygoogle\" style=\"display: block; text-align: center;\" data-ad-layout=\"in-article\" data-ad-format=\"fluid\" data-ad-client=\"ca-pub-1136171134853753\" data-ad-slot=\"7980763077\"><\/ins> <script> (adsbygoogle = window.adsbygoogle || []).push({}); <\/script><\/p>\n<p>&nbsp;<\/p>\n<p><iframe loading=\"lazy\" src=\"https:\/\/www.youtube.com\/embed\/tRJxz9G_wrs\" width=\"450\" height=\"315\" frameborder=\"0\" allowfullscreen=\"allowfullscreen\"><\/iframe><\/p>\n<p><iframe loading=\"lazy\" width=\"450\" height=\"315\" src=\"https:\/\/www.youtube.com\/embed\/chcyUZLnGqk\" frameborder=\"0\" allow=\"accelerometer; autoplay; encrypted-media; gyroscope; picture-in-picture\" allowfullscreen><\/iframe><\/p>\n<p><script async src=\"\/\/pagead2.googlesyndication.com\/pagead\/js\/adsbygoogle.js\"><\/script><br \/>\n<ins class=\"adsbygoogle\" style=\"display: block;\" data-ad-format=\"autorelaxed\" data-ad-client=\"ca-pub-1136171134853753\" data-ad-slot=\"4595267748\"><\/ins><br \/>\n<script>\n\u00a0\u00a0\u00a0\u00a0\u00a0(adsbygoogle\u00a0=\u00a0window.adsbygoogle\u00a0||\u00a0[]).push({});\n<\/script><\/p>\n\n\t\t\t  <div \n\t\t\t  \tclass = \"fb-comments\" \n\t\t\t  \tdata-href = \"https:\/\/www.eloriente.net\/home\/2019\/01\/20\/elisa-carrillo-recibira-el-alma-de-la-danza\/\"\n\t\t\t  \tdata-numposts = \"10\"\n\t\t\t\tdata-colorscheme = \"dark\"\n\t\t\t\tdata-order-by = \"social\"\n\t\t\t\tdata-mobile=true>\n\t\t\t  <\/div>\n\t\t  <style>\n\t\t\t.fb_iframe_widget_fluid_desktop iframe {\n\t\t\t    width: 100% !important;\n\t\t\t}\n\t\t  <\/style>\n\t\t  ","protected":false},"excerpt":{"rendered":"<p>Este premio es el m\u00e1s importante de Rusia y reconoce lo m\u00e1s destacado de la danza cl\u00e1sica &nbsp; (www.eloriente.net, M\u00e9xico, 20 de enero de 2019 por N22). \u2013 Elisa Carrillo, \u201cprima ballerina\u201d del Ballet Estatal de Berl\u00edn ser\u00e1 reconocida con el premio \u201cAlma de la danza\u201d que otorgan la revista\u00a0Ballet\u00a0y el Ministerio de Cultura de [&hellip;]<\/p>\n","protected":false},"author":48,"featured_media":55668,"comment_status":"open","ping_status":"open","sticky":false,"template":"","format":"standard","meta":{"_jetpack_memberships_contains_paid_content":false,"footnotes":""},"categories":[10,24,31],"tags":[10027,434,437,10025,4549,10026],"class_list":["post-55667","post","type-post","status-publish","format-standard","has-post-thumbnail","hentry","category-lo-mas-reciente","category-mexico-y-el-mundo","category-principal","tag-bailarina","tag-ballet","tag-danza","tag-elisa-carrillo","tag-mexicana","tag-premio-alma-de-la-danza"],"jetpack_featured_media_url":"https:\/\/www.eloriente.net\/home\/wp-content\/uploads\/2019\/01\/elisa-e1548035267400.jpg","jetpack_sharing_enabled":true,"_links":{"self":[{"href":"https:\/\/www.eloriente.net\/home\/wp-json\/wp\/v2\/posts\/55667"}],"collection":[{"href":"https:\/\/www.eloriente.net\/home\/wp-json\/wp\/v2\/posts"}],"about":[{"href":"https:\/\/www.eloriente.net\/home\/wp-json\/wp\/v2\/types\/post"}],"author":[{"embeddable":true,"href":"https:\/\/www.eloriente.net\/home\/wp-json\/wp\/v2\/users\/48"}],"replies":[{"embeddable":true,"href":"https:\/\/www.eloriente.net\/home\/wp-json\/wp\/v2\/comments?post=55667"}],"version-history":[{"count":4,"href":"https:\/\/www.eloriente.net\/home\/wp-json\/wp\/v2\/posts\/55667\/revisions"}],"predecessor-version":[{"id":55682,"href":"https:\/\/www.eloriente.net\/home\/wp-json\/wp\/v2\/posts\/55667\/revisions\/55682"}],"wp:featuredmedia":[{"embeddable":true,"href":"https:\/\/www.eloriente.net\/home\/wp-json\/wp\/v2\/media\/55668"}],"wp:attachment":[{"href":"https:\/\/www.eloriente.net\/home\/wp-json\/wp\/v2\/media?parent=55667"}],"wp:term":[{"taxonomy":"category","embeddable":true,"href":"https:\/\/www.eloriente.net\/home\/wp-json\/wp\/v2\/categories?post=55667"},{"taxonomy":"post_tag","embeddable":true,"href":"https:\/\/www.eloriente.net\/home\/wp-json\/wp\/v2\/tags?post=55667"}],"curies":[{"name":"wp","href":"https:\/\/api.w.org\/{rel}","templated":true}]}}