{"id":55753,"date":"2019-01-25T13:29:05","date_gmt":"2019-01-25T19:29:05","guid":{"rendered":"http:\/\/www.eloriente.net\/home\/?p=55753"},"modified":"2019-01-31T14:05:14","modified_gmt":"2019-01-31T20:05:14","slug":"beek-en-el-oriente-novelas-clasicas-en-audiolibros","status":"publish","type":"post","link":"https:\/\/www.eloriente.net\/home\/2019\/01\/25\/beek-en-el-oriente-novelas-clasicas-en-audiolibros\/","title":{"rendered":"Beek en El Oriente: Novelas cl\u00e1sicas en audiolibros"},"content":{"rendered":"<p class=\"normal\"><span lang=\"EN\" style=\"font-size: 12.0pt; line-height: 115%;\">(www.eloriente.net, M\u00e9xico, 25 de enero de 2019, por <a href=\"https:\/\/www.beek.io\/\">beek<\/a>).- Si eres un aficionado de la lectura, esta lista de novelas cl\u00e1sicas en formato audiolibro te encantar\u00e1. Audiolibros que son considerados joyas de la literatura universal, t\u00edtulos cl\u00e1sicos que est\u00e1n en todas las bibliotecas y lugares de anta\u00f1o. Si no has le\u00eddo alguno, esta es la oportunidad, con su versi\u00f3n en audio los podr\u00e1s disfrutar en cualquier momento del d\u00eda, en cualquier lugar. <\/span><\/p>\n<h3 class=\"normal\"><span lang=\"EN\"><a href=\"https:\/\/www.beek.io\/libros\/romeo-y-julieta-18800624-0905-4f93-a6ed-3266f619e0f5?utm_source=affiliate&amp;utm_campaign=eloriente\" target=\"_blank\" rel=\"noopener\"><span style=\"font-size: 12.0pt; line-height: 115%; color: #1155cc;\">Romeo y Julieta de William Shakespeare<\/span><\/a><\/span><\/h3>\n<figure id=\"attachment_55754\" aria-describedby=\"caption-attachment-55754\" style=\"width: 548px\" class=\"wp-caption alignnone\"><a href=\"http:\/\/www.eloriente.net\/home\/wp-content\/uploads\/2019\/01\/Captura-de-pantalla-2019-01-25-a-las-13.06.52.png\"><img loading=\"lazy\" decoding=\"async\" class=\" wp-image-55754\" src=\"http:\/\/www.eloriente.net\/home\/wp-content\/uploads\/2019\/01\/Captura-de-pantalla-2019-01-25-a-las-13.06.52-1024x394.png\" alt=\"\" width=\"548\" height=\"211\" srcset=\"https:\/\/www.eloriente.net\/home\/wp-content\/uploads\/2019\/01\/Captura-de-pantalla-2019-01-25-a-las-13.06.52-1024x394.png 1024w, https:\/\/www.eloriente.net\/home\/wp-content\/uploads\/2019\/01\/Captura-de-pantalla-2019-01-25-a-las-13.06.52-300x115.png 300w, https:\/\/www.eloriente.net\/home\/wp-content\/uploads\/2019\/01\/Captura-de-pantalla-2019-01-25-a-las-13.06.52-768x295.png 768w\" sizes=\"(max-width: 548px) 100vw, 548px\" \/><\/a><figcaption id=\"caption-attachment-55754\" class=\"wp-caption-text\">Beek.io<\/figcaption><\/figure>\n<p>La historia narra el amor prohibido entre dos adolescentes, Romeo Montesco y Julieta Capuleto, miembros de dos familias rivales de Verona, en la Italia del renacimiento. Shakespeare da vida a la historia de estos dos adolescentes, cuya incontenible pasi\u00f3n coloca al amor por encima de la muerte, en el marco dram\u00e1tico y absurdo del odio que se profesan dos familias. La obra, que fascin\u00f3 a lectores de todas las \u00e9pocas, emociona profundamente en esta nueva versi\u00f3n.<\/p>\n<p><script src=\"\/\/pagead2googlesyndication.com\/pagead\/js\/adsbygoogle.js\" async=\"\"><\/script><!-- BANNER ELORIENTE INCRUSTADO NOTAS --> <ins class=\"adsbygoogle\" style=\"display: inline-block; width: 300px; height: 250px;\" data-ad-client=\"ca-pub-1136171134853753\" data-ad-slot=\"7974633627\"><\/ins><script>\/\/ <![CDATA[ (adsbygoogle = window.adsbygoogle || []).push({}); \/\/ ]]><\/script><\/p>\n<p>&nbsp;<\/p>\n<h3><a href=\"https:\/\/www.beek.io\/libros\/los-miserables-8dd6d00e-972e-48e5-b813-183bea6a9680?utm_source=affiliate&amp;utm_campaign=eloriente\" target=\"_blank\" rel=\"noopener\">Los Miserables de Victor Hugo<\/a><\/h3>\n<figure id=\"attachment_55755\" aria-describedby=\"caption-attachment-55755\" style=\"width: 550px\" class=\"wp-caption alignnone\"><a href=\"http:\/\/www.eloriente.net\/home\/wp-content\/uploads\/2019\/01\/Captura-de-pantalla-2019-01-25-a-las-13.07.04.png\"><img loading=\"lazy\" decoding=\"async\" class=\" wp-image-55755\" src=\"http:\/\/www.eloriente.net\/home\/wp-content\/uploads\/2019\/01\/Captura-de-pantalla-2019-01-25-a-las-13.07.04-1024x395.png\" alt=\"\" width=\"550\" height=\"212\" srcset=\"https:\/\/www.eloriente.net\/home\/wp-content\/uploads\/2019\/01\/Captura-de-pantalla-2019-01-25-a-las-13.07.04-1024x395.png 1024w, https:\/\/www.eloriente.net\/home\/wp-content\/uploads\/2019\/01\/Captura-de-pantalla-2019-01-25-a-las-13.07.04-300x116.png 300w, https:\/\/www.eloriente.net\/home\/wp-content\/uploads\/2019\/01\/Captura-de-pantalla-2019-01-25-a-las-13.07.04-768x296.png 768w\" sizes=\"(max-width: 550px) 100vw, 550px\" \/><\/a><figcaption id=\"caption-attachment-55755\" class=\"wp-caption-text\">Beek.io<\/figcaption><\/figure>\n<p class=\"normal\"><span lang=\"EN\" style=\"font-size: 12.0pt; line-height: 115%;\">Jan Valjean, que despu\u00e9s de ir a la c\u00e1rcel por robar un pedazo de pan, es inmisericordemente perseguido por un agente de la autoridad, Valjean, que trata de mostrar que el pasado ha convertido al hombre en un criminal.<\/span><\/p>\n<p class=\"normal\"><span lang=\"EN\" style=\"font-size: 12.0pt; line-height: 115%;\">\u00a0<\/span><\/p>\n<h3 class=\"normal\"><span lang=\"EN\"><a href=\"https:\/\/www.beek.io\/libros\/el-retrato-de-dorian-gray-d854a6cd-1204-43aa-b425-c6df79befeb6?utm_source=affiliate&amp;utm_campaign=eloriente\" target=\"_blank\" rel=\"noopener\"><span style=\"font-size: 12.0pt; line-height: 115%; color: #1155cc;\">El retrato de Dorian Gray de Oscar Wilde<\/span><\/a><\/span><\/h3>\n<figure id=\"attachment_55756\" aria-describedby=\"caption-attachment-55756\" style=\"width: 548px\" class=\"wp-caption alignnone\"><a href=\"http:\/\/www.eloriente.net\/home\/wp-content\/uploads\/2019\/01\/Captura-de-pantalla-2019-01-25-a-las-13.07.15.png\"><img loading=\"lazy\" decoding=\"async\" class=\" wp-image-55756\" src=\"http:\/\/www.eloriente.net\/home\/wp-content\/uploads\/2019\/01\/Captura-de-pantalla-2019-01-25-a-las-13.07.15-1024x394.png\" alt=\"\" width=\"548\" height=\"211\" srcset=\"https:\/\/www.eloriente.net\/home\/wp-content\/uploads\/2019\/01\/Captura-de-pantalla-2019-01-25-a-las-13.07.15-1024x394.png 1024w, https:\/\/www.eloriente.net\/home\/wp-content\/uploads\/2019\/01\/Captura-de-pantalla-2019-01-25-a-las-13.07.15-300x116.png 300w, https:\/\/www.eloriente.net\/home\/wp-content\/uploads\/2019\/01\/Captura-de-pantalla-2019-01-25-a-las-13.07.15-768x296.png 768w\" sizes=\"(max-width: 548px) 100vw, 548px\" \/><\/a><figcaption id=\"caption-attachment-55756\" class=\"wp-caption-text\">Beek.io<\/figcaption><\/figure>\n<p>Dorian es un joven muy atractivo y refinado a quien su amigo y pintor, Basil, retrata en un cuadro. Lord Henry, otro joven, amigo de los dos, asegura que el cuadro es el mejor que ha pintado Basil, ya que ha sido capaz de plasmar a la perfecci\u00f3n la juventud y lozan\u00eda de la belleza de Dorian. Al ver ese perfecto reflejo de s\u00ed mismo en el cuadro, Dorian siente p\u00e1nico de perder esa belleza y juventud, que sabe que inevitablemente se ir\u00e1n marchitando con el implacable devenir del tiempo. Dorian se enamora de Sibyl, una jovenc\u00edsima e inocente actriz que cada noche le fascina m\u00e1s con su arte. El hermano de Sibyl, antes de viajar a Australia, advierte a todos que si alguien le hace da\u00f1o a su hermana, le matar\u00e1.<\/p>\n<p>&nbsp;<\/p>\n<h3><a href=\"https:\/\/www.beek.io\/libros\/el-viejo-y-el-mar-8f1be59c-0962-4642-90e1-482d07aec507?utm_source=affiliate&amp;utm_campaign=eloriente\" target=\"_blank\" rel=\"noopener\">El viejo y el mar de <\/a><a href=\"https:\/\/www.beek.io\/libros\/el-viejo-y-el-mar-8f1be59c-0962-4642-90e1-482d07aec507?utm_source=affiliate&amp;utm_campaign=eloriente\">Ernest Hemingway<\/a><\/h3>\n<figure id=\"attachment_55757\" aria-describedby=\"caption-attachment-55757\" style=\"width: 548px\" class=\"wp-caption alignnone\"><a href=\"http:\/\/www.eloriente.net\/home\/wp-content\/uploads\/2019\/01\/Captura-de-pantalla-2019-01-25-a-las-13.07.25.png\"><img loading=\"lazy\" decoding=\"async\" class=\" wp-image-55757\" src=\"http:\/\/www.eloriente.net\/home\/wp-content\/uploads\/2019\/01\/Captura-de-pantalla-2019-01-25-a-las-13.07.25-1024x394.png\" alt=\"\" width=\"548\" height=\"211\" srcset=\"https:\/\/www.eloriente.net\/home\/wp-content\/uploads\/2019\/01\/Captura-de-pantalla-2019-01-25-a-las-13.07.25-1024x394.png 1024w, https:\/\/www.eloriente.net\/home\/wp-content\/uploads\/2019\/01\/Captura-de-pantalla-2019-01-25-a-las-13.07.25-300x116.png 300w, https:\/\/www.eloriente.net\/home\/wp-content\/uploads\/2019\/01\/Captura-de-pantalla-2019-01-25-a-las-13.07.25-768x296.png 768w\" sizes=\"(max-width: 548px) 100vw, 548px\" \/><\/a><figcaption id=\"caption-attachment-55757\" class=\"wp-caption-text\">Beek.io<\/figcaption><\/figure>\n<p>Santiago es un viejo pescador cubano que ya lleva ochenta y cuatro d\u00edas sin coger un solo pescado. S\u00f3lo tiene un amigo, el joven Manolin su aprendiz, a quien sus padres sin embargo fuerzan a que dejen de ir con el viejo Santiago porque dicen: ya no tiene suerte.Sin embargo Manolin sigue ayudando a su amigo Santiago todos los d\u00edas cuando llega de su infructuosa pesca.En el d\u00eda que hace ochenta y cinco Santiago sale con su peque\u00f1o esquife y se adentra en el mar, alej\u00e1ndose de las aguas costeras. Entrando ya en la corriente del Golfo, prepara los sedales y tras haber conseguido carnaza los deja que desciendan casi cien brazas. A mediod\u00eda siente que ha picado un gran pez y est\u00e1 seguro de que es un hermoso pez espada. Usando de la experiencia de toda una vida comienza una lucha entre Santiago y el pez que dura cerca de tres d\u00edas.Santiago es la personificaci\u00f3n de la lucha contra el fracaso. Nunca se da por vencido. Deber\u00edamos aprender de \u00e9l.<\/p>\n<p><script async src=\"\/\/pagead2.googlesyndication.com\/pagead\/js\/adsbygoogle.js\"><\/script> <ins class=\"adsbygoogle\" style=\"display: block; text-align: center;\" data-ad-layout=\"in-article\" data-ad-format=\"fluid\" data-ad-client=\"ca-pub-1136171134853753\" data-ad-slot=\"7980763077\"><\/ins> <script> (adsbygoogle = window.adsbygoogle || []).push({}); <\/script><\/p>\n<p>&nbsp;<\/p>\n<h3><a href=\"https:\/\/www.beek.io\/libros\/el-principe-y-el-mendigo-adff6808-66ed-4616-82f1-ceb3c1e881f0?utm_source=affiliate&amp;utm_campaign=eloriente\" target=\"_blank\" rel=\"noopener\">El Pr\u00edncipe Y El Mendigo de <\/a><a href=\"https:\/\/www.beek.io\/libros\/el-principe-y-el-mendigo-adff6808-66ed-4616-82f1-ceb3c1e881f0?utm_source=affiliate&amp;utm_campaign=eloriente\">Mark Twain<\/a><\/h3>\n<figure id=\"attachment_55758\" aria-describedby=\"caption-attachment-55758\" style=\"width: 550px\" class=\"wp-caption alignnone\"><a href=\"http:\/\/www.eloriente.net\/home\/wp-content\/uploads\/2019\/01\/Captura-de-pantalla-2019-01-25-a-las-13.07.36.png\"><img loading=\"lazy\" decoding=\"async\" class=\" wp-image-55758\" src=\"http:\/\/www.eloriente.net\/home\/wp-content\/uploads\/2019\/01\/Captura-de-pantalla-2019-01-25-a-las-13.07.36-1024x393.png\" alt=\"\" width=\"550\" height=\"211\" srcset=\"https:\/\/www.eloriente.net\/home\/wp-content\/uploads\/2019\/01\/Captura-de-pantalla-2019-01-25-a-las-13.07.36-1024x393.png 1024w, https:\/\/www.eloriente.net\/home\/wp-content\/uploads\/2019\/01\/Captura-de-pantalla-2019-01-25-a-las-13.07.36-300x115.png 300w, https:\/\/www.eloriente.net\/home\/wp-content\/uploads\/2019\/01\/Captura-de-pantalla-2019-01-25-a-las-13.07.36-768x295.png 768w\" sizes=\"(max-width: 550px) 100vw, 550px\" \/><\/a><figcaption id=\"caption-attachment-55758\" class=\"wp-caption-text\">Beek.io<\/figcaption><\/figure>\n<p>Una novela sobre hipocres\u00eda social e injusticia. El incre\u00edble parecido entre el heredero de la corona inglesa y un mendigo, permite que por un azar del destino, al encontrarse los ni\u00f1os de dos mundos tan opuestos, el pr\u00edncipe pueda cumplir con su deseo de ver c\u00f3mo vive y sufre la otra mitad, mientras que el mendigo se ve inesperadamente envuelto en las intrigas palaciegas. Esta es la base del apasionante relato de Mark Twain, llevado en varias oportunidades al cine y que es una novela que en el fondo es un ataque a la hipocres\u00eda social y la injusticia, llena de episodios de aventuras que se suceden el uno al otro, todo con la maestr\u00eda del autor, quien quiso mostrar que era capaz de escribir sobre temas diferentes de los del pueblo americano y logr\u00f3 as\u00ed un incre\u00edble relato, que tiene suspenso, ternura y un acertado retrato de una \u00e9poca tempestuosa dentro del imperio brit\u00e1nico.<\/p>\n<p>&nbsp;<\/p>\n<h3><a href=\"https:\/\/www.beek.io\/libros\/el-gran-gatsby-02956038-b83f-4e5b-9d88-7dc016829533?utm_source=affiliate&amp;utm_campaign=eloriente\" target=\"_blank\" rel=\"noopener\">El Gran Gatsby de <\/a><a href=\"https:\/\/www.beek.io\/libros\/el-gran-gatsby-02956038-b83f-4e5b-9d88-7dc016829533?utm_source=affiliate&amp;utm_campaign=eloriente\">F. Scott Fitzgerald<\/a><\/h3>\n<figure id=\"attachment_55759\" aria-describedby=\"caption-attachment-55759\" style=\"width: 548px\" class=\"wp-caption alignnone\"><a href=\"http:\/\/www.eloriente.net\/home\/wp-content\/uploads\/2019\/01\/Captura-de-pantalla-2019-01-25-a-las-13.07.47.png\"><img loading=\"lazy\" decoding=\"async\" class=\" wp-image-55759\" src=\"http:\/\/www.eloriente.net\/home\/wp-content\/uploads\/2019\/01\/Captura-de-pantalla-2019-01-25-a-las-13.07.47-1024x394.png\" alt=\"\" width=\"548\" height=\"211\" srcset=\"https:\/\/www.eloriente.net\/home\/wp-content\/uploads\/2019\/01\/Captura-de-pantalla-2019-01-25-a-las-13.07.47-1024x394.png 1024w, https:\/\/www.eloriente.net\/home\/wp-content\/uploads\/2019\/01\/Captura-de-pantalla-2019-01-25-a-las-13.07.47-300x116.png 300w, https:\/\/www.eloriente.net\/home\/wp-content\/uploads\/2019\/01\/Captura-de-pantalla-2019-01-25-a-las-13.07.47-768x296.png 768w\" sizes=\"(max-width: 548px) 100vw, 548px\" \/><\/a><figcaption id=\"caption-attachment-55759\" class=\"wp-caption-text\">Beek.io<\/figcaption><\/figure>\n<p>Cuando F. Scott Fitzgerald escribi\u00f3 El Gran Gatsby al principio de los a\u00f1os veinte, el sue\u00f1o americano ya estaba en decadencia. Originalmente estaba basado en la idea de que la b\u00fasqueda de la felicidad no solo involucraba el \u00e9xito material sino tambi\u00e9n el crecimiento moral y espiritual. Para el tiempo de Fitzgerald el sue\u00f1o se hab\u00eda enfocado incre\u00edblemente en el dinero y el placer &#8211; un fen\u00f3meno que le era muy familiar al rico escritor.<\/p>\n<p>Disfruta de estos y otros audiolibros cl\u00e1sicos con tu primer mes de prueba gratis en <a href=\"https:\/\/www.beek.io\/audiolibros?utm_source=afiliate&amp;utm_campaign=eloriente\">beek.io<\/a><\/p>\n<p><script async src=\"\/\/pagead2.googlesyndication.com\/pagead\/js\/adsbygoogle.js\"><\/script><br \/>\n<ins class=\"adsbygoogle\" style=\"display: block;\" data-ad-format=\"autorelaxed\" data-ad-client=\"ca-pub-1136171134853753\" data-ad-slot=\"4595267748\"><\/ins><br \/>\n<script>\n     (adsbygoogle = window.adsbygoogle || []).push({});\n<\/script><\/p>\n\n\t\t\t  <div \n\t\t\t  \tclass = \"fb-comments\" \n\t\t\t  \tdata-href = \"https:\/\/www.eloriente.net\/home\/2019\/01\/25\/beek-en-el-oriente-novelas-clasicas-en-audiolibros\/\"\n\t\t\t  \tdata-numposts = \"10\"\n\t\t\t\tdata-colorscheme = \"dark\"\n\t\t\t\tdata-order-by = \"social\"\n\t\t\t\tdata-mobile=true>\n\t\t\t  <\/div>\n\t\t  <style>\n\t\t\t.fb_iframe_widget_fluid_desktop iframe {\n\t\t\t    width: 100% !important;\n\t\t\t}\n\t\t  <\/style>\n\t\t  ","protected":false},"excerpt":{"rendered":"<p>(www.eloriente.net, M\u00e9xico, 25 de enero de 2019, por beek).- Si eres un aficionado de la lectura, esta lista de novelas cl\u00e1sicas en formato audiolibro te encantar\u00e1. Audiolibros que son considerados joyas de la literatura universal, t\u00edtulos cl\u00e1sicos que est\u00e1n en todas las bibliotecas y lugares de anta\u00f1o. Si no has le\u00eddo alguno, esta es la [&hellip;]<\/p>\n","protected":false},"author":48,"featured_media":55756,"comment_status":"open","ping_status":"open","sticky":false,"template":"","format":"standard","meta":{"_jetpack_memberships_contains_paid_content":false,"footnotes":""},"categories":[3,18,32,13,3153,31],"tags":[10060,9340,10062,10063,2101,297,10061,3186],"class_list":["post-55753","post","type-post","status-publish","format-standard","has-post-thumbnail","hentry","category-canal-1-tu-aula","category-educacion-y-cultura","category-entradas","category-especiales","category-letras-educacion-y-cultura","category-principal","tag-audiolibros","tag-beek","tag-beek-en-el-oriente","tag-beek-io","tag-letras","tag-literatura","tag-novela-clasica","tag-novelas"],"jetpack_featured_media_url":"https:\/\/www.eloriente.net\/home\/wp-content\/uploads\/2019\/01\/Captura-de-pantalla-2019-01-25-a-las-13.07.15.png","jetpack_sharing_enabled":true,"_links":{"self":[{"href":"https:\/\/www.eloriente.net\/home\/wp-json\/wp\/v2\/posts\/55753"}],"collection":[{"href":"https:\/\/www.eloriente.net\/home\/wp-json\/wp\/v2\/posts"}],"about":[{"href":"https:\/\/www.eloriente.net\/home\/wp-json\/wp\/v2\/types\/post"}],"author":[{"embeddable":true,"href":"https:\/\/www.eloriente.net\/home\/wp-json\/wp\/v2\/users\/48"}],"replies":[{"embeddable":true,"href":"https:\/\/www.eloriente.net\/home\/wp-json\/wp\/v2\/comments?post=55753"}],"version-history":[{"count":3,"href":"https:\/\/www.eloriente.net\/home\/wp-json\/wp\/v2\/posts\/55753\/revisions"}],"predecessor-version":[{"id":55762,"href":"https:\/\/www.eloriente.net\/home\/wp-json\/wp\/v2\/posts\/55753\/revisions\/55762"}],"wp:featuredmedia":[{"embeddable":true,"href":"https:\/\/www.eloriente.net\/home\/wp-json\/wp\/v2\/media\/55756"}],"wp:attachment":[{"href":"https:\/\/www.eloriente.net\/home\/wp-json\/wp\/v2\/media?parent=55753"}],"wp:term":[{"taxonomy":"category","embeddable":true,"href":"https:\/\/www.eloriente.net\/home\/wp-json\/wp\/v2\/categories?post=55753"},{"taxonomy":"post_tag","embeddable":true,"href":"https:\/\/www.eloriente.net\/home\/wp-json\/wp\/v2\/tags?post=55753"}],"curies":[{"name":"wp","href":"https:\/\/api.w.org\/{rel}","templated":true}]}}