{"id":55763,"date":"2019-01-25T14:19:52","date_gmt":"2019-01-25T20:19:52","guid":{"rendered":"http:\/\/www.eloriente.net\/home\/?p=55763"},"modified":"2019-01-25T14:19:52","modified_gmt":"2019-01-25T20:19:52","slug":"oaxaca-sera-sede-del-xvii-encuentro-internacional-de-derecho-ambiental-2019","status":"publish","type":"post","link":"https:\/\/www.eloriente.net\/home\/2019\/01\/25\/oaxaca-sera-sede-del-xvii-encuentro-internacional-de-derecho-ambiental-2019\/","title":{"rendered":"Oaxaca ser\u00e1 sede del XVII Encuentro Internacional de Derecho Ambiental 2019"},"content":{"rendered":"<p class=\"p1\">(<a href=\"http:\/\/www.eloriente.net\"><span class=\"s1\">www.eloriente.net<\/span><\/a>, M\u00e9xico, 25 de enero de 2019, por <a href=\"https:\/\/twitter.com\/LuisOsorio8a\">Luis Alberto Osorio Ochoa<\/a>).- Oaxaca de Ju\u00e1rez ser\u00e1 sede del XVII Encuentro Internacional de Derecho Ambiental 2019, del 2 al 4 de octubre, evento que organiza anualmente la Liga Mundial de Abogados Ambientalistas, para el intercambio de experiencias y conocimientos sobre los temas que conforman la agenda ambientalista del mundo.<\/p>\n<p class=\"p1\">Lo anterior fue anunciado esta ma\u00f1ana, en el marco de la Reuni\u00f3n Nacional de Procuradores Ambientales y de la Red Hispanoam\u00e9ricana de Fiscales y Procuradores Ambientales, que se lleva a cabo en Oaxaca, con la participaci\u00f3n de representantes de El Salvador, Ecuador, Argentina, M\u00e9xico, y el Gobierno del Estado de Oaxaca.<\/p>\n<h3>Conferencia de Prensa<\/h3>\n<p class=\"p1\"><iframe loading=\"lazy\" style=\"border: none; overflow: hidden;\" src=\"https:\/\/www.facebook.com\/plugins\/video.php?href=https%3A%2F%2Fwww.facebook.com%2Feloriente.net%2Fvideos%2F543293322839301%2F&amp;show_text=0&amp;width=560\" width=\"560\" height=\"315\" frameborder=\"0\" scrolling=\"no\" allowfullscreen=\"allowfullscreen\"><\/iframe><\/p>\n<p><script async src=\"\/\/pagead2.googlesyndication.com\/pagead\/js\/adsbygoogle.js\"><\/script><br \/>\n<ins class=\"adsbygoogle\" style=\"display: block;\" data-ad-format=\"autorelaxed\" data-ad-client=\"ca-pub-1136171134853753\" data-ad-slot=\"4595267748\"><\/ins><br \/>\n<script>\n     (adsbygoogle = window.adsbygoogle || []).push({});\n<\/script><\/p>\n\n\t\t\t  <div \n\t\t\t  \tclass = \"fb-comments\" \n\t\t\t  \tdata-href = \"https:\/\/www.eloriente.net\/home\/2019\/01\/25\/oaxaca-sera-sede-del-xvii-encuentro-internacional-de-derecho-ambiental-2019\/\"\n\t\t\t  \tdata-numposts = \"10\"\n\t\t\t\tdata-colorscheme = \"dark\"\n\t\t\t\tdata-order-by = \"social\"\n\t\t\t\tdata-mobile=true>\n\t\t\t  <\/div>\n\t\t  <style>\n\t\t\t.fb_iframe_widget_fluid_desktop iframe {\n\t\t\t    width: 100% !important;\n\t\t\t}\n\t\t  <\/style>\n\t\t  ","protected":false},"excerpt":{"rendered":"<p>(www.eloriente.net, M\u00e9xico, 25 de enero de 2019, por Luis Alberto Osorio Ochoa).- Oaxaca de Ju\u00e1rez ser\u00e1 sede del XVII Encuentro Internacional de Derecho Ambiental 2019, del 2 al 4 de octubre, evento que organiza anualmente la Liga Mundial de Abogados Ambientalistas, para el intercambio de experiencias y conocimientos sobre los temas que conforman la agenda [&hellip;]<\/p>\n","protected":false},"author":48,"featured_media":55764,"comment_status":"open","ping_status":"open","sticky":false,"template":"","format":"standard","meta":{"_jetpack_memberships_contains_paid_content":false,"footnotes":""},"categories":[8,26,20,464,21,31],"tags":[10064,8557,10066,10065],"class_list":["post-55763","post","type-post","status-publish","format-standard","has-post-thumbnail","hentry","category-agenda","category-convocatorias","category-medio-ambiente","category-oaxaca-estados","category-politica-y-gobierno","category-principal","tag-derecho-ambiental","tag-jarumy-mendez","tag-oaxaca-sede","tag-xvii-encuentro-internacional-de-derecho-ambiental"],"jetpack_featured_media_url":"https:\/\/www.eloriente.net\/home\/wp-content\/uploads\/2019\/01\/IMG_0336-e1548447447854.jpg","jetpack_sharing_enabled":true,"_links":{"self":[{"href":"https:\/\/www.eloriente.net\/home\/wp-json\/wp\/v2\/posts\/55763"}],"collection":[{"href":"https:\/\/www.eloriente.net\/home\/wp-json\/wp\/v2\/posts"}],"about":[{"href":"https:\/\/www.eloriente.net\/home\/wp-json\/wp\/v2\/types\/post"}],"author":[{"embeddable":true,"href":"https:\/\/www.eloriente.net\/home\/wp-json\/wp\/v2\/users\/48"}],"replies":[{"embeddable":true,"href":"https:\/\/www.eloriente.net\/home\/wp-json\/wp\/v2\/comments?post=55763"}],"version-history":[{"count":1,"href":"https:\/\/www.eloriente.net\/home\/wp-json\/wp\/v2\/posts\/55763\/revisions"}],"predecessor-version":[{"id":55765,"href":"https:\/\/www.eloriente.net\/home\/wp-json\/wp\/v2\/posts\/55763\/revisions\/55765"}],"wp:featuredmedia":[{"embeddable":true,"href":"https:\/\/www.eloriente.net\/home\/wp-json\/wp\/v2\/media\/55764"}],"wp:attachment":[{"href":"https:\/\/www.eloriente.net\/home\/wp-json\/wp\/v2\/media?parent=55763"}],"wp:term":[{"taxonomy":"category","embeddable":true,"href":"https:\/\/www.eloriente.net\/home\/wp-json\/wp\/v2\/categories?post=55763"},{"taxonomy":"post_tag","embeddable":true,"href":"https:\/\/www.eloriente.net\/home\/wp-json\/wp\/v2\/tags?post=55763"}],"curies":[{"name":"wp","href":"https:\/\/api.w.org\/{rel}","templated":true}]}}