{"id":55766,"date":"2019-01-25T19:04:38","date_gmt":"2019-01-26T01:04:38","guid":{"rendered":"http:\/\/www.eloriente.net\/home\/?p=55766"},"modified":"2019-01-25T19:11:01","modified_gmt":"2019-01-26T01:11:01","slug":"ceremonia-2019-inclusion-disfrute-y-buena-musica","status":"publish","type":"post","link":"https:\/\/www.eloriente.net\/home\/2019\/01\/25\/ceremonia-2019-inclusion-disfrute-y-buena-musica\/","title":{"rendered":"Ceremonia 2019: inclusi\u00f3n, disfrute y buena m\u00fasica"},"content":{"rendered":"<p><em>Mirar todo el cartel, sobre todo los nombres de las bandas que aparecen en letras peque\u00f1as, es la recomendaci\u00f3n del director de este evento musical que suceder\u00e1 el pr\u00f3ximo 6 de abril<\/em><\/p>\n<p>(www.eloriente.net, M\u00e9xico, 25 de enero de 2019, por <a href=\"http:\/\/noticias.canal22.org.mx\">N22<\/a>\/Perla Vel\u00e1zquez).- Ir a un festival de m\u00fasica en ocasiones es m\u00e1s que ir a escuchar a las bandas. En los \u00faltimos a\u00f1os se ha convertido en una experiencia en donde puedas abrirte el camino hacia otros intereses. Al menos, as\u00ed lo han comprendido en Ceremonia, que este a\u00f1o se llevar\u00e1 a cabo el 6 de abril en el ya conocido Foro Din\u00e1mico Pegaso.<\/p>\n<p>Era 2013. El cartel que anunciaba el\u00a0<i>line up<\/i>\u00a0ten\u00eda con letras grandes y en primera fila a Animal Collective. \u201cSiempre los hab\u00eda querido traer y no lo hab\u00edamos logrado. Me dije: \u2018en el momento que logremos pactar con ellos all\u00ed empezar\u00e1 Ceremonia\u2019. As\u00ed se fue construyendo una identidad para el festival y, ahora, a siete a\u00f1os del comienzo, ya estamos m\u00e1s establecidos y definidos\u201d, comenta Diego Jim\u00e9nez Labora, director de Ceremonia.<\/p>\n<p>El saldo final de aquella primera edici\u00f3n no fue nada despreciable: tres escenarios, 12 horas de festival, 17 bandas en vivo y, sobre todo, 9 mil 400 asistentes, que no se dejaron espantar ni por el cambio de sede, ni por el mal clima.<\/p>\n<figure id=\"attachment_55767\" aria-describedby=\"caption-attachment-55767\" style=\"width: 549px\" class=\"wp-caption alignnone\"><a href=\"http:\/\/www.eloriente.net\/home\/wp-content\/uploads\/2019\/01\/Ceremonia-3.jpg\"><img loading=\"lazy\" decoding=\"async\" class=\" wp-image-55767\" src=\"http:\/\/www.eloriente.net\/home\/wp-content\/uploads\/2019\/01\/Ceremonia-3-1024x683.jpg\" alt=\"\" width=\"549\" height=\"366\" srcset=\"https:\/\/www.eloriente.net\/home\/wp-content\/uploads\/2019\/01\/Ceremonia-3-1024x683.jpg 1024w, https:\/\/www.eloriente.net\/home\/wp-content\/uploads\/2019\/01\/Ceremonia-3-300x200.jpg 300w, https:\/\/www.eloriente.net\/home\/wp-content\/uploads\/2019\/01\/Ceremonia-3-768x512.jpg 768w, https:\/\/www.eloriente.net\/home\/wp-content\/uploads\/2019\/01\/Ceremonia-3.jpg 1875w\" sizes=\"(max-width: 549px) 100vw, 549px\" \/><\/a><figcaption id=\"caption-attachment-55767\" class=\"wp-caption-text\">Foto: Facebook Ceremonia GNP<\/figcaption><\/figure>\n<p>Para esta edici\u00f3n, el festival presentar\u00e1 a proyectos consolidados, pero tambi\u00e9n a artistas emergentes. Regresan a sus inicios, cuando intentaron establecerse como una propuesta nueva para los escuchas de la m\u00fasica electr\u00f3nica, de esta forma es que nombres como Massive Attack y Aphex Twin encabezar\u00e1n el encuentro. Pero antes de llegar hasta la s\u00e9ptima edici\u00f3n, platicamos con Diego Jim\u00e9nez, quien hizo una radiograf\u00eda de c\u00f3mo ha evolucionado el encuentro en estos a\u00f1os.<\/p>\n<p><script src=\"\/\/pagead2googlesyndication.com\/pagead\/js\/adsbygoogle.js\" async=\"\"><\/script><!-- BANNER ELORIENTE INCRUSTADO NOTAS --> <ins class=\"adsbygoogle\" style=\"display: inline-block; width: 300px; height: 250px;\" data-ad-client=\"ca-pub-1136171134853753\" data-ad-slot=\"7974633627\"><\/ins><script>\/\/ <![CDATA[ (adsbygoogle = window.adsbygoogle || []).push({}); \/\/ ]]><\/script><\/p>\n<p>&nbsp;<\/p>\n<h3>MX Beat, primeras experiencias<\/h3>\n<p>\u00bfAlguna vez viste en un cartel a M.I.A., Beastie Boys y Cold War Kids?, \u00bfy que adem\u00e1s la entrada a ese festival costara 250 pesos? \u00bfTen\u00edas dudas si los que hac\u00edan ese festival, son los mismos que hoy hacen la curadur\u00eda para Ceremonia? Diego Jim\u00e9nez nos aclar\u00f3 esos puntos y en efecto: el equipo que actualmente trabaja en Ceremonia es el mismo que hac\u00eda aquellos encuentros a un precio bastante accesible.<\/p>\n<p>Los MX Beat son leyendas en la m\u00fasica. De esas que parecen tan lejanas y que jam\u00e1s existieron, pero estas s\u00ed que fueron parte de la historia de festivales. Los MX Beat se realizaron desde 2005 hasta 2009. En sus carteles se vieron nombres como Louis XIV, 2 Many DJ\u2019s, Soulwax, Phoenix, The Hives, M.I.A., Cat Power, N.E.R.D, Cut Copy, etc\u00e9tera. Algo que los identific\u00f3 no s\u00f3lo fue que se realizaban en Toluca, sino que tambi\u00e9n ten\u00edan una gira por Puebla, Guadalajara y Monterrey.<\/p>\n<p>\u201cEste a\u00f1o (con Ceremonia) ya cumplimos 14 o 15 a\u00f1os haciendo eventos. Cuando termin\u00f3 MX Beat nosotros seguimos promoviendo eventos. Somos un equipo que ya tenemos una audiencia que nos sigue y una trayectoria como promotores de la m\u00fasica, es por lo que decidimos hacer Ceremonia lo que segu\u00eda era tener un festival que fuera nuestro y que construy\u00e9ramos nosotros\u201d.<\/p>\n<p>La primera edici\u00f3n de Ceremonia estaba pensada para que se realizar\u00e1 en un parque en Xochimilco, pero diversas circunstancias los orillaron a regresar al Foro Din\u00e1mico, fuera de la Ciudad de M\u00e9xico. Diego recuerda que la primera vez que fue a Coachella fue en 2003 y \u201clo que me gust\u00f3 fue la experiencia de que vas a Los \u00c1ngeles y luego tienes que manejar dos o tres horas para llegar a la sede\u201d. El esfuerzo que \u00e9l hizo es lo que busca que los asistentes hagan, \u201cporque eso hace que la gente decida, si va es porque realmente le gusta la m\u00fasica y tiene inter\u00e9s en descubrir nuevos shows\u201d.<\/p>\n<p>A pesar de que mantengan esa sede, Ceremonia, dice Diego Jim\u00e9nez, siempre ha querido ser un festival que se sienta parte de la Ciudad de M\u00e9xico, parte de las comunidades creativas y no una cosa ajena. \u201cQueremos ser un trampol\u00edn para toda esta gente que est\u00e1 involucrada en las comunidades que nosotros admiramos, que puedan usar esta plataforma para llevar sus proyectos a una audiencia m\u00e1s grande.\u201d<\/p>\n<figure id=\"attachment_55768\" aria-describedby=\"caption-attachment-55768\" style=\"width: 549px\" class=\"wp-caption alignnone\"><a href=\"http:\/\/www.eloriente.net\/home\/wp-content\/uploads\/2019\/01\/ceremonia-6.jpg\"><img loading=\"lazy\" decoding=\"async\" class=\" wp-image-55768\" src=\"http:\/\/www.eloriente.net\/home\/wp-content\/uploads\/2019\/01\/ceremonia-6-1024x682.jpg\" alt=\"\" width=\"549\" height=\"366\" srcset=\"https:\/\/www.eloriente.net\/home\/wp-content\/uploads\/2019\/01\/ceremonia-6-1024x682.jpg 1024w, https:\/\/www.eloriente.net\/home\/wp-content\/uploads\/2019\/01\/ceremonia-6-300x200.jpg 300w, https:\/\/www.eloriente.net\/home\/wp-content\/uploads\/2019\/01\/ceremonia-6-768x512.jpg 768w, https:\/\/www.eloriente.net\/home\/wp-content\/uploads\/2019\/01\/ceremonia-6.jpg 1187w\" sizes=\"(max-width: 549px) 100vw, 549px\" \/><\/a><figcaption id=\"caption-attachment-55768\" class=\"wp-caption-text\">Facebook Ceremonia GNP<\/figcaption><\/figure>\n<p>&nbsp;<\/p>\n<h3><b>Diferentes artistas para hacer una radiograf\u00eda<\/b><\/h3>\n<p>En estos a\u00f1os el festival no ha defraudado a su p\u00fablico, si de artistas en confirmar su asistencia se ha tratado. Por sus escenarios hemos visto a m\u00fasicos de diferentes partes del mundo que tratan de hacer una fotograf\u00eda \u201cde lo que estaba pasando a nivel mundial en t\u00e9rminos de m\u00fasica contempor\u00e1nea\u201d y as\u00ed regresar a ver carteles, para saber que era un artista emergente que ahora ya creci\u00f3.<\/p>\n<p>\u201cA nosotros nos gusta pensar esa idea de que logramos agendar a artistas legendarios como Bj\u00f6rk, Massive Attack o Aphex Twin este a\u00f1o, pero que ellos puedan compartir el espacio con artistas que nos parece que la est\u00e1n rompiendo en los g\u00e9neros. Adem\u00e1s que pensamos mucho en las cosas que le puedan hablar a la juventud.\u201d<\/p>\n<p>Sus carteles han hecho que el festival en cada edici\u00f3n sea distinto, pero con una l\u00f3gica irrefutable que los distingue de cualquier otro encuentro musical: \u201cnunca decimos debemos tener tres artistas de rock, dos de pop, etc\u00e9tera, sino que vamos entendiendo c\u00f3mo se desarrolla cada edici\u00f3n para balancear la oferta y as\u00ed las personas puedan ver un abanico de g\u00e9neros que quiz\u00e1s te parezcan no tener sentido, pero si no arriesgamos no ganamos.<\/p>\n<figure id=\"attachment_55770\" aria-describedby=\"caption-attachment-55770\" style=\"width: 550px\" class=\"wp-caption alignnone\"><a href=\"http:\/\/www.eloriente.net\/home\/wp-content\/uploads\/2019\/01\/Ceremonia.jpg\"><img loading=\"lazy\" decoding=\"async\" class=\" wp-image-55770\" src=\"http:\/\/www.eloriente.net\/home\/wp-content\/uploads\/2019\/01\/Ceremonia.jpg\" alt=\"\" width=\"550\" height=\"541\" srcset=\"https:\/\/www.eloriente.net\/home\/wp-content\/uploads\/2019\/01\/Ceremonia.jpg 960w, https:\/\/www.eloriente.net\/home\/wp-content\/uploads\/2019\/01\/Ceremonia-300x295.jpg 300w, https:\/\/www.eloriente.net\/home\/wp-content\/uploads\/2019\/01\/Ceremonia-768x756.jpg 768w, https:\/\/www.eloriente.net\/home\/wp-content\/uploads\/2019\/01\/Ceremonia-50x50.jpg 50w\" sizes=\"(max-width: 550px) 100vw, 550px\" \/><\/a><figcaption id=\"caption-attachment-55770\" class=\"wp-caption-text\">Facebook Ceremonia GNP<\/figcaption><\/figure>\n<p>\u201cNos gusta jugar con esas cosas, nos gusta tambi\u00e9n equivocarnos. Nos da miedo de repente. De hecho, hemos buscado cosas de reggaet\u00f3n que no se han dado, porque creemos que es parte de la est\u00e9tica global de la que te estamos hablando y creemos que es importante darles un espacio y representarlo.\u201d<\/p>\n<p><script async=\"\" src=\"\/\/pagead2.googlesyndication.com\/pagead\/js\/adsbygoogle.js\"><\/script> <ins class=\"adsbygoogle\" style=\"display: block; text-align: center;\" data-ad-layout=\"in-article\" data-ad-format=\"fluid\" data-ad-client=\"ca-pub-1136171134853753\" data-ad-slot=\"7980763077\"><\/ins> <script> (adsbygoogle = window.adsbygoogle || []).push({}); <\/script><\/p>\n<p>Este a\u00f1o, los m\u00fasicos que aparecen en la parte inferior del cartel son: Defensa, Kuro Deko y Aquihayaquihay, \u201ccuando escuch\u00e9 a estos chicos pens\u00e9: \u2018wow, esto est\u00e1 pasando en M\u00e9xico. Creo que los debemos llevar a Ceremonia\u2019. As\u00ed que lo que les recomiendo es que se den el tiempo de llegar temprano y disfrutar de los shows, porque igual piensas que porque est\u00e1n hasta abajo no valen la pena, pero en verdad hay muchas bandas que quiz\u00e1s valgan m\u00e1s la pena que los que est\u00e1n hasta arriba\u201d.<\/p>\n<p>&nbsp;<\/p>\n<h3><b>Inclusi\u00f3n y disfrute<\/b><\/h3>\n<p>La diversidad de la que habla Diego se puede ver no s\u00f3lo en la m\u00fasica. Ejemplo de ello es este a\u00f1o, en el que est\u00e1n consolidando la Carpa Queer. \u201cSiempre hab\u00edamos tenido una bandera de que somos un festival diverso e inclusivo, pero reflexionamos y nos dimos cuenta de que la identidad no estaba fundamentada en hechos.\u201d<\/p>\n<p>En los seis a\u00f1os que lleva el festival la bandera LGBTTTIQ se hab\u00eda ondeado por actos en los escenarios; Lao, del colectivo NAAFI, Arca o Rosa Pistola se encargaron en su momento de ello. Pero el a\u00f1o pasado, los organizadores abrieron un escenario exclusivo de propuestas para dicha comunidad, que trabajaron en conjunto con Traici\u00f3n, colectivo queer que combina performance e ilustraci\u00f3n.<\/p>\n<p>\u201cFue algo que no esper\u00e1bamos. Nunca dej\u00f3 de haber gente y esta comunidad debe de estar representada en el festival, para realmente creer que estamos empezando a abrir la conversaci\u00f3n al tema de inclusi\u00f3n y respeto a cualquier persona. As\u00ed que este a\u00f1o tambi\u00e9n haremos una inversi\u00f3n para darle fortaleza a ese escenario y buscar nuevas experiencias\u201d.<\/p>\n<figure id=\"attachment_55769\" aria-describedby=\"caption-attachment-55769\" style=\"width: 549px\" class=\"wp-caption alignnone\"><a href=\"http:\/\/www.eloriente.net\/home\/wp-content\/uploads\/2019\/01\/ceremonia8.jpg\"><img loading=\"lazy\" decoding=\"async\" class=\" wp-image-55769\" src=\"http:\/\/www.eloriente.net\/home\/wp-content\/uploads\/2019\/01\/ceremonia8.jpg\" alt=\"\" width=\"549\" height=\"367\" \/><\/a><figcaption id=\"caption-attachment-55769\" class=\"wp-caption-text\">Facebook Ceremonia GNP<\/figcaption><\/figure>\n<p>Ceremonia tambi\u00e9n abri\u00f3 sus puertas a asociaciones civiles que trabajan para generar un cambio. Greenpeace o el Museo Memoria y Tolerancia, son algunos ejemplos de lo que presentar\u00e1n.<\/p>\n<p>\u201cLa finalidad, un poco, de este festival es reunir a todas estas personas a pasar un momento que probablemente marque sus vidas por mucho tiempo, porque al final as\u00ed es como construyes tus memorias, con tus amigos, en lugares de m\u00fasica, de recreaci\u00f3n. Tenemos una responsabilidad como promotores de usar a esa cantidad de personas que se unen a que tambi\u00e9n encuentren otras formas de aportar a la ciudad que, al final, eso es lo que estamos buscando\u201d.<\/p>\n<p><script async src=\"\/\/pagead2.googlesyndication.com\/pagead\/js\/adsbygoogle.js\"><\/script><br \/>\n<ins class=\"adsbygoogle\" style=\"display: block;\" data-ad-format=\"autorelaxed\" data-ad-client=\"ca-pub-1136171134853753\" data-ad-slot=\"4595267748\"><\/ins><br \/>\n<script>\n\u00a0\u00a0\u00a0\u00a0\u00a0(adsbygoogle\u00a0=\u00a0window.adsbygoogle\u00a0||\u00a0[]).push({});\n<\/script><\/p>\n\n\t\t\t  <div \n\t\t\t  \tclass = \"fb-comments\" \n\t\t\t  \tdata-href = \"https:\/\/www.eloriente.net\/home\/2019\/01\/25\/ceremonia-2019-inclusion-disfrute-y-buena-musica\/\"\n\t\t\t  \tdata-numposts = \"10\"\n\t\t\t\tdata-colorscheme = \"dark\"\n\t\t\t\tdata-order-by = \"social\"\n\t\t\t\tdata-mobile=true>\n\t\t\t  <\/div>\n\t\t  <style>\n\t\t\t.fb_iframe_widget_fluid_desktop iframe {\n\t\t\t    width: 100% !important;\n\t\t\t}\n\t\t  <\/style>\n\t\t  ","protected":false},"excerpt":{"rendered":"<p>Mirar todo el cartel, sobre todo los nombres de las bandas que aparecen en letras peque\u00f1as, es la recomendaci\u00f3n del director de este evento musical que suceder\u00e1 el pr\u00f3ximo 6 de abril (www.eloriente.net, M\u00e9xico, 25 de enero de 2019, por N22\/Perla Vel\u00e1zquez).- Ir a un festival de m\u00fasica en ocasiones es m\u00e1s que ir a [&hellip;]<\/p>\n","protected":false},"author":48,"featured_media":55769,"comment_status":"open","ping_status":"open","sticky":false,"template":"","format":"standard","meta":{"_jetpack_memberships_contains_paid_content":false,"footnotes":""},"categories":[8,5,13,10,31],"tags":[10067,6444,583,149],"class_list":["post-55766","post","type-post","status-publish","format-standard","has-post-thumbnail","hentry","category-agenda","category-canal-3-musica","category-especiales","category-lo-mas-reciente","category-principal","tag-ceremonia-2019","tag-festival-de-musica","tag-inclusion","tag-musica"],"jetpack_featured_media_url":"https:\/\/www.eloriente.net\/home\/wp-content\/uploads\/2019\/01\/ceremonia8-e1548465053180.jpg","jetpack_sharing_enabled":true,"_links":{"self":[{"href":"https:\/\/www.eloriente.net\/home\/wp-json\/wp\/v2\/posts\/55766"}],"collection":[{"href":"https:\/\/www.eloriente.net\/home\/wp-json\/wp\/v2\/posts"}],"about":[{"href":"https:\/\/www.eloriente.net\/home\/wp-json\/wp\/v2\/types\/post"}],"author":[{"embeddable":true,"href":"https:\/\/www.eloriente.net\/home\/wp-json\/wp\/v2\/users\/48"}],"replies":[{"embeddable":true,"href":"https:\/\/www.eloriente.net\/home\/wp-json\/wp\/v2\/comments?post=55766"}],"version-history":[{"count":1,"href":"https:\/\/www.eloriente.net\/home\/wp-json\/wp\/v2\/posts\/55766\/revisions"}],"predecessor-version":[{"id":55771,"href":"https:\/\/www.eloriente.net\/home\/wp-json\/wp\/v2\/posts\/55766\/revisions\/55771"}],"wp:featuredmedia":[{"embeddable":true,"href":"https:\/\/www.eloriente.net\/home\/wp-json\/wp\/v2\/media\/55769"}],"wp:attachment":[{"href":"https:\/\/www.eloriente.net\/home\/wp-json\/wp\/v2\/media?parent=55766"}],"wp:term":[{"taxonomy":"category","embeddable":true,"href":"https:\/\/www.eloriente.net\/home\/wp-json\/wp\/v2\/categories?post=55766"},{"taxonomy":"post_tag","embeddable":true,"href":"https:\/\/www.eloriente.net\/home\/wp-json\/wp\/v2\/tags?post=55766"}],"curies":[{"name":"wp","href":"https:\/\/api.w.org\/{rel}","templated":true}]}}