{"id":55858,"date":"2019-02-02T12:48:18","date_gmt":"2019-02-02T18:48:18","guid":{"rendered":"http:\/\/www.eloriente.net\/home\/?p=55858"},"modified":"2019-02-02T12:48:18","modified_gmt":"2019-02-02T18:48:18","slug":"de-que-hablamos-cuando-hablamos-de-derechos-culturales","status":"publish","type":"post","link":"https:\/\/www.eloriente.net\/home\/2019\/02\/02\/de-que-hablamos-cuando-hablamos-de-derechos-culturales\/","title":{"rendered":"\u00bfDe qu\u00e9 hablamos cuando hablamos de derechos culturales?"},"content":{"rendered":"<p style=\"text-align: right;\">Entender el tema cultural como un derecho humano es algo muy reciente que sucede en 2007 tras la declaraci\u00f3n de Friburgo; es hasta enero de 2018 que se crea la Ley de Derechos Culturales con base en la Constituci\u00f3n de los Estados Unidos Mexicanos y de la Ciudad de M\u00e9xico<\/p>\n<p>&nbsp;<\/p>\n<p>(www.eloriente.net, M\u00e9xico, 2 de febrero de 2019, por <a href=\"http:\/\/noticias.canal22.org.mx\" target=\"_blank\" rel=\"noopener\">N22<\/a>\/Ana Le\u00f3n).- Para abordar el tema de derechos culturales en M\u00e9xico, habr\u00eda que entender primero que \u00e9stos son inherentes a los derechos humanos; sin embargo, su instauraci\u00f3n y vigilancia en un documento como la Constituci\u00f3n de la CDMX es algo reciente, \u00e9ste es el primer documento que habla tal cual de derechos culturales, esto en su apartado de Ciudad Educadora.\u00a0En su art\u00edculo 8, apartado D se lee:<\/p>\n<ol>\n<li>Toda persona, todo grupo o comunidad gozan del derecho irrestricto de acceso a la cultura. El arte y la ciencia son libres y queda prohibida toda forma de censura. De manera enunciativa y no limitativa tiene derecho a:<\/li>\n<\/ol>\n<ul>\n<li>Se respete la identidad cultural<\/li>\n<li>Conocer y que se respete su propia cultura<\/li>\n<li>Una formaci\u00f3n que contribuya al libre y pleno desarrollo de su identidad cultural<\/li>\n<li>Acceder al patrimonio cultural<\/li>\n<li>Acceder y participar en la vida cultural<\/li>\n<li>Ejercer en libertad su derecho a emprender proyectos, iniciativas y propuestas culturales y art\u00edsticas<\/li>\n<li>Constituir espacios colectivos, autogestivos, independientes y comunitarios de arte y cultura que contar\u00e1n con una regulaci\u00f3n espec\u00edfica para el fortalecimiento y desarrollo de sus actividades (<b>a este apartado recurrir\u00e9 m\u00e1s tarde cuando se aborde el tema de una ley para Espacios Culturales Independientes en la Ciudad de M\u00e9xico que se gestiona actualmente<\/b>).<\/li>\n<li>Ejercer libertad creativa, cultural y art\u00edstica de opini\u00f3n e informaci\u00f3n.<\/li>\n<li>Participar por medios democr\u00e1ticos en el desarrollo cultural de las comunidades a las que pertenece, y en la elaboraci\u00f3n, puesta en pr\u00e1ctica y evaluaci\u00f3n de las pol\u00edticas culturales<\/li>\n<\/ul>\n<p><script src=\"\/\/pagead2googlesyndication.com\/pagead\/js\/adsbygoogle.js\" async=\"\"><\/script><!-- BANNER ELORIENTE INCRUSTADO NOTAS --> <ins class=\"adsbygoogle\" style=\"display: inline-block; width: 300px; height: 250px;\" data-ad-client=\"ca-pub-1136171134853753\" data-ad-slot=\"7974633627\"><\/ins><script>\/\/ <![CDATA[ (adsbygoogle = window.adsbygoogle || []).push({}); \/\/ ]]><\/script><\/p>\n<ol start=\"2\">\n<li>Toda persona tiene derecho al acceso a los bienes y servicios que presta el Gobierno de la Ciudad de M\u00e9xico en materia de arte y cultura.<\/li>\n<li>Las autoridades, en el \u00e1mbito de sus respectivas competencias proteger\u00e1n los derechos culturales. Asimismo, favorecer\u00e1n la promoci\u00f3n y el est\u00edmulo al desarrollo de la cultura y las artes. Los derechos culturales podr\u00e1n ampliarse conforme a la ley en la materia que adem\u00e1s establecer\u00e1 los mecanismos y modalidades para su exigibilidad.<\/li>\n<li>Toda persona y colectividad podr\u00e1, en el marco de la gobernanza democr\u00e1tica, tomar iniciativas para velar por el respeto de los derechos culturales y desarrollar modos de concertaci\u00f3n y participaci\u00f3n.<\/li>\n<li>El patrimonio cultural, material e inmaterial, de las comunidades, grupos y personas de la Ciudad de M\u00e9xico es de inter\u00e9s y utilidad p\u00fablica, por lo que el Gobierno de la Ciudad garantizar\u00e1 su protecci\u00f3n, conservaci\u00f3n, investigaci\u00f3n y difusi\u00f3n.<\/li>\n<li>El Gobierno de la Ciudad otorgar\u00e1 est\u00edmulos fiscales para el apoyo y fomento de la creaci\u00f3n y difusi\u00f3n del arte y cultura.<\/li>\n<li>Los grupos y comunidades culturales gozar\u00e1n del derecho de ser reconocidos en la sociedad.<\/li>\n<\/ol>\n<p>Todo el documento se puede leer\u00a0<a href=\"http:\/\/infodf.org.mx\/documentospdf\/constitucion_cdmx\/Constitucion_%20Politica_CDMX.pdf\" target=\"_blank\" rel=\"noopener\"><b>aqu\u00ed<\/b><\/a>.<\/p>\n<p>De este documento emanan todas las leyes nuevas y una de las primeras que sali\u00f3 es la Ley de Derechos Culturales de los habitantes y visitantes de la Ciudad de M\u00e9xico, me cuenta Jes\u00fas Cruzvillegas, que es un activista de derechos humanos y que ha trabajado en la Comisi\u00f3n de Derechos Humanos del entonces Distrito Federal, donde estuvo al frente de un \u00e1rea llamada Promoci\u00f3n territorial, y tambi\u00e9n en el Congreso, en esta materia.<\/p>\n<p>Regresemos. \u00c9sta es entonces la primera ley que hay sobre derechos culturales, dice Cruzvillegas y m\u00e1s all\u00e1 de la ret\u00f3rica, se plantea un preocupaci\u00f3n entre especialistas y no especialistas en el tema: \u00bfQui\u00e9n est\u00e1 encargado del cumplimiento y la promoci\u00f3n de los derechos culturales que a su vez, son derechos humanos? La ley de Derechos Culturales, aprobada el 22 de enero del 2018, y con fundamento en la Constituci\u00f3n Pol\u00edtica de los Estados Unidos Mexicanos, art\u00edculos 1, 2 y 4; y en la Constituci\u00f3n Pol\u00edtica de la Ciudad de M\u00e9xico, en el apartado antes mencionado, se\u00f1ala que la autoridad responsable de vigilar la puntual observancia de esta ley y su cumplimiento es el titular de la Jefatura del Gobierno de la Ciudad de M\u00e9xico y el titular de la Secretar\u00eda de Cultura del Gobierno de la Ciudad de M\u00e9xico. Toda la ley se puede leer\u00a0<a href=\"http:\/\/www.ordenjuridico.gob.mx\/Documentos\/Estatal\/Ciudad%20de%20Mexico\/wo120873.pdf\" target=\"_blank\" rel=\"noopener\"><b>aqu\u00ed<\/b><\/a>.<\/p>\n<p>Pero antes de hablar de derechos, vale la pena preguntarse, \u00bfqu\u00e9 es cultura? Seg\u00fan la ONU, se entiende por cultura \u201cal medio de transmisi\u00f3n de conocimiento y el producto resultante de ese conocimiento, tanto pasado como presente. Es un elemento facilitador e impulsor del desarrollo sostenible, la paz y el progreso econ\u00f3mico. En su forma multifac\u00e9tica, a\u00fana a las sociedades y a las naciones. Son \u00e9stas las que reconocen el valor excepcional de su patrimonio construido y natural; las comunidades manifiestan la importancia de sus usos, representaciones, t\u00e9cnicas y conocimientos para afianzar el sentimiento de identidad y continuidad\u2026\u201d. En este sentido, los derechos culturales tiene que ver con\u00a0\u201ccuestiones como la lengua; la producci\u00f3n cultural y art\u00edstica; la participaci\u00f3n en la cultura; el patrimonio cultural; los derechos de autor; las minor\u00edas y el acceso a la cultura, entre otros.\u201d<\/p>\n<p><script async src=\"\/\/pagead2.googlesyndication.com\/pagead\/js\/adsbygoogle.js\"><\/script> <ins class=\"adsbygoogle\" style=\"display: block; text-align: center;\" data-ad-layout=\"in-article\" data-ad-format=\"fluid\" data-ad-client=\"ca-pub-1136171134853753\" data-ad-slot=\"7980763077\"><\/ins> <script> (adsbygoogle = window.adsbygoogle || []).push({}); <\/script><\/p>\n<p>En esta misma ley se plantea la\u00a0creaci\u00f3n de un Instituto de Derechos Culturales que ser\u00e1 parte de la Secretar\u00eda de Cultura de la Ciudad, dice Cruzvillegas, pero entonces \u00bfcu\u00e1l ser\u00eda el papel de la Comisi\u00f3n de Derechos Humanos?, nos preguntamos. Esto es s\u00f3lo un proyecto que se tiene que crear de la nada y que precisa de un presupuesto que tal vez no se tenga. La cultura, dice Cruzvillegas, ha sido el patito feo sobre todo en cuesti\u00f3n de los recursos porque o se le ve como una cuesti\u00f3n que se puede obviar o algo que es s\u00f3lo para la gente de muchos recursos.<\/p>\n<p>Entender el tema cultural como un derecho humano es algo muy reciente que sucede en 2007 tras la declaraci\u00f3n de Friburgo, que re\u00fane y hace expl\u00edcitos estos derechos. Por primera vez los especialistas de diversos pa\u00edses se pusieron de acuerdo sobre lo que entienden como derechos culturales. Y como se basa en la Declaraci\u00f3n Universal de los Derechos Humanos, los derechos culturales se convirtieron as\u00ed en derechos humanos.<\/p>\n<p>Antes, nos cuenta Jes\u00fas, s\u00f3lo se hac\u00eda referencia \u201cal derecho a la cultura\u201d y \u00e9sta, dice, era una cuesti\u00f3n muy limitada porque s\u00f3lo se refer\u00eda al \u201cacceso a\u201d. Pero a partir de esta declaraci\u00f3n se hace referencia a la cultura como algo que est\u00e1 en la vida cotidiana, y que refiere a \u00a0la mirada de todas las personas y todas las construcciones intelectuales, el lenguaje, la ciencia, la literatura, los patrimonios intangible y tangible, todo lo que se entend\u00eda como cultura m\u00e1s la cuesti\u00f3n de las personas aunque no sean escritores o artistas o profesionales de la disciplina. No hay una sola mirada de la cultura, sino que cada quien puede pertenecer a una diferente identidad cultural, \u201cser una comunidad cultural que no necesariamente es hegem\u00f3nica o la que plantea el Estado\u201d. \u201cAlgo que todav\u00eda no nos cae el veinte\u201d y que es importante tener en cuenta, es que en la Ciudad de M\u00e9xico el tema de los derechos culturales es ya una ley.<\/p>\n<p>El gran tema, apunta Jes\u00fas, no es ya la ret\u00f3rica o el ponernos de acuerdo, sino los hechos, hacerlos \u201cexigibles\u201d, \u00bfad\u00f3nde recurres cuando violan tus derechos culturales? \u201cLas Comisiones de Derechos Humanos tendr\u00edan que hacer eso, pero no lo hacen porque desafortunadamente en el mundo de los derechos humanos, hasta apenas hace unos a\u00f1os, yo recuerdo mesas de trabajo donde activistas o funcionarios dec\u00edan que el feminicidio es m\u00e1s importante o el tema del agua, y creo que ah\u00ed hay una incongruencia porque el tema de los derechos humanos es que son integrales e indivisibles. Si violas uno est\u00e1s violando todos.\u201d \u00a0Las Comisiones estatales de Derechos Humanos y la nacional tambi\u00e9n tendr\u00edan que reflexionar respecto a la manera de c\u00f3mo entender la cuesti\u00f3n cultural.<\/p>\n<p>&nbsp;<\/p>\n<h3><b>Hacia una ley de espacios culturales independientes<\/b><\/h3>\n<p>En este sentido, hace pocos d\u00edas, en el Museo Universitario del Chopo se llev\u00f3 a cabo el Foro Espacios Culturales Independientes en la Ciudad de M\u00e9xico, en cuya primera mesa de trabajo \u2013se realizar\u00e1n diversas mesas hasta abril de este a\u00f1o\u2013 se analiz\u00f3 la creaci\u00f3n de una ley de Espacios Culturales Independientes en la Ciudad de M\u00e9xico. Participaron la diputada Gabriela Osorio Hern\u00e1ndez, la doctora Elena Rom\u00e1n, de la UACM; Jos\u00e9 Luis Paredes Pacho, director del Museo del Chopo; \u00d3liver B\u00e1rcenas Cruz, de la UNAM; e Inti Mu\u00f1oz Santini, de la Secretar\u00eda de Cultura de la Ciudad de M\u00e9xico.<\/p>\n<p>Aqu\u00ed se plante\u00f3 que hay un inter\u00e9s de abrir el di\u00e1logo para que la formulaci\u00f3n de esta ley sea un trabajo en conjunto. Para visibilizar los relatos colectivos, pues, en palabras de Osorio \u201cse busca estimular la existencia y permanencia de los espacios culturales que todos puedan crear.\u201d M\u00e1s que regular, dicha ley, continu\u00f3 la diputada, busca dar certidumbre a estos espacios y que se reconozca su aporte a la ciudad. Adem\u00e1s de entender las cualidades y caracter\u00edsticas de cada uno: \u00bfes lo mismo un teatro que un espacio de artes y oficios?, \u00bfc\u00f3mo clasificarlos?<\/p>\n<p>Para Inti Mu\u00f1oz, esta ley apunta a recuperar el control de la ciudad por parte de la gente, a partir de la cultura y el derecho a habitar la ciudad dignamente. Y dar seguimiento a lo que se propone la Constituci\u00f3n de la CDMX: crear una ciudad de derechos, de libertades, de igualdad, de equidad de g\u00e9nero, de prohibici\u00f3n de la censura, una ciudad horizontal.<\/p>\n<p>Una de las ponencias m\u00e1s enriquecedoras de esta mesa fue la de Elena Rom\u00e1n, pues plante\u00f3 parte de su investigaci\u00f3n respecto a los espacios culturales independientes en la Ciudad de M\u00e9xico. Elena apunt\u00f3 que delegaciones como Iztapalapa y Xochimilco son en la que menos se registran la existencia de estos espacios. Adem\u00e1s, est\u00e1n tambi\u00e9n los retos a los que se enfrentan como el multisostenimiento, pr\u00e9stamos, inversi\u00f3n de ahorros y el no pago a colaboradores. Es decir, que estos lugares crean una propuesta cultural que es sostenida con recursos propios y que resulta, en algunas ocasiones, en algo poco rentable. Esta ley, dice Rom\u00e1n, tambi\u00e9n deber\u00eda atajar cuestiones respecto a lo laboral, la regulaci\u00f3n operativa y el pago de impuestos cuya tarifa no deber\u00eda significar masacrar la ganancia de la venta del poco o mucho boletaje que se tenga.<\/p>\n<p>Para esta investigadora, esta ley m\u00e1s que incidir en la interacci\u00f3n entre estos espacios o en lo operativo y constructivo, deber\u00e1 tambi\u00e9n centrarse en lo relacional y promover que haya m\u00e1s espacios culturales. Que la relaci\u00f3n no sea que mientras que en la delegaci\u00f3n Cuauht\u00e9moc se contabilizan ochenta lugares independientes dedicados a la cultura, en Iztacalco s\u00f3lo se hallan tres. La idea es reducir ese margen de diferencia al m\u00ednimo.<\/p>\n<p>Las mesas se realizar\u00e1n de enero a abril.\u00a0<a href=\"http:\/\/www.chopo.unam.mx\/academicas\/LeyEspaciosCulturalesIndependientes.html\" target=\"_blank\" rel=\"noopener\">Aqu\u00ed\u00a0<\/a>puedes conocer las otras sedes.<\/p>\n<p><script async src=\"\/\/pagead2.googlesyndication.com\/pagead\/js\/adsbygoogle.js\"><\/script><br \/>\n<ins class=\"adsbygoogle\" style=\"display: block;\" data-ad-format=\"autorelaxed\" data-ad-client=\"ca-pub-1136171134853753\" data-ad-slot=\"4595267748\"><\/ins><br \/>\n<script>\n     (adsbygoogle = window.adsbygoogle || []).push({});\n<\/script><\/p>\n\n\t\t\t  <div \n\t\t\t  \tclass = \"fb-comments\" \n\t\t\t  \tdata-href = \"https:\/\/www.eloriente.net\/home\/2019\/02\/02\/de-que-hablamos-cuando-hablamos-de-derechos-culturales\/\"\n\t\t\t  \tdata-numposts = \"10\"\n\t\t\t\tdata-colorscheme = \"dark\"\n\t\t\t\tdata-order-by = \"social\"\n\t\t\t\tdata-mobile=true>\n\t\t\t  <\/div>\n\t\t  <style>\n\t\t\t.fb_iframe_widget_fluid_desktop iframe {\n\t\t\t    width: 100% !important;\n\t\t\t}\n\t\t  <\/style>\n\t\t  ","protected":false},"excerpt":{"rendered":"<p>Entender el tema cultural como un derecho humano es algo muy reciente que sucede en 2007 tras la declaraci\u00f3n de Friburgo; es hasta enero de 2018 que se crea la Ley de Derechos Culturales con base en la Constituci\u00f3n de los Estados Unidos Mexicanos y de la Ciudad de M\u00e9xico &nbsp; (www.eloriente.net, M\u00e9xico, 2 de [&hellip;]<\/p>\n","protected":false},"author":48,"featured_media":55508,"comment_status":"open","ping_status":"open","sticky":false,"template":"","format":"standard","meta":{"_jetpack_memberships_contains_paid_content":false,"footnotes":""},"categories":[3,22,18,13,31],"tags":[1101,10119,217,10120,141],"class_list":["post-55858","post","type-post","status-publish","format-standard","has-post-thumbnail","hentry","category-canal-1-tu-aula","category-derechos-humanos","category-educacion-y-cultura","category-especiales","category-principal","tag-constitucion","tag-derechos-culturales","tag-derechos-humanos-2","tag-ley-de-derechos-culturales","tag-mexico"],"jetpack_featured_media_url":"https:\/\/www.eloriente.net\/home\/wp-content\/uploads\/2019\/01\/16583222_275069146255726_4231183574205726720_n1.jpg","jetpack_sharing_enabled":true,"_links":{"self":[{"href":"https:\/\/www.eloriente.net\/home\/wp-json\/wp\/v2\/posts\/55858"}],"collection":[{"href":"https:\/\/www.eloriente.net\/home\/wp-json\/wp\/v2\/posts"}],"about":[{"href":"https:\/\/www.eloriente.net\/home\/wp-json\/wp\/v2\/types\/post"}],"author":[{"embeddable":true,"href":"https:\/\/www.eloriente.net\/home\/wp-json\/wp\/v2\/users\/48"}],"replies":[{"embeddable":true,"href":"https:\/\/www.eloriente.net\/home\/wp-json\/wp\/v2\/comments?post=55858"}],"version-history":[{"count":1,"href":"https:\/\/www.eloriente.net\/home\/wp-json\/wp\/v2\/posts\/55858\/revisions"}],"predecessor-version":[{"id":55859,"href":"https:\/\/www.eloriente.net\/home\/wp-json\/wp\/v2\/posts\/55858\/revisions\/55859"}],"wp:featuredmedia":[{"embeddable":true,"href":"https:\/\/www.eloriente.net\/home\/wp-json\/wp\/v2\/media\/55508"}],"wp:attachment":[{"href":"https:\/\/www.eloriente.net\/home\/wp-json\/wp\/v2\/media?parent=55858"}],"wp:term":[{"taxonomy":"category","embeddable":true,"href":"https:\/\/www.eloriente.net\/home\/wp-json\/wp\/v2\/categories?post=55858"},{"taxonomy":"post_tag","embeddable":true,"href":"https:\/\/www.eloriente.net\/home\/wp-json\/wp\/v2\/tags?post=55858"}],"curies":[{"name":"wp","href":"https:\/\/api.w.org\/{rel}","templated":true}]}}