{"id":56090,"date":"2019-02-27T12:51:12","date_gmt":"2019-02-27T18:51:12","guid":{"rendered":"http:\/\/www.eloriente.net\/home\/?p=56090"},"modified":"2021-01-25T08:57:16","modified_gmt":"2021-01-25T14:57:16","slug":"historia-de-puerto-escondido-por-guillermo-rangel","status":"publish","type":"post","link":"https:\/\/www.eloriente.net\/home\/2019\/02\/27\/historia-de-puerto-escondido-por-guillermo-rangel\/","title":{"rendered":"Historia de Puerto Escondido, por Guillermo Rangel"},"content":{"rendered":"<p><script src=\"\/\/pagead2.googlesyndication.com\/pagead\/js\/adsbygoogle.js\" async=\"\"><span data-mce-type=\"bookmark\" style=\"display: inline-block; width: 0px; overflow: hidden; line-height: 0;\" class=\"mce_SELRES_start\">\ufeff<\/span><\/script><!-- BANNER ELORIENTE INCRUSTADO NOTAS --> <ins class=\"adsbygoogle\" style=\"display: inline-block; width: 300px; height: 250px;\" data-ad-client=\"ca-pub-1136171134853753\" data-ad-slot=\"7974633627\"><\/ins><script>\/\/ <![CDATA[ (adsbygoogle = window.adsbygoogle || []).push({}); \/\/ ]]><\/script><br \/>\neloriente.net<\/p>\n<p>27 de febrero de 2018<\/p>\n<p>A principios del siglo XX Felipe Merklin, de origen Alem\u00e1n, ten\u00eda su finca de caf\u00e9 en San Gabriel Mixtepec, igual que don Guillermo Rojas Mijangos de Miahuatl\u00e1n, fueron los primeros en embarcar su caf\u00e9 en Puerto Escondido, en un barco peque\u00f1o al que, con dos lanchas lo trasladaban de la playa al barco de Celso de la Barrera, que trabajaba para Don Felipe Merklin, quien, por la Segunda Guerra Mundial, tiene que abandonar el pa\u00eds.<\/p>\n<p>Al morir don Celso, Don Guillermo, adquiere una lancha con casco de madera que le traen a remolque de un barco de Puerto Vallarta y que llama \u201cGeorgina\u201d como su hija, con capacidad de 150 sacos de caf\u00e9, y otra que le compra a un barco colombiano que viene a comprar caf\u00e9 y que la baja para tal fin, \u00e9sta tiene el casco de hierro y le llama \u201cGloria\u201d. Con ellas transporta el caf\u00e9 a los barcos que empiezan a llegar al puerto a comprar caf\u00e9.<\/p>\n<p>Puerto Escondido era conocido a principios del siglo XX como Punta Escondida; comenz\u00f3 con una choza que levantaron los polic\u00edas que iban a vigilar los embarques de caf\u00e9, empez\u00f3 a ser poblado y habilitado para la exportaci\u00f3n del caf\u00e9. Al principio el traslado del arom\u00e1tico de las fincas al puerto era en mulas y burros, con jornadas extenuantes y costosas, por lo que los finqueros de la zona, abren el camino de terracer\u00eda, de San Gabriel Mixtepec al Puerto, con pala, pico y carretilla. Con el camino, los primeros camiones que compra don Guillermo le llegan por barco y los baja con tablas a las lanchas y a la playa.<\/p>\n<p><script async src=\"\/\/\"><\/script><br \/>\n<ins class=\"adsbygoogle\" style=\"display: block; text-align: center;\" data-ad-layout=\"in-article\" data-ad-format=\"fluid\" data-ad-client=\"ca-pub-1136171134853753\" data-ad-slot=\"8578966557\"><\/ins><br \/>\n<script>\n     (adsbygoogle = window.adsbygoogle || []).push({});\n<\/script><\/p>\n<p>El camino de terracer\u00eda de Oaxaca hacia Puerto, s\u00f3lo llegaba hasta Sola de Vega. Se trabajaba en un camino angosto que comunicar\u00eda a Puerto Escondido con Salina Cruz, Puerto \u00c1ngel, hasta llegar a Acapulco.<\/p>\n<p>El camino era muy dif\u00edcil de transitar para sacar el caf\u00e9 de la finca al puerto y construye una pista a\u00e9rea en la finca para transportar el caf\u00e9 al puerto en avionetas. Por fin, el camino de terracer\u00eda llega al Puerto y cuenta tambi\u00e9n con una pista a\u00e9rea; don Guillermo adquiere aviones de carga y pasajeros Douglas DC3 bimotor, para 28 pasajeros y carga \u00fatil de 4.5 tons. As\u00ed, constituye la l\u00ednea \u201cAerov\u00edas Rojas\u201d, que llegaba a Puerto Escondido, R\u00edo Grande, San Gabriel Mixtepec, Oaxaca, y otras partes del Estado.<\/p>\n<p>Introduce el tel\u00e9fono de manivela entre las fincas y poblaciones, comunicando a San Gabriel Mixtepec, Santos Reyes Nopala, San Pedro Mixtepec y Puerto Escondido; el primer ganado que compr\u00f3, lo llevaron por barco y lo echaron al mar, de donde salieron toros y vacas nadando a las playas del Puerto.<\/p>\n<p>Se afianza como puerto comercial por el embarque del caf\u00e9 de las fincas, esto impulsa el desarrollo de este importante lugar y la inmigraci\u00f3n de personas; llega un agente aduanal y trabajadores que se dedican a cargar el caf\u00e9 de las bodegas a los barcos y crean el primer sindicato denominado la Coruba.<\/p>\n<p>En los cincuenta, se construye en la ex \u2013 Hacienda de \u201cSan Luis Beltr\u00e1n\u201d el primer aeropuerto de la ciudad, que funciona hasta 1967el Sr. Rojas, le compra a don Luis Sarmiento terrenos para tener su hangar y bodegas, de \u00abAerov\u00edas Rojas\u201d. Hoy Colonia Antiguo Aeropuerto.<\/p>\n<p>En 1960 llega la carretera 200 que lo conecta con Acapulco despu\u00e9s llegar\u00eda la carretera Federal 131 de Oaxaca v\u00eda Sola de Vega a Puerto Escondido.<\/p>\n<p>Esto facilita las comunicaciones entre el Puerto y la capital de Oaxaca. El suministro de agua potable empieza en esos a\u00f1os en el Puerto, adem\u00e1s del peque\u00f1o aeropuerto, el servicio de correo y otras oficinas gubernamentales. Sin embargo, en la d\u00e9cada de 1970 s\u00f3lo unas 400 personas viv\u00edan en la localidad y en Semana Santa, desde los sesentas, empezaron a acudir familias oaxaque\u00f1as a vacacionar.<\/p>\n<p>Esta ciudad y su zona conurbada, ten\u00edan un total de 47.809 habitantes seg\u00fan Censo de 2010.<\/p>\n<figure id=\"attachment_56091\" aria-describedby=\"caption-attachment-56091\" style=\"width: 451px\" class=\"wp-caption alignnone\"><a href=\"http:\/\/www.eloriente.net\/home\/wp-content\/uploads\/2019\/02\/Lorenzo-Tlacaelel-Licencia-CC-Puerto-Escondido-Oaxaca.jpg\"><img loading=\"lazy\" decoding=\"async\" class=\" wp-image-56091\" src=\"http:\/\/www.eloriente.net\/home\/wp-content\/uploads\/2019\/02\/Lorenzo-Tlacaelel-Licencia-CC-Puerto-Escondido-Oaxaca-1024x765.jpg\" alt=\"\" width=\"451\" height=\"337\" srcset=\"https:\/\/www.eloriente.net\/home\/wp-content\/uploads\/2019\/02\/Lorenzo-Tlacaelel-Licencia-CC-Puerto-Escondido-Oaxaca-1024x765.jpg 1024w, https:\/\/www.eloriente.net\/home\/wp-content\/uploads\/2019\/02\/Lorenzo-Tlacaelel-Licencia-CC-Puerto-Escondido-Oaxaca-300x224.jpg 300w, https:\/\/www.eloriente.net\/home\/wp-content\/uploads\/2019\/02\/Lorenzo-Tlacaelel-Licencia-CC-Puerto-Escondido-Oaxaca-768x574.jpg 768w, https:\/\/www.eloriente.net\/home\/wp-content\/uploads\/2019\/02\/Lorenzo-Tlacaelel-Licencia-CC-Puerto-Escondido-Oaxaca.jpg 2048w\" sizes=\"(max-width: 451px) 100vw, 451px\" \/><\/a><figcaption id=\"caption-attachment-56091\" class=\"wp-caption-text\">Imagen: Lorenzo Tlacalel licencia CC. Puerto Escondido<\/figcaption><\/figure>\n<p><script async src=\"https:\/\/pagead2.googlesyndication.com\/pagead\/js\/adsbygoogle.js\"><\/script><br \/>\n<ins class=\"adsbygoogle\" style=\"display: block;\" data-ad-format=\"autorelaxed\" data-ad-client=\"ca-pub-1136171134853753\" data-ad-slot=\"4595267748\"><\/ins><br \/>\n<script>\n     (adsbygoogle = window.adsbygoogle || []).push({});\n<\/script><\/p>\n\n\t\t\t  <div \n\t\t\t  \tclass = \"fb-comments\" \n\t\t\t  \tdata-href = \"https:\/\/www.eloriente.net\/home\/2019\/02\/27\/historia-de-puerto-escondido-por-guillermo-rangel\/\"\n\t\t\t  \tdata-numposts = \"10\"\n\t\t\t\tdata-colorscheme = \"dark\"\n\t\t\t\tdata-order-by = \"social\"\n\t\t\t\tdata-mobile=true>\n\t\t\t  <\/div>\n\t\t  <style>\n\t\t\t.fb_iframe_widget_fluid_desktop iframe {\n\t\t\t    width: 100% !important;\n\t\t\t}\n\t\t  <\/style>\n\t\t  ","protected":false},"excerpt":{"rendered":"<p>eloriente.net 27 de febrero de 2018 A principios del siglo XX Felipe Merklin, de origen Alem\u00e1n, ten\u00eda su finca de caf\u00e9 en San Gabriel Mixtepec, igual que don Guillermo Rojas Mijangos de Miahuatl\u00e1n, fueron los primeros en embarcar su caf\u00e9 en Puerto Escondido, en un barco peque\u00f1o al que, con dos lanchas lo trasladaban de [&hellip;]<\/p>\n","protected":false},"author":1,"featured_media":56091,"comment_status":"open","ping_status":"open","sticky":false,"template":"","format":"standard","meta":{"_jetpack_memberships_contains_paid_content":false,"footnotes":""},"categories":[624,49,9,32,63,10212,10504,464],"tags":[9526,10214,10213,73,784],"class_list":["post-56090","post","type-post","status-publish","format-standard","has-post-thumbnail","hentry","category-articulistas","category-destacadas","category-editorial","category-entradas","category-estados","category-guillermo-rangel-rojas","category-las-ultimas-12","category-oaxaca-estados","tag-costa-de-oaxaca","tag-guillermo-rangel","tag-historia-puerto-escondido","tag-oaxaca","tag-puerto-escondido"],"jetpack_featured_media_url":"https:\/\/www.eloriente.net\/home\/wp-content\/uploads\/2019\/02\/Lorenzo-Tlacaelel-Licencia-CC-Puerto-Escondido-Oaxaca.jpg","jetpack_sharing_enabled":true,"_links":{"self":[{"href":"https:\/\/www.eloriente.net\/home\/wp-json\/wp\/v2\/posts\/56090"}],"collection":[{"href":"https:\/\/www.eloriente.net\/home\/wp-json\/wp\/v2\/posts"}],"about":[{"href":"https:\/\/www.eloriente.net\/home\/wp-json\/wp\/v2\/types\/post"}],"author":[{"embeddable":true,"href":"https:\/\/www.eloriente.net\/home\/wp-json\/wp\/v2\/users\/1"}],"replies":[{"embeddable":true,"href":"https:\/\/www.eloriente.net\/home\/wp-json\/wp\/v2\/comments?post=56090"}],"version-history":[{"count":2,"href":"https:\/\/www.eloriente.net\/home\/wp-json\/wp\/v2\/posts\/56090\/revisions"}],"predecessor-version":[{"id":63937,"href":"https:\/\/www.eloriente.net\/home\/wp-json\/wp\/v2\/posts\/56090\/revisions\/63937"}],"wp:featuredmedia":[{"embeddable":true,"href":"https:\/\/www.eloriente.net\/home\/wp-json\/wp\/v2\/media\/56091"}],"wp:attachment":[{"href":"https:\/\/www.eloriente.net\/home\/wp-json\/wp\/v2\/media?parent=56090"}],"wp:term":[{"taxonomy":"category","embeddable":true,"href":"https:\/\/www.eloriente.net\/home\/wp-json\/wp\/v2\/categories?post=56090"},{"taxonomy":"post_tag","embeddable":true,"href":"https:\/\/www.eloriente.net\/home\/wp-json\/wp\/v2\/tags?post=56090"}],"curies":[{"name":"wp","href":"https:\/\/api.w.org\/{rel}","templated":true}]}}