{"id":56210,"date":"2019-03-14T14:48:23","date_gmt":"2019-03-14T20:48:23","guid":{"rendered":"http:\/\/www.eloriente.net\/home\/?p=56210"},"modified":"2019-03-14T14:48:23","modified_gmt":"2019-03-14T20:48:23","slug":"logra-fiscalia-general-sentencia-por-50-anos-contra-secuestradores","status":"publish","type":"post","link":"https:\/\/www.eloriente.net\/home\/2019\/03\/14\/logra-fiscalia-general-sentencia-por-50-anos-contra-secuestradores\/","title":{"rendered":"Logra Fiscal\u00eda General sentencia por 50 a\u00f1os contra secuestradores"},"content":{"rendered":"<p style=\"font-weight: 400;\">(www.eloriente.net, M\u00e9xico, 14 de marzo de 2019).-\u00a0A una pena de 50 a\u00f1os fueron sentenciadas dos personas del sexo masculino, que responden a los nombres de J. H. M o M. L. A y R. L. V, por el delito de secuestro agravado cometido en agravio de A. L. G M.<\/p>\n<p style=\"font-weight: 400;\">De acuerdo con la Fiscal\u00eda Especializada para la Atenci\u00f3n a Delitos de Alto Impacto \u2013a trav\u00e9s de la Unidad Especializada en el Combate al Secuestro- y con base a la causa penal 410\/2016, el 11 de diciembre de 2016, la v\u00edctima conduc\u00eda una camioneta pasajera con destino a Santa Mar\u00eda Yosocani, a la altura de Rancho Viejo, cuando una persona que ven\u00eda como pasajero le solicito bajar de la unidad.<\/p>\n<p><script src=\"\/\/pagead2googlesyndication.com\/pagead\/js\/adsbygoogle.js\" async=\"\"><\/script><!-- BANNER ELORIENTE INCRUSTADO NOTAS --> <ins class=\"adsbygoogle\" style=\"display: inline-block; width: 300px; height: 250px;\" data-ad-client=\"ca-pub-1136171134853753\" data-ad-slot=\"7974633627\"><\/ins><script>\/\/ <![CDATA[ (adsbygoogle = window.adsbygoogle || []).push({}); \/\/ ]]><\/script><\/p>\n<p style=\"font-weight: 400;\">Al detenerse, lleg\u00f3 otra persona a bordo de una unidad de motor y junto con el otro sujeto secuestraron a la v\u00edctima, hasta llegar a la poblaci\u00f3n Agua de la Ca\u00f1a, exigiendo el pago de un rescate. El 13 de diciembre de 2016, fue liberada la v\u00edctima.<\/p>\n<p style=\"font-weight: 400;\">Por estos hechos, la Fiscal\u00eda General del Estado de Oaxaca inici\u00f3 la carpeta correspondiente y despu\u00e9s de una investigaci\u00f3n exhaustiva y diligente, se logr\u00f3 la aprehensi\u00f3n de los imputados J. H. M o M. L. A y R. L. V, el 14 de diciembre del 2016, al momento en que pretend\u00edan cobrar el rescate en Santiago Pinotepa Nacional.<\/p>\n<p style=\"font-weight: 400;\">Una vez agotadas las etapas del proceso penal, el Tribunal de Debate valor\u00f3 todas las pruebas y por unanimidad de votos dict\u00f3 fallo condenatorio contra los responsables, imponi\u00e9ndoles la pena de 50 a\u00f1os de prisi\u00f3n.<\/p>\n<p style=\"font-weight: 400;\">Con estas acciones, la Instituci\u00f3n de procuraci\u00f3n de justicia refrenda su compromiso de aplicar la ley con firmeza y no permitir la impunidad de delitos que atenten contra la integridad de las familias oaxaque\u00f1as.<\/p>\n<p><script async src=\"\/\/pagead2.googlesyndication.com\/pagead\/js\/adsbygoogle.js\"><\/script><br \/>\n<ins class=\"adsbygoogle\" style=\"display: block;\" data-ad-format=\"autorelaxed\" data-ad-client=\"ca-pub-1136171134853753\" data-ad-slot=\"4595267748\"><\/ins><br \/>\n<script>\n     (adsbygoogle = window.adsbygoogle || []).push({});\n<\/script><\/p>\n\n\t\t\t  <div \n\t\t\t  \tclass = \"fb-comments\" \n\t\t\t  \tdata-href = \"https:\/\/www.eloriente.net\/home\/2019\/03\/14\/logra-fiscalia-general-sentencia-por-50-anos-contra-secuestradores\/\"\n\t\t\t  \tdata-numposts = \"10\"\n\t\t\t\tdata-colorscheme = \"dark\"\n\t\t\t\tdata-order-by = \"social\"\n\t\t\t\tdata-mobile=true>\n\t\t\t  <\/div>\n\t\t  <style>\n\t\t\t.fb_iframe_widget_fluid_desktop iframe {\n\t\t\t    width: 100% !important;\n\t\t\t}\n\t\t  <\/style>\n\t\t  ","protected":false},"excerpt":{"rendered":"<p>(www.eloriente.net, M\u00e9xico, 14 de marzo de 2019).-\u00a0A una pena de 50 a\u00f1os fueron sentenciadas dos personas del sexo masculino, que responden a los nombres de J. H. M o M. L. A y R. L. V, por el delito de secuestro agravado cometido en agravio de A. L. G M. De acuerdo con la Fiscal\u00eda [&hellip;]<\/p>\n","protected":false},"author":48,"featured_media":56211,"comment_status":"open","ping_status":"open","sticky":false,"template":"","format":"standard","meta":{"_jetpack_memberships_contains_paid_content":false,"footnotes":""},"categories":[1588,91,32,10],"tags":[10259,5929,8262,1365],"class_list":["post-56210","post","type-post","status-publish","format-standard","has-post-thumbnail","hentry","category-comunicados-y-boletines","category-congreso-y-justicia","category-entradas","category-lo-mas-reciente","tag-fgeo","tag-fiscalia-especializada-para-al-atencion-de-delitos-electorales","tag-fiscalia-general-del-estado-de-oaxaca","tag-secuestro"],"jetpack_featured_media_url":"https:\/\/www.eloriente.net\/home\/wp-content\/uploads\/2019\/03\/que-significa-la-bandera-blanca-e1552596300235.jpg","jetpack_sharing_enabled":true,"_links":{"self":[{"href":"https:\/\/www.eloriente.net\/home\/wp-json\/wp\/v2\/posts\/56210"}],"collection":[{"href":"https:\/\/www.eloriente.net\/home\/wp-json\/wp\/v2\/posts"}],"about":[{"href":"https:\/\/www.eloriente.net\/home\/wp-json\/wp\/v2\/types\/post"}],"author":[{"embeddable":true,"href":"https:\/\/www.eloriente.net\/home\/wp-json\/wp\/v2\/users\/48"}],"replies":[{"embeddable":true,"href":"https:\/\/www.eloriente.net\/home\/wp-json\/wp\/v2\/comments?post=56210"}],"version-history":[{"count":1,"href":"https:\/\/www.eloriente.net\/home\/wp-json\/wp\/v2\/posts\/56210\/revisions"}],"predecessor-version":[{"id":56212,"href":"https:\/\/www.eloriente.net\/home\/wp-json\/wp\/v2\/posts\/56210\/revisions\/56212"}],"wp:featuredmedia":[{"embeddable":true,"href":"https:\/\/www.eloriente.net\/home\/wp-json\/wp\/v2\/media\/56211"}],"wp:attachment":[{"href":"https:\/\/www.eloriente.net\/home\/wp-json\/wp\/v2\/media?parent=56210"}],"wp:term":[{"taxonomy":"category","embeddable":true,"href":"https:\/\/www.eloriente.net\/home\/wp-json\/wp\/v2\/categories?post=56210"},{"taxonomy":"post_tag","embeddable":true,"href":"https:\/\/www.eloriente.net\/home\/wp-json\/wp\/v2\/tags?post=56210"}],"curies":[{"name":"wp","href":"https:\/\/api.w.org\/{rel}","templated":true}]}}