{"id":56473,"date":"2019-04-17T12:45:18","date_gmt":"2019-04-17T18:45:18","guid":{"rendered":"http:\/\/www.eloriente.net\/home\/?p=56473"},"modified":"2019-04-17T12:47:29","modified_gmt":"2019-04-17T18:47:29","slug":"silvia-maria-en-el-teatro-macedonio-alcala","status":"publish","type":"post","link":"https:\/\/www.eloriente.net\/home\/2019\/04\/17\/silvia-maria-en-el-teatro-macedonio-alcala\/","title":{"rendered":"Silvia Mar\u00eda en el Teatro Macedonio Alcal\u00e1"},"content":{"rendered":"<p>(www.eloriente.net, M\u00e9xico, 17 de abril de 2019, por <a href=\"https:\/\/twitter.com\/LuisOsorio8a\" target=\"_blank\" rel=\"noopener\">Luis Alberto Osorio Ochoa<\/a>).- <a href=\"http:\/\/www.eloriente.net\/home\/2014\/10\/29\/escucha-a-bertha-cervantes-laura-herrera-alfonso-silva-y-silvia-zuniga-en-todo-oaxaca-radio-28oct2014\/\" target=\"_blank\" rel=\"noopener\">Silvia Mar\u00eda<\/a> es cantautora. promotora cultural y referente de la m\u00fasica popular oaxaque\u00f1a. Su talento y su sencillez ha representado a M\u00e9xico en grandes escenarios internacionales.<\/p>\n<p>Con motivo de su pr\u00f3xima presentaci\u00f3n, este jueves 18 de abril en el Teatro Macedonio Alcal\u00e1, charlamos con ella, en directo, en el estudio de El Oriente. Nos revel\u00f3, con una sensibilidad a flor de piel. algunos de los momentos m\u00e1s especiales de su carrera, y nos invit\u00f3 a su pr\u00f3ximo concierto.<\/p>\n<p><iframe loading=\"lazy\" style=\"border: none; overflow: hidden;\" src=\"https:\/\/www.facebook.com\/plugins\/video.php?href=https%3A%2F%2Fwww.facebook.com%2Feloriente.net%2Fvideos%2F1022989481225848%2F&amp;show_text=0&amp;width=560\" width=\"560\" height=\"315\" frameborder=\"0\" scrolling=\"no\" allowfullscreen=\"allowfullscreen\"><\/iframe><\/p>\n<p><script src=\"\/\/pagead2googlesyndication.com\/pagead\/js\/adsbygoogle.js\" async=\"\"><\/script><!-- BANNER ELORIENTE INCRUSTADO NOTAS --> <ins class=\"adsbygoogle\" style=\"display: inline-block; width: 300px; height: 250px;\" data-ad-client=\"ca-pub-1136171134853753\" data-ad-slot=\"7974633627\"><\/ins><script>\/\/ <![CDATA[ (adsbygoogle = window.adsbygoogle || []).push({}); \/\/ ]]><\/script><\/p>\n<p><a href=\"http:\/\/www.eloriente.net\/home\/wp-content\/uploads\/2019\/04\/PHOTO-2019-04-16-12-26-34.jpg\"><img loading=\"lazy\" decoding=\"async\" class=\"alignnone wp-image-56474\" src=\"http:\/\/www.eloriente.net\/home\/wp-content\/uploads\/2019\/04\/PHOTO-2019-04-16-12-26-34-667x1024.jpg\" alt=\"\" width=\"549\" height=\"843\" srcset=\"https:\/\/www.eloriente.net\/home\/wp-content\/uploads\/2019\/04\/PHOTO-2019-04-16-12-26-34-667x1024.jpg 667w, https:\/\/www.eloriente.net\/home\/wp-content\/uploads\/2019\/04\/PHOTO-2019-04-16-12-26-34-195x300.jpg 195w, https:\/\/www.eloriente.net\/home\/wp-content\/uploads\/2019\/04\/PHOTO-2019-04-16-12-26-34-768x1179.jpg 768w, https:\/\/www.eloriente.net\/home\/wp-content\/uploads\/2019\/04\/PHOTO-2019-04-16-12-26-34.jpg 834w\" sizes=\"(max-width: 549px) 100vw, 549px\" \/><\/a><\/p>\n<p>Fotograf\u00eda principal del Maestro\u00a0<a id=\"js_4gx\" class=\"_hli\" href=\"https:\/\/www.facebook.com\/africa.cimaron?__tn__=%2Cd%2AF%2AF-R&amp;eid=ARBg2V5nEVZfpz-CTk6TH68nYZ_EGA8IE-DV5CqN88hZXkk2TyLwXo1epBYWY6_26RWQgAGDcnYqBTHF&amp;tn-str=%2AF\" data-hovercard=\"\/ajax\/hovercard\/user.php?id=1160942180&amp;extragetparams=%7B%22__tn__%22%3A%22%2Cd%2AF%2AF-R%22%2C%22eid%22%3A%22ARBg2V5nEVZfpz-CTk6TH68nYZ_EGA8IE-DV5CqN88hZXkk2TyLwXo1epBYWY6_26RWQgAGDcnYqBTHF%22%2C%22tn-str%22%3A%22%2AF%22%7D\" data-hovercard-prefer-more-content-show=\"1\" aria-describedby=\"u_4i_1\" aria-owns=\"\">Israel Reyes Larrea<\/a>.<\/p>\n<p><script async src=\"\/\/pagead2.googlesyndication.com\/pagead\/js\/adsbygoogle.js\"><\/script><br \/>\n<ins class=\"adsbygoogle\" style=\"display: block;\" data-ad-format=\"autorelaxed\" data-ad-client=\"ca-pub-1136171134853753\" data-ad-slot=\"4595267748\"><\/ins><br \/>\n<script>\n     (adsbygoogle = window.adsbygoogle || []).push({});\n<\/script><\/p>\n\n\t\t\t  <div \n\t\t\t  \tclass = \"fb-comments\" \n\t\t\t  \tdata-href = \"https:\/\/www.eloriente.net\/home\/2019\/04\/17\/silvia-maria-en-el-teatro-macedonio-alcala\/\"\n\t\t\t  \tdata-numposts = \"10\"\n\t\t\t\tdata-colorscheme = \"dark\"\n\t\t\t\tdata-order-by = \"social\"\n\t\t\t\tdata-mobile=true>\n\t\t\t  <\/div>\n\t\t  <style>\n\t\t\t.fb_iframe_widget_fluid_desktop iframe {\n\t\t\t    width: 100% !important;\n\t\t\t}\n\t\t  <\/style>\n\t\t  ","protected":false},"excerpt":{"rendered":"<p>(www.eloriente.net, M\u00e9xico, 17 de abril de 2019, por Luis Alberto Osorio Ochoa).- Silvia Mar\u00eda es cantautora. promotora cultural y referente de la m\u00fasica popular oaxaque\u00f1a. Su talento y su sencillez ha representado a M\u00e9xico en grandes escenarios internacionales. Con motivo de su pr\u00f3xima presentaci\u00f3n, este jueves 18 de abril en el Teatro Macedonio Alcal\u00e1, charlamos [&hellip;]<\/p>\n","protected":false},"author":48,"featured_media":56487,"comment_status":"open","ping_status":"open","sticky":false,"template":"","format":"standard","meta":{"_jetpack_memberships_contains_paid_content":false,"footnotes":""},"categories":[8,4,18,32,13,83,464,31,12],"tags":[1122,149,73,9322,8330],"class_list":["post-56473","post","type-post","status-publish","format-standard","has-post-thumbnail","hentry","category-agenda","category-canal-2-en-vivo","category-educacion-y-cultura","category-entradas","category-especiales","category-musica-de-oaxaca","category-oaxaca-estados","category-principal","category-todo-oaxaca-radio","tag-entrevista","tag-musica","tag-oaxaca","tag-silvia-maria","tag-teatro-macedonio-alcala"],"jetpack_featured_media_url":"https:\/\/www.eloriente.net\/home\/wp-content\/uploads\/2019\/04\/Captura-de-pantalla-2019-04-17-a-las-13.45.44.png","jetpack_sharing_enabled":true,"_links":{"self":[{"href":"https:\/\/www.eloriente.net\/home\/wp-json\/wp\/v2\/posts\/56473"}],"collection":[{"href":"https:\/\/www.eloriente.net\/home\/wp-json\/wp\/v2\/posts"}],"about":[{"href":"https:\/\/www.eloriente.net\/home\/wp-json\/wp\/v2\/types\/post"}],"author":[{"embeddable":true,"href":"https:\/\/www.eloriente.net\/home\/wp-json\/wp\/v2\/users\/48"}],"replies":[{"embeddable":true,"href":"https:\/\/www.eloriente.net\/home\/wp-json\/wp\/v2\/comments?post=56473"}],"version-history":[{"count":2,"href":"https:\/\/www.eloriente.net\/home\/wp-json\/wp\/v2\/posts\/56473\/revisions"}],"predecessor-version":[{"id":56488,"href":"https:\/\/www.eloriente.net\/home\/wp-json\/wp\/v2\/posts\/56473\/revisions\/56488"}],"wp:featuredmedia":[{"embeddable":true,"href":"https:\/\/www.eloriente.net\/home\/wp-json\/wp\/v2\/media\/56487"}],"wp:attachment":[{"href":"https:\/\/www.eloriente.net\/home\/wp-json\/wp\/v2\/media?parent=56473"}],"wp:term":[{"taxonomy":"category","embeddable":true,"href":"https:\/\/www.eloriente.net\/home\/wp-json\/wp\/v2\/categories?post=56473"},{"taxonomy":"post_tag","embeddable":true,"href":"https:\/\/www.eloriente.net\/home\/wp-json\/wp\/v2\/tags?post=56473"}],"curies":[{"name":"wp","href":"https:\/\/api.w.org\/{rel}","templated":true}]}}