{"id":57460,"date":"2019-08-08T20:35:02","date_gmt":"2019-08-09T02:35:02","guid":{"rendered":"http:\/\/www.eloriente.net\/home\/?p=57460"},"modified":"2019-08-08T20:47:51","modified_gmt":"2019-08-09T02:47:51","slug":"que-son-las-sociedades-digitales","status":"publish","type":"post","link":"https:\/\/www.eloriente.net\/home\/2019\/08\/08\/que-son-las-sociedades-digitales\/","title":{"rendered":"\u00bfQu\u00e9 son las sociedades digitales?"},"content":{"rendered":"<p>Por\u00a0Carla Torres, <a href=\"http:\/\/ciencia.unam.mx\/\" target=\"_blank\" rel=\"noopener\">Ciencia UNAM, DGDC\u00a0<\/a><\/p>\n<p>En 2008 la firma Walt-Disney Pictures nos trajo la pel\u00edcula animada Wall-E, en donde el protagonista pasaba por una serie de aventuras dentro y fuera de la Tierra con el objetivo de reestablecer la vida en el planeta, en un futuro m\u00e1s all\u00e1 del a\u00f1o 2100.<\/p>\n<p>La historia nos muestra una sociedad que depende al 100 por ciento de\u00a0<b>la tecnolog\u00eda<\/b>\u00a0y los\u00a0<b>medios digitales<\/b>\u00a0y podr\u00edamos, hoy en d\u00eda, identificarnos con algunos aspectos de esa cinta. Pero m\u00e1s all\u00e1 de asustarnos por alguna rebeli\u00f3n de la tecnolog\u00eda, la mayor\u00eda hemos podido experimentar c\u00f3mo la era digital nos ha acercado a lugares y a personas que cre\u00edamos imposibles.<\/p>\n<p>La\u00a0<b>velocidad<\/b>\u00a0del desarrollo de las tecnolog\u00edas de comunicaci\u00f3n es sorprendente. Hace 30 a\u00f1os, no exist\u00edan los\u00a0<b>tel\u00e9fonos m\u00f3viles<\/b>\u00a0o\u00a0<b>internet;<\/b>\u00a0hoy las actividades de millones de personas dependen de esos sistemas.<\/p>\n<p><script async src=\"https:\/\/pagead2.googlesyndication.com\/pagead\/js\/adsbygoogle.js\"><\/script><br \/>\n<ins class=\"adsbygoogle\" style=\"display: block; text-align: center;\" data-ad-layout=\"in-article\" data-ad-format=\"fluid\" data-ad-client=\"ca-pub-1136171134853753\" data-ad-slot=\"5545504441\"><\/ins><br \/>\n<script>\n     (adsbygoogle = window.adsbygoogle || []).push({});\n<\/script>Pero a\u00fan existe\u00a0<b>gente que no cuenta con tecnolog\u00eda<\/b>\u00a0como internet, lo que limita sus servicios en salud, educaci\u00f3n, comunicaci\u00f3n y su desarrollo econ\u00f3mico. En Iberoam\u00e9rica, Espa\u00f1a ocupa el lugar 26, Argentina el 52, Costa Rica 57, Brasil 61 y M\u00e9xico el 95 en lo referente a la utilizaci\u00f3n, acceso y habilidades digitales.<\/p>\n<p>De acuerdo con\u00a0<b>Sergio Carrera Rivapalacio<\/b>, director ejecutivo del Centro de Investigaci\u00f3n Especializado en el Desarrollo de Tecnolog\u00edas de la Informaci\u00f3n y Comunicaci\u00f3n, una Sociedad Digital es la evoluci\u00f3n de la sociedad utilizando la tecnolog\u00eda.<\/p>\n<p>\u201cEl cambio es tan poderoso que es equivalente a una nueva\u00a0<b>revoluci\u00f3n industrial.<\/b>\u00a0La forma en que vivimos es completamente diferente, pues se caracteriza por la rapidez del intercambio de informaci\u00f3n. Es un crecimiento exponencial\u201d.<\/p>\n<p>El cambio ha sido tan r\u00e1pido que nos vemos forzados a mantenernos al ritmo. Federico Torres, director del \u00e1rea de Investigaci\u00f3n y Desarrollo Tecnol\u00f3gico del Ministerio de Ciencia, Tecnolog\u00eda y Telecomunicaciones de Costa Rica se\u00f1ala que \u201clos pa\u00edses se ven forzados a correr para alcanzar la tecnolog\u00eda, pues est\u00e1 impactando los modelos productivos de los pa\u00edses, adem\u00e1s de que ha aumentado las competencias entre los mismos\u201d.<\/p>\n<h3>Internet en M\u00e9xico<\/h3>\n<p>Alrededor del 60 por ciento de la\u00a0<a href=\"http:\/\/ciencia.unam.mx\/leer\/204\/Mexico_penultimo_lugar_en_uso_de_Internet_para_aprendizaje\">poblaci\u00f3n mexicana<\/a>\u00a0tiene acceso a internet. Los pa\u00edses peque\u00f1os \u2013 como Costa Rica- tienen la ventaja de que su poblaci\u00f3n se encuentra concentrada a lo largo de todo su territorio. Sin embargo, en pa\u00edses como M\u00e9xico, la desigualdad se vuelve m\u00e1s evidente en todos los sentidos, y en acceso a internet no es la excepci\u00f3n, lo que pone al frente un gran reto de alcance para todos los ciudadanos.<\/p>\n<p>\u00bfPor qu\u00e9 es tan importante tener acceso a internet? En primera, en nuestro pa\u00eds es un mandato constitucional; en segunda, para evitar el rezago en informaci\u00f3n, la p\u00e9rdida de\u00a0<b>competitividad,<\/b>\u00a0de econom\u00eda y oportunidades. El contar con este acceso es tarea de toda Iberoam\u00e9rica.<\/p>\n<p>Un t\u00e9rmino que ha sido utilizado para las personas que no cuentan con acceso a estas tecnolog\u00edas de la informaci\u00f3n es el de \u201cAnalfabetas digitales\u201d. Para estas personas, el nulo acceso a estas tecnolog\u00edas les limita la posibilidad, no solo de consumir informaci\u00f3n, sino de crear sus propios contenidos y por lo tanto generar valor agregado o emprendimientos.<\/p>\n<h3>Econom\u00eda colaborativa<\/h3>\n<p>Aplicaciones como Uber, Amazon o Airbnb tambi\u00e9n han cambiado nuestra forma de transportarnos de un lugar a otro, realizar compras desde la comodidad de nuestro hogar, o inclusive, tener un hogar fuera de nuestro pa\u00eds por algunos d\u00edas. La\u00a0<b>\u201cEconom\u00eda colaborativa\u201d<\/b>\u00a0se genera a partir de las preferencias de las personas y ofrece este tipo de servicios donde no se requiere de infraestructura para realizar el trabajo, lo que reduce costos y esfuerzo para ambas partes.<\/p>\n<p>Por ello, para otorgar y acelerar las oportunidades de quienes no han logrado a\u00fan tener los beneficios de estas tecnolog\u00edas, los expertos han recomendado mejorar tres puntos b\u00e1sicos: acelerar el acceso, el uso y las habilidades.<\/p>\n<p>Una sociedad digital no se refiere \u00fanicamente al entretenimiento y las redes sociales, sino a buscar\u00a0<b>soluciones<\/b>\u00a0a problemas concretos.<\/p>\n<p><em>*Este art\u00edculo fue publicado originalmente en enero de 2018.<\/em><\/p>\n<p>&nbsp;<\/p>\n<h4>Este art\u00edculo es presentado por <a href=\"https:\/\/www.facebook.com\/staffcom.oaxaca\/?ref=br_rs\" target=\"_blank\" rel=\"noopener\">Staffcom Despacho de Comunicaci\u00f3n<\/a><\/h4>\n<p>Staffcom desarrolla\u00a0estrategias de comunicaci\u00f3n, creaci\u00f3n de contenido y gesti\u00f3n de redes sociales, p\u00e1ginas de internet, campa\u00f1as de comunicaci\u00f3n, discursos y producci\u00f3n audiovisual. Tambi\u00e9n ofrece consultor\u00eda p\u00fablica, cultural y empresarial.<\/p>\n<div class=\"_2cuy _3dgx _2vxa\">M\u00e1s informaci\u00f3n en\u00a0<a href=\"https:\/\/www.facebook.com\/staffcom.oaxaca\/?ref=br_rs\" target=\"_blank\" rel=\"noopener\">Staffcom Despacho de Comunicaci\u00f3n<\/a>.<\/div>\n<div><\/div>\n<div><a href=\"http:\/\/www.eloriente.net\/home\/wp-content\/uploads\/2012\/08\/LOGO.jpg\"><img loading=\"lazy\" decoding=\"async\" class=\"aligncenter wp-image-38985\" src=\"http:\/\/www.eloriente.net\/home\/wp-content\/uploads\/2012\/08\/LOGO.jpg\" alt=\"\" width=\"323\" height=\"487\" srcset=\"https:\/\/www.eloriente.net\/home\/wp-content\/uploads\/2012\/08\/LOGO.jpg 432w, https:\/\/www.eloriente.net\/home\/wp-content\/uploads\/2012\/08\/LOGO-199x300.jpg 199w\" sizes=\"(max-width: 323px) 100vw, 323px\" \/><\/a><\/div>\n\n\t\t\t  <div \n\t\t\t  \tclass = \"fb-comments\" \n\t\t\t  \tdata-href = \"https:\/\/www.eloriente.net\/home\/2019\/08\/08\/que-son-las-sociedades-digitales\/\"\n\t\t\t  \tdata-numposts = \"10\"\n\t\t\t\tdata-colorscheme = \"dark\"\n\t\t\t\tdata-order-by = \"social\"\n\t\t\t\tdata-mobile=true>\n\t\t\t  <\/div>\n\t\t  <style>\n\t\t\t.fb_iframe_widget_fluid_desktop iframe {\n\t\t\t    width: 100% !important;\n\t\t\t}\n\t\t  <\/style>\n\t\t  ","protected":false},"excerpt":{"rendered":"<p>Por\u00a0Carla Torres, Ciencia UNAM, DGDC\u00a0 En 2008 la firma Walt-Disney Pictures nos trajo la pel\u00edcula animada Wall-E, en donde el protagonista pasaba por una serie de aventuras dentro y fuera de la Tierra con el objetivo de reestablecer la vida en el planeta, en un futuro m\u00e1s all\u00e1 del a\u00f1o 2100. La historia nos muestra [&hellip;]<\/p>\n","protected":false},"author":54,"featured_media":57463,"comment_status":"open","ping_status":"open","sticky":false,"template":"","format":"standard","meta":{"_jetpack_memberships_contains_paid_content":false,"footnotes":""},"categories":[10504,17],"tags":[230,10571,4219],"class_list":["post-57460","post","type-post","status-publish","format-standard","has-post-thumbnail","hentry","category-las-ultimas-12","category-tecnologia","tag-internet","tag-sociedad-digital","tag-tecnologias-de-la-informacion"],"jetpack_featured_media_url":"https:\/\/www.eloriente.net\/home\/wp-content\/uploads\/2019\/08\/sociedad-digital.jpg","jetpack_sharing_enabled":true,"_links":{"self":[{"href":"https:\/\/www.eloriente.net\/home\/wp-json\/wp\/v2\/posts\/57460"}],"collection":[{"href":"https:\/\/www.eloriente.net\/home\/wp-json\/wp\/v2\/posts"}],"about":[{"href":"https:\/\/www.eloriente.net\/home\/wp-json\/wp\/v2\/types\/post"}],"author":[{"embeddable":true,"href":"https:\/\/www.eloriente.net\/home\/wp-json\/wp\/v2\/users\/54"}],"replies":[{"embeddable":true,"href":"https:\/\/www.eloriente.net\/home\/wp-json\/wp\/v2\/comments?post=57460"}],"version-history":[{"count":3,"href":"https:\/\/www.eloriente.net\/home\/wp-json\/wp\/v2\/posts\/57460\/revisions"}],"predecessor-version":[{"id":57464,"href":"https:\/\/www.eloriente.net\/home\/wp-json\/wp\/v2\/posts\/57460\/revisions\/57464"}],"wp:featuredmedia":[{"embeddable":true,"href":"https:\/\/www.eloriente.net\/home\/wp-json\/wp\/v2\/media\/57463"}],"wp:attachment":[{"href":"https:\/\/www.eloriente.net\/home\/wp-json\/wp\/v2\/media?parent=57460"}],"wp:term":[{"taxonomy":"category","embeddable":true,"href":"https:\/\/www.eloriente.net\/home\/wp-json\/wp\/v2\/categories?post=57460"},{"taxonomy":"post_tag","embeddable":true,"href":"https:\/\/www.eloriente.net\/home\/wp-json\/wp\/v2\/tags?post=57460"}],"curies":[{"name":"wp","href":"https:\/\/api.w.org\/{rel}","templated":true}]}}