{"id":57712,"date":"2019-08-28T22:03:38","date_gmt":"2019-08-29T04:03:38","guid":{"rendered":"http:\/\/www.eloriente.net\/home\/?p=57712"},"modified":"2019-08-28T22:09:02","modified_gmt":"2019-08-29T04:09:02","slug":"incendio-del-amazonas-sintoma-del-progreso","status":"publish","type":"post","link":"https:\/\/www.eloriente.net\/home\/2019\/08\/28\/incendio-del-amazonas-sintoma-del-progreso\/","title":{"rendered":"Incendio del Amazonas \u00bfs\u00edntoma del progreso?"},"content":{"rendered":"<p>El incendio del Amazonas es preocupante por varias razones como la respuesta del estado y la sociedad frente a esta cat\u00e1strofe, el papel que juega el cambio clim\u00e1tico, la forma en que se aborda la noticia en los medios, el exceso de opiniones y la falta de acciones, por citar algunos ejemplos. Lo m\u00e1s interesante es que a\u00fan con toda la informaci\u00f3n no se llega a focalizar la situaci\u00f3n real que encubre el incendio, pues la atenci\u00f3n divaga en redes sociales en torno a explotar la \u201ccompasi\u00f3n\u201d por la tragedia, la comparativa con otros eventos infortunados que ocurrieron este mismo a\u00f1o (como la catedral de Notre Dame) sin analizar las causas que preceden a que este tipo de eventos ocurran.<\/p>\n<p>Me explico de mejor manera a continuaci\u00f3n: la atenci\u00f3n se pierde en cosas que pueden estar ligadas a emociones como indignaci\u00f3n, enojo, culpa etc. sin revisar c\u00f3mo llegan a surgir este tipo de infortunios. Si se observa la correlaci\u00f3n que existe entre la deforestaci\u00f3n, el cambio clim\u00e1tico \u2013innegable aunque algunos pa\u00edses primermundistas intenten invisibilizarlo- y los intereses econ\u00f3micos que surgen de la actividad agr\u00edcola y ganadera, se pueden apreciar los ejes b\u00e1sicos que dan como resultado este incendio.<\/p>\n<p>En este punto, nos encontraremos con dos obst\u00e1culos importantes: falta de datos y una visi\u00f3n cr\u00edtica que nos permita ver m\u00e1s all\u00e1 y naturalizar los procesos de la econom\u00eda (aun cuando atenten contra la vida, la ecolog\u00eda o la dignidad); y, gracias a la tecnolog\u00eda, una perspectiva centrada en el individuo y su capacidad de ser y existir en el mundo a partir de su consumo \u2013hiper consumismo- y lo que muestra en redes sociales.<\/p>\n<p>La forma de superar estos obst\u00e1culos es la reflexi\u00f3n constante y el acceso a un modelo \u2013al inicio autodidacta- de educaci\u00f3n que nos permita pensar y repensar sobre los hechos que ocurren en nuestro mundo, nuestra participaci\u00f3n en los mismos y qu\u00e9 acciones podemos emprender para aportar soluciones y estrategias que nos acerquen al bienestar, no solo como sociedad sino en armon\u00eda con la naturaleza.<\/p>\n<p>Retomando el punto inicial, si observamos las variables que componen la posible causa del incendio del Amazonas desde una perspectiva cr\u00edtica veremos que en el fondo se trata de una estrategia que impulse la actividad agr\u00edcola y por lo tanto genere flujo de capital, competencia en el mercado y \u201ccrecimiento\u201d de la econom\u00eda, sin embargo la pregunta es <strong><em>\u00bftan valiosa es la econom\u00eda, el capital, el efectivo, que vale la pena destruir la vida, el planeta para obtenerlo?<\/em><\/strong><\/p>\n<p>Si tocamos esta pregunta desde la psicolog\u00eda, estaremos en un verdadero desaf\u00edo pues de por medio hay representaciones culturales, modelos ideol\u00f3gicos dominantes, conductas que por su constancia en el tiempo se han naturalizado, etc. Sin embargo si podemos hacer un acercamiento interesante y cuestionar, en efecto, cua\u00e1l es nuestra postura ante esta situaci\u00f3n y si somos capaces de hacer algo frente al mismo.<\/p>\n<p>Primero los paradigmas actuales de la psicolog\u00eda explica que los seres humanos somos en realidad emocionales y no racionales como tradicionalmente se cre\u00eda, por lo tanto tendemos a conectarnos m\u00e1s f\u00e1cilmente con noticias y datos que tengan una inclinaci\u00f3n emotiva, por otro lado, tambi\u00e9n la neurociencia comprueba que el cerebro busca constantemente ocupar la menor cantidad de energ\u00eda posible, por lo cual seguir las tendencias en redes sociales, las costumbres, los modelos establecidos es algo que hacemos de forma natural.<\/p>\n<p>Respecto a lo que podemos hacer, inicialmente ser m\u00e1s cr\u00edticos y responsables de los contenidos que consumimos, pues entendiendo que nuestro cerebro busca conservar energ\u00eda no cuestionamos lo que consumimos y lo replicamos, como segundo punto, comprender que la preocupaci\u00f3n por macro-contextos incapacita pues nos aleja de las acciones reales y pr\u00e1cticas que podemos hacer en nuestro propio medio, y haciendo \u00e9nfasis en las cuestiones ambientales, las medidas propias de las tres \u201cR\u201d, ser conscientes de lo que realmente necesitamos consumir y lo que no, tirar la basura en su lugar, cuidar el agua, entre otras muchas acciones, pero lo m\u00e1s importante ense\u00f1ar a los ni\u00f1os la importancia de cuidar su medio, para que entiendan finalmente que su medio les es propio, por lo tanto requiere cuidado como las pertenec\u00edas personales.<\/p>\n<p>&nbsp;<\/p>\n<p>Te Proyectas: Incendios en Amazonas desde la psicolog\u00eda<\/p>\n<p>&nbsp;<\/p>\n\n\t\t\t  <div \n\t\t\t  \tclass = \"fb-comments\" \n\t\t\t  \tdata-href = \"https:\/\/www.eloriente.net\/home\/2019\/08\/28\/incendio-del-amazonas-sintoma-del-progreso\/\"\n\t\t\t  \tdata-numposts = \"10\"\n\t\t\t\tdata-colorscheme = \"dark\"\n\t\t\t\tdata-order-by = \"social\"\n\t\t\t\tdata-mobile=true>\n\t\t\t  <\/div>\n\t\t  <style>\n\t\t\t.fb_iframe_widget_fluid_desktop iframe {\n\t\t\t    width: 100% !important;\n\t\t\t}\n\t\t  <\/style>\n\t\t  ","protected":false},"excerpt":{"rendered":"<p>El incendio del Amazonas es preocupante por varias razones como la respuesta del estado y la sociedad frente a esta cat\u00e1strofe, el papel que juega el cambio clim\u00e1tico, la forma en que se aborda la noticia en los medios, el exceso de opiniones y la falta de acciones, por citar algunos ejemplos. Lo m\u00e1s interesante [&hellip;]<\/p>\n","protected":false},"author":51,"featured_media":57640,"comment_status":"open","ping_status":"open","sticky":false,"template":"","format":"standard","meta":{"_jetpack_memberships_contains_paid_content":false,"footnotes":""},"categories":[10504,20,30],"tags":[10577,7468,10645,10646,229,6864,533],"class_list":["post-57712","post","type-post","status-publish","format-standard","has-post-thumbnail","hentry","category-las-ultimas-12","category-medio-ambiente","category-salud","tag-aguas-interiores","tag-amazonas","tag-conducta","tag-pereza-mental","tag-redes-sociales","tag-salud-mental","tag-tendencias"],"jetpack_featured_media_url":"https:\/\/www.eloriente.net\/home\/wp-content\/uploads\/2019\/08\/AMAZONAS-.jpg","jetpack_sharing_enabled":true,"_links":{"self":[{"href":"https:\/\/www.eloriente.net\/home\/wp-json\/wp\/v2\/posts\/57712"}],"collection":[{"href":"https:\/\/www.eloriente.net\/home\/wp-json\/wp\/v2\/posts"}],"about":[{"href":"https:\/\/www.eloriente.net\/home\/wp-json\/wp\/v2\/types\/post"}],"author":[{"embeddable":true,"href":"https:\/\/www.eloriente.net\/home\/wp-json\/wp\/v2\/users\/51"}],"replies":[{"embeddable":true,"href":"https:\/\/www.eloriente.net\/home\/wp-json\/wp\/v2\/comments?post=57712"}],"version-history":[{"count":2,"href":"https:\/\/www.eloriente.net\/home\/wp-json\/wp\/v2\/posts\/57712\/revisions"}],"predecessor-version":[{"id":57717,"href":"https:\/\/www.eloriente.net\/home\/wp-json\/wp\/v2\/posts\/57712\/revisions\/57717"}],"wp:featuredmedia":[{"embeddable":true,"href":"https:\/\/www.eloriente.net\/home\/wp-json\/wp\/v2\/media\/57640"}],"wp:attachment":[{"href":"https:\/\/www.eloriente.net\/home\/wp-json\/wp\/v2\/media?parent=57712"}],"wp:term":[{"taxonomy":"category","embeddable":true,"href":"https:\/\/www.eloriente.net\/home\/wp-json\/wp\/v2\/categories?post=57712"},{"taxonomy":"post_tag","embeddable":true,"href":"https:\/\/www.eloriente.net\/home\/wp-json\/wp\/v2\/tags?post=57712"}],"curies":[{"name":"wp","href":"https:\/\/api.w.org\/{rel}","templated":true}]}}