{"id":57748,"date":"2019-09-01T09:59:38","date_gmt":"2019-09-01T15:59:38","guid":{"rendered":"http:\/\/www.eloriente.net\/home\/?p=57748"},"modified":"2019-09-01T10:15:35","modified_gmt":"2019-09-01T16:15:35","slug":"informe-del-presidente-lopez-obrador-en-vivo-todas-las-senales","status":"publish","type":"post","link":"https:\/\/www.eloriente.net\/home\/2019\/09\/01\/informe-del-presidente-lopez-obrador-en-vivo-todas-las-senales\/","title":{"rendered":"Informe del presidente L\u00f3pez Obrador en vivo: todas las se\u00f1ales"},"content":{"rendered":"<p>Este d\u00eda primero de septiembre, el presidente de M\u00e9xico Andr\u00e9s Manuel L\u00f3pez Obrador rendir\u00e1 su informe de gobierno. El inicial de seis para el cargo al que fue electo en julio de 2018 y del que tom\u00f3 protesta el pasado diciembre.<\/p>\n<p>Por ello, un sinn\u00famero de medios de comunicaci\u00f3n han desplegado una cobertura especial para dar cuenta de este suceso.<\/p>\n<p><script async src=\"https:\/\/pagead2.googlesyndication.com\/pagead\/js\/adsbygoogle.js\"><\/script><br \/>\n<ins class=\"adsbygoogle\" style=\"display: block; text-align: center;\" data-ad-layout=\"in-article\" data-ad-format=\"fluid\" data-ad-client=\"ca-pub-1136171134853753\" data-ad-slot=\"5545504441\"><\/ins><br \/>\n<script>\n     (adsbygoogle = window.adsbygoogle || []).push({});\n<\/script><\/p>\n<p>El mensaje est\u00e1 programado para comenzar a las 11 de la ma\u00f1ana de este domingo. Para m\u00e1s tarde, a las 18 horas, se re\u00fana el Congreso General para recibirlo de manera oficial en la sede parlamentaria. A continuaci\u00f3n, las coberturas especiales de algunos de los m\u00e1s relevantes medios de comunicaci\u00f3n, para que no perdamos detalle de lo informado por el Presidente. Asimismo, en nuestra cuenta de twitter, @El_Oriente y en la cobertura @EleccionesOax estaremos comentando puntualmente algunos aspectos relacionados con el Sur de M\u00e9xico.<\/p>\n<h3>EL HERALDO TV<\/h3>\n<h3>\u00a0<iframe loading=\"lazy\" style=\"border: none; overflow: hidden;\" src=\"https:\/\/www.facebook.com\/plugins\/video.php?href=https%3A%2F%2Fwww.facebook.com%2Felheraldomexico%2Fvideos%2F444994886105577%2F&amp;show_text=0&amp;width=560\" width=\"560\" height=\"315\" frameborder=\"0\" scrolling=\"no\" allowfullscreen=\"allowfullscreen\"><\/iframe><\/h3>\n<h3>W RADIO<\/h3>\n<p><iframe loading=\"lazy\" style=\"border: none; overflow: hidden;\" src=\"https:\/\/www.facebook.com\/plugins\/video.php?href=https%3A%2F%2Fwww.facebook.com%2Fwradiomx%2Fvideos%2F2355702291212885%2F&amp;show_text=0&amp;width=560\" width=\"560\" height=\"315\" frameborder=\"0\" scrolling=\"no\" allowfullscreen=\"allowfullscreen\"><\/iframe><\/p>\n<h3>NOTICIEROS TELEVISA<\/h3>\n<h3><iframe loading=\"lazy\" style=\"border: none; overflow: hidden;\" src=\"https:\/\/www.facebook.com\/plugins\/video.php?href=https%3A%2F%2Fwww.facebook.com%2FNoticierosTelevisacom%2Fvideos%2F2385169878268600%2F&amp;show_text=0&amp;width=560\" width=\"560\" height=\"315\" frameborder=\"0\" scrolling=\"no\" allowfullscreen=\"allowfullscreen\"><\/iframe><\/h3>\n<p><script async src=\"https:\/\/pagead2.googlesyndication.com\/pagead\/js\/adsbygoogle.js\"><\/script><br \/>\n<ins class=\"adsbygoogle\" style=\"display: block; text-align: center;\" data-ad-layout=\"in-article\" data-ad-format=\"fluid\" data-ad-client=\"ca-pub-1136171134853753\" data-ad-slot=\"5545504441\"><\/ins><br \/>\n<script>\n     (adsbygoogle = window.adsbygoogle || []).push({});\n<\/script><\/p>\n<h3>GRUPO REFORMA<\/h3>\n<p><iframe loading=\"lazy\" src=\"https:\/\/www.youtube.com\/embed\/aPtKI4h6TDw\" width=\"560\" height=\"315\" frameborder=\"0\" allowfullscreen=\"allowfullscreen\"><\/iframe><\/p>\n<h3>MILENIO<\/h3>\n<p><iframe loading=\"lazy\" src=\"https:\/\/www.youtube.com\/embed\/GadZv47dBNA\" width=\"560\" height=\"315\" frameborder=\"0\" allowfullscreen=\"allowfullscreen\"><\/iframe><\/p>\n\n\t\t\t  <div \n\t\t\t  \tclass = \"fb-comments\" \n\t\t\t  \tdata-href = \"https:\/\/www.eloriente.net\/home\/2019\/09\/01\/informe-del-presidente-lopez-obrador-en-vivo-todas-las-senales\/\"\n\t\t\t  \tdata-numposts = \"10\"\n\t\t\t\tdata-colorscheme = \"dark\"\n\t\t\t\tdata-order-by = \"social\"\n\t\t\t\tdata-mobile=true>\n\t\t\t  <\/div>\n\t\t  <style>\n\t\t\t.fb_iframe_widget_fluid_desktop iframe {\n\t\t\t    width: 100% !important;\n\t\t\t}\n\t\t  <\/style>\n\t\t  ","protected":false},"excerpt":{"rendered":"<p>Este d\u00eda primero de septiembre, el presidente de M\u00e9xico Andr\u00e9s Manuel L\u00f3pez Obrador rendir\u00e1 su informe de gobierno. El inicial de seis para el cargo al que fue electo en julio de 2018 y del que tom\u00f3 protesta el pasado diciembre. Por ello, un sinn\u00famero de medios de comunicaci\u00f3n han desplegado una cobertura especial para [&hellip;]<\/p>\n","protected":false},"author":57,"featured_media":57749,"comment_status":"open","ping_status":"open","sticky":false,"template":"","format":"standard","meta":{"_jetpack_memberships_contains_paid_content":false,"footnotes":""},"categories":[2434,4,4300,49,32,10504,10,24,21],"tags":[2981,3391,10656,9894,10657],"class_list":["post-57748","post","type-post","status-publish","format-standard","has-post-thumbnail","hentry","category-lunesdepolitica","category-canal-2-en-vivo","category-comunicacion","category-destacadas","category-entradas","category-las-ultimas-12","category-lo-mas-reciente","category-mexico-y-el-mundo","category-politica-y-gobierno","tag-informe-de-gobierno","tag-lopez-obrador","tag-mensaje-a-la-nacion","tag-presidente-de-mexico","tag-primer-informe-lopez-obrador"],"jetpack_featured_media_url":"https:\/\/www.eloriente.net\/home\/wp-content\/uploads\/2019\/09\/A\u0301guila-en-Palacio-Nacional-@LopezObrador_-Junio-2019.jpg","jetpack_sharing_enabled":true,"_links":{"self":[{"href":"https:\/\/www.eloriente.net\/home\/wp-json\/wp\/v2\/posts\/57748"}],"collection":[{"href":"https:\/\/www.eloriente.net\/home\/wp-json\/wp\/v2\/posts"}],"about":[{"href":"https:\/\/www.eloriente.net\/home\/wp-json\/wp\/v2\/types\/post"}],"author":[{"embeddable":true,"href":"https:\/\/www.eloriente.net\/home\/wp-json\/wp\/v2\/users\/57"}],"replies":[{"embeddable":true,"href":"https:\/\/www.eloriente.net\/home\/wp-json\/wp\/v2\/comments?post=57748"}],"version-history":[{"count":1,"href":"https:\/\/www.eloriente.net\/home\/wp-json\/wp\/v2\/posts\/57748\/revisions"}],"predecessor-version":[{"id":57750,"href":"https:\/\/www.eloriente.net\/home\/wp-json\/wp\/v2\/posts\/57748\/revisions\/57750"}],"wp:featuredmedia":[{"embeddable":true,"href":"https:\/\/www.eloriente.net\/home\/wp-json\/wp\/v2\/media\/57749"}],"wp:attachment":[{"href":"https:\/\/www.eloriente.net\/home\/wp-json\/wp\/v2\/media?parent=57748"}],"wp:term":[{"taxonomy":"category","embeddable":true,"href":"https:\/\/www.eloriente.net\/home\/wp-json\/wp\/v2\/categories?post=57748"},{"taxonomy":"post_tag","embeddable":true,"href":"https:\/\/www.eloriente.net\/home\/wp-json\/wp\/v2\/tags?post=57748"}],"curies":[{"name":"wp","href":"https:\/\/api.w.org\/{rel}","templated":true}]}}