{"id":57819,"date":"2019-09-07T12:45:55","date_gmt":"2019-09-07T18:45:55","guid":{"rendered":"http:\/\/www.eloriente.net\/home\/?p=57819"},"modified":"2019-09-07T14:27:57","modified_gmt":"2019-09-07T20:27:57","slug":"jazzista-noruego-llega-a-mexico-con-el-proyecto-elnicho","status":"publish","type":"post","link":"https:\/\/www.eloriente.net\/home\/2019\/09\/07\/jazzista-noruego-llega-a-mexico-con-el-proyecto-elnicho\/","title":{"rendered":"Jazzista noruego llega a M\u00e9xico con el proyecto elnicho\u00a0"},"content":{"rendered":"<h4><\/h4>\n<p>Por <a href=\"https:\/\/noticias.canal22.org.mx\/\">N22<\/a><\/p>\n<p>Para Paal Nilssen-Love fue natural elegir la bater\u00eda y el jazz como trabajo, esto porque la bater\u00eda fue el instrumento de su padre y, adem\u00e1s, fue criado en un club de jazz en Stavanger, Noruega, pa\u00eds del que es originario. Nacido en 1974, a los 16 a\u00f1os ya era parte de la escena del jazz en esa ciudad, uni\u00e9ndose a bandas con m\u00fasicos ya establecidos como el trompetista Didrik Ingvaldsen; trabajo que perfil\u00f3 mucho de lo que ser\u00eda su carrera a futuro. El reconocimiento internacional llegar\u00eda pronto, a los veinte a\u00f1os.<\/p>\n<p><a href=\"http:\/\/www.eloriente.net\/home\/wp-content\/uploads\/2019\/09\/uno.png\"><img loading=\"lazy\" decoding=\"async\" class=\"aligncenter wp-image-57831\" src=\"http:\/\/www.eloriente.net\/home\/wp-content\/uploads\/2019\/09\/uno-300x225.png\" alt=\"\" width=\"550\" height=\"413\" srcset=\"https:\/\/www.eloriente.net\/home\/wp-content\/uploads\/2019\/09\/uno-300x225.png 300w, https:\/\/www.eloriente.net\/home\/wp-content\/uploads\/2019\/09\/uno-768x576.png 768w, https:\/\/www.eloriente.net\/home\/wp-content\/uploads\/2019\/09\/uno-1024x768.png 1024w, https:\/\/www.eloriente.net\/home\/wp-content\/uploads\/2019\/09\/uno-80x60.png 80w, https:\/\/www.eloriente.net\/home\/wp-content\/uploads\/2019\/09\/uno-265x198.png 265w, https:\/\/www.eloriente.net\/home\/wp-content\/uploads\/2019\/09\/uno-696x522.png 696w, https:\/\/www.eloriente.net\/home\/wp-content\/uploads\/2019\/09\/uno-1068x801.png 1068w, https:\/\/www.eloriente.net\/home\/wp-content\/uploads\/2019\/09\/uno-560x420.png 560w, https:\/\/www.eloriente.net\/home\/wp-content\/uploads\/2019\/09\/uno.png 1500w\" sizes=\"(max-width: 550px) 100vw, 550px\" \/><\/a><\/p>\n<p>Actualmente el jazzista noruego realiza el tour Large Unit, un recorrido por todo el mundo que va conectando con m\u00fasicos locales, bailarines y cantantes de ciudades como Ad\u00eds Abeba, en Etiop\u00eda y R\u00edo de Janeiro, en Brasil, extendiendo su banda a 21 integrantes en la presentaci\u00f3n con la que se celebraron los cinco a\u00f1os de existencia del Molde Jazzfestival, ciudad en la que naci\u00f3 y donde todo empez\u00f3.<\/p>\n<p>Esta geograf\u00eda sonora llega a la Ciudad de M\u00e9xico el pr\u00f3ximo 14 de septiembre en un concierto en Casa del Lago. Catorce m\u00fasicos dirigidos por el baterista Paal Nilssen-Love, presenta en colaboraci\u00f3n con <strong>elnicho<\/strong>, en una jornada completa de m\u00fasica con tres distintos momentos. Inicia con el estreno de una pieza multicanal del finland\u00e9s Tommi Keranen, enseguida dos sets de improvisaci\u00f3n en d\u00fao y tr\u00edo y, para finalizar, el concierto del grupo completo.<\/p>\n<p><strong>\u2022 Sesi\u00f3n de escucha<\/strong><\/p>\n<p><strong>Tommi Keranen<\/strong><\/p>\n<p>Espacio Sonoro | 13:00<\/p>\n<p><strong>\u2022 Improvisaci\u00f3n<\/strong><\/p>\n<p><strong>D\u00faos y tr\u00edos del Large Unit\u00a0<\/strong><\/p>\n<p>Sala Rosario Castellanos | 14:30<\/p>\n<p><strong>\u2022 M\u00fasica<\/strong><\/p>\n<p><strong>Large Unit<\/strong><\/p>\n<p>Foro Arreola | 17:00<\/p>\n<p>Entrada libre hasta completar el aforo.<\/p>\n\n\t\t\t  <div \n\t\t\t  \tclass = \"fb-comments\" \n\t\t\t  \tdata-href = \"https:\/\/www.eloriente.net\/home\/2019\/09\/07\/jazzista-noruego-llega-a-mexico-con-el-proyecto-elnicho\/\"\n\t\t\t  \tdata-numposts = \"10\"\n\t\t\t\tdata-colorscheme = \"dark\"\n\t\t\t\tdata-order-by = \"social\"\n\t\t\t\tdata-mobile=true>\n\t\t\t  <\/div>\n\t\t  <style>\n\t\t\t.fb_iframe_widget_fluid_desktop iframe {\n\t\t\t    width: 100% !important;\n\t\t\t}\n\t\t  <\/style>\n\t\t  ","protected":false},"excerpt":{"rendered":"<p>Por N22 Para Paal Nilssen-Love fue natural elegir la bater\u00eda y el jazz como trabajo, esto porque la bater\u00eda fue el instrumento de su padre y, adem\u00e1s, fue criado en un club de jazz en Stavanger, Noruega, pa\u00eds del que es originario. Nacido en 1974, a los 16 a\u00f1os ya era parte de la escena [&hellip;]<\/p>\n","protected":false},"author":57,"featured_media":57830,"comment_status":"open","ping_status":"open","sticky":false,"template":"","format":"standard","meta":{"_jetpack_memberships_contains_paid_content":false,"footnotes":""},"categories":[64,18,10504,10502],"tags":[6444,1556],"class_list":["post-57819","post","type-post","status-publish","format-standard","has-post-thumbnail","hentry","category-distrito-federal","category-educacion-y-cultura","category-las-ultimas-12","category-talentos","tag-festival-de-musica","tag-jazz"],"jetpack_featured_media_url":"https:\/\/www.eloriente.net\/home\/wp-content\/uploads\/2019\/09\/unnamed-copy.png","jetpack_sharing_enabled":true,"_links":{"self":[{"href":"https:\/\/www.eloriente.net\/home\/wp-json\/wp\/v2\/posts\/57819"}],"collection":[{"href":"https:\/\/www.eloriente.net\/home\/wp-json\/wp\/v2\/posts"}],"about":[{"href":"https:\/\/www.eloriente.net\/home\/wp-json\/wp\/v2\/types\/post"}],"author":[{"embeddable":true,"href":"https:\/\/www.eloriente.net\/home\/wp-json\/wp\/v2\/users\/57"}],"replies":[{"embeddable":true,"href":"https:\/\/www.eloriente.net\/home\/wp-json\/wp\/v2\/comments?post=57819"}],"version-history":[{"count":2,"href":"https:\/\/www.eloriente.net\/home\/wp-json\/wp\/v2\/posts\/57819\/revisions"}],"predecessor-version":[{"id":57832,"href":"https:\/\/www.eloriente.net\/home\/wp-json\/wp\/v2\/posts\/57819\/revisions\/57832"}],"wp:featuredmedia":[{"embeddable":true,"href":"https:\/\/www.eloriente.net\/home\/wp-json\/wp\/v2\/media\/57830"}],"wp:attachment":[{"href":"https:\/\/www.eloriente.net\/home\/wp-json\/wp\/v2\/media?parent=57819"}],"wp:term":[{"taxonomy":"category","embeddable":true,"href":"https:\/\/www.eloriente.net\/home\/wp-json\/wp\/v2\/categories?post=57819"},{"taxonomy":"post_tag","embeddable":true,"href":"https:\/\/www.eloriente.net\/home\/wp-json\/wp\/v2\/tags?post=57819"}],"curies":[{"name":"wp","href":"https:\/\/api.w.org\/{rel}","templated":true}]}}