{"id":579,"date":"2012-07-11T18:49:53","date_gmt":"2012-07-11T18:49:53","guid":{"rendered":"http:\/\/www.eloriente.net\/home\/?p=579"},"modified":"2015-11-10T12:58:56","modified_gmt":"2015-11-10T18:58:56","slug":"todo-oaxaca-radio-emision-del-3-de-julio","status":"publish","type":"post","link":"https:\/\/www.eloriente.net\/home\/2012\/07\/11\/todo-oaxaca-radio-emision-del-3-de-julio\/","title":{"rendered":"Escucha la emisi\u00f3n del 3 de julio"},"content":{"rendered":"<p><script src=\"\/\/pagead2.googlesyndication.com\/pagead\/js\/adsbygoogle.js\" async=\"\"><\/script><!-- BANNER ELORIENTE INCRUSTADO NOTAS --> <ins class=\"adsbygoogle\" style=\"display: inline-block; width: 300px; height: 250px;\" data-ad-client=\"ca-pub-1136171134853753\" data-ad-slot=\"7974633627\"><\/ins><script>\/\/ <![CDATA[\n(adsbygoogle = window.adsbygoogle || []).push({});\n\/\/ ]]><\/script><\/p>\n<p><a href=\"http:\/\/www.eloriente.net\/home\/wp-content\/uploads\/2012\/07\/toradio3julio.jpg\"><img loading=\"lazy\" decoding=\"async\" class=\"aligncenter size-medium wp-image-602\" title=\"toradio3julio\" src=\"http:\/\/www.eloriente.net\/home\/wp-content\/uploads\/2012\/07\/toradio3julio-300x200.jpg\" alt=\"\" width=\"300\" height=\"200\" srcset=\"https:\/\/www.eloriente.net\/home\/wp-content\/uploads\/2012\/07\/toradio3julio-300x200.jpg 300w, https:\/\/www.eloriente.net\/home\/wp-content\/uploads\/2012\/07\/toradio3julio.jpg 600w\" sizes=\"(max-width: 300px) 100vw, 300px\" \/><\/a><\/p>\n<p>En nuestra edici\u00f3n de Todo Oaxaca Radio del martes 3 de julio de 2012, el maestro Rub\u00e9n Vasconcelos Beltr\u00e1n record\u00f3 en las efem\u00e9rides hechos muy importantes, como el fallecimiento del general Porfirio D\u00edaz el 2 de julio de 1915 en la ciudad de Par\u00eds as\u00ed como el nacimiento de dos grandes artistas mexicanos, Frida Kahlo y el paisajista Jos\u00e9 Mar\u00eda Velasco. Ambos nacieron un 6 de julio pero de 1907 y 1840, respectivamente.<\/p>\n<p>Tuvimos el honor de contar con la presencia del maestro Javier Garc\u00eda Vigil, director de la Orquesta Sinf\u00f3nica de Oaxaca que convers\u00f3 para Todo Oaxaca Radio sobre la temporada de conciertos que se han preparado para conmemorar el XX Aniversario de la creaci\u00f3n de la Orquesta.<\/p>\n<p>Estuvo tambi\u00e9n con nosotros Lizzete Santiago, coordinadora del S\u00e9ptimo Festival de Danz\u00f3n Nacional en Oaxaca, que se desarrolla del 4 al 8 de julio, para compartirnos las diferentes actividades que se llevar\u00e1n a cabo en el z\u00f3calo capitalino.<\/p>\n<p><script src=\"\/\/pagead2.googlesyndication.com\/pagead\/js\/adsbygoogle.js\" async=\"\"><\/script><!-- BANNER PEQUE\u00d1O PARA ENTRENOTAS EL ORIENTE --> <ins class=\"adsbygoogle\" style=\"display: inline-block; width: 468px; height: 60px;\" data-ad-client=\"ca-pub-1136171134853753\" data-ad-slot=\"4953536424\"><\/ins><script>\/\/ <![CDATA[\n(adsbygoogle = window.adsbygoogle || []).push({});\n\/\/ ]]><\/script><\/p>\n<p>El \u00faltimo invitado de la tarde fue el maestro Ra\u00fal Ramos, Director de la Casa de la Cultura Oaxaque\u00f1a (CCO), quien nos platic\u00f3 sobre las actividades que se desarrollar\u00e1n para conmemorar el 41 Aniversario de este espacio cultural tan importante en nuestra ciudad.<\/p>\n<p>Escucha aqu\u00ed el programa completo:<\/p>\n<p>Parte 1<\/p>\n<p><a href=\"http:\/\/www.eloriente.net\/home\/wp-content\/uploads\/2012\/07\/PROGRAMA-COMPLETO-3-DE-JULIO_01.mp3\">PROGRAMA COMPLETO 3 DE JULIO_01<\/a><\/p>\n<p>Parte 2<\/p>\n<p><a href=\"http:\/\/www.eloriente.net\/home\/wp-content\/uploads\/2012\/07\/PROGRAMA-COMPLETO-3-DE-JULIO_02.mp3\">PROGRAMA COMPLETO 3 DE JULIO_02<\/a><\/p>\n<p>Parte 3<\/p>\n<p><a href=\"http:\/\/www.eloriente.net\/home\/wp-content\/uploads\/2012\/07\/PROGRAMA-COMPLETO-3-DE-JULIO_03.mp3\">PROGRAMA COMPLETO 3 DE JULIO_03<\/a><\/p>\n<p>Parte 4<\/p>\n<p><a href=\"http:\/\/www.eloriente.net\/home\/wp-content\/uploads\/2012\/07\/PROGRAMA-COMPLETO-3-DE-JULIO_04.mp3\">PROGRAMA COMPLETO 3 DE JULIO_04<\/a><\/p>\n\n\t\t\t  <div \n\t\t\t  \tclass = \"fb-comments\" \n\t\t\t  \tdata-href = \"https:\/\/www.eloriente.net\/home\/2012\/07\/11\/todo-oaxaca-radio-emision-del-3-de-julio\/\"\n\t\t\t  \tdata-numposts = \"10\"\n\t\t\t\tdata-colorscheme = \"dark\"\n\t\t\t\tdata-order-by = \"social\"\n\t\t\t\tdata-mobile=true>\n\t\t\t  <\/div>\n\t\t  <style>\n\t\t\t.fb_iframe_widget_fluid_desktop iframe {\n\t\t\t    width: 100% !important;\n\t\t\t}\n\t\t  <\/style>\n\t\t  ","protected":false},"excerpt":{"rendered":"<p>En nuestra edici\u00f3n de Todo Oaxaca Radio del martes 3 de julio de 2012, el maestro Rub\u00e9n Vasconcelos Beltr\u00e1n record\u00f3 en las efem\u00e9rides hechos muy importantes, como el fallecimiento del general Porfirio D\u00edaz el 2 de julio de 1915 en la ciudad de Par\u00eds as\u00ed como el nacimiento de dos grandes artistas mexicanos, Frida Kahlo [&hellip;]<\/p>\n","protected":false},"author":1,"featured_media":602,"comment_status":"open","ping_status":"open","sticky":false,"template":"","format":"standard","meta":{"_jetpack_memberships_contains_paid_content":false,"footnotes":""},"categories":[32,12],"tags":[],"class_list":["post-579","post","type-post","status-publish","format-standard","has-post-thumbnail","hentry","category-entradas","category-todo-oaxaca-radio"],"jetpack_featured_media_url":"https:\/\/www.eloriente.net\/home\/wp-content\/uploads\/2012\/07\/toradio3julio.jpg","jetpack_sharing_enabled":true,"_links":{"self":[{"href":"https:\/\/www.eloriente.net\/home\/wp-json\/wp\/v2\/posts\/579"}],"collection":[{"href":"https:\/\/www.eloriente.net\/home\/wp-json\/wp\/v2\/posts"}],"about":[{"href":"https:\/\/www.eloriente.net\/home\/wp-json\/wp\/v2\/types\/post"}],"author":[{"embeddable":true,"href":"https:\/\/www.eloriente.net\/home\/wp-json\/wp\/v2\/users\/1"}],"replies":[{"embeddable":true,"href":"https:\/\/www.eloriente.net\/home\/wp-json\/wp\/v2\/comments?post=579"}],"version-history":[{"count":6,"href":"https:\/\/www.eloriente.net\/home\/wp-json\/wp\/v2\/posts\/579\/revisions"}],"predecessor-version":[{"id":40378,"href":"https:\/\/www.eloriente.net\/home\/wp-json\/wp\/v2\/posts\/579\/revisions\/40378"}],"wp:featuredmedia":[{"embeddable":true,"href":"https:\/\/www.eloriente.net\/home\/wp-json\/wp\/v2\/media\/602"}],"wp:attachment":[{"href":"https:\/\/www.eloriente.net\/home\/wp-json\/wp\/v2\/media?parent=579"}],"wp:term":[{"taxonomy":"category","embeddable":true,"href":"https:\/\/www.eloriente.net\/home\/wp-json\/wp\/v2\/categories?post=579"},{"taxonomy":"post_tag","embeddable":true,"href":"https:\/\/www.eloriente.net\/home\/wp-json\/wp\/v2\/tags?post=579"}],"curies":[{"name":"wp","href":"https:\/\/api.w.org\/{rel}","templated":true}]}}