{"id":57904,"date":"2019-09-13T16:00:43","date_gmt":"2019-09-13T22:00:43","guid":{"rendered":"http:\/\/www.eloriente.net\/home\/?p=57904"},"modified":"2019-09-13T09:46:19","modified_gmt":"2019-09-13T15:46:19","slug":"la-camarista-en-los-premios-goya-y-oscar","status":"publish","type":"post","link":"https:\/\/www.eloriente.net\/home\/2019\/09\/13\/la-camarista-en-los-premios-goya-y-oscar\/","title":{"rendered":"\u00abLa camarista\u00bb en los premios Goya y \u00d3scar"},"content":{"rendered":"<p>Por <a href=\"https:\/\/noticias.canal22.org.mx\">N22<\/a><\/p>\n<p>Tengo el enorme gusto de anunciarles que este a\u00f1o la pel\u00edcula que nos va a representar es<em>\u00a0La camarista<\/em>\u00a0de Lila Avil\u00e9s\u00bb, declar\u00f3 Ernesto Contreras presidente de la AMAAC.<\/p>\n<p>En esta ocasi\u00f3n un total de 450 miembros de la Academia Mexicana de Artes y Ciencias Cinematogr\u00e1ficas participaron en el proceso de selecci\u00f3n para elegir a la pel\u00edcula que representar\u00e1 a M\u00e9xico rumbo a los premios \u00d3scar y Goya.<\/p>\n<p>El camino de\u00a0<em>La camarista<\/em>\u00a0empez\u00f3 hace justo un a\u00f1o. El 8 de septiembre de 2018 se estren\u00f3 en el marco del Festival Internacional de Cine de Toronto, desde entonces la \u00f3pera prima de Lila Avil\u00e9s le ha dado la vuelta al mundo.<\/p>\n<h5><\/h5>\n<h5>Lila Avil\u00e9s, cineasta<\/h5>\n<p>\u00abHa sido la alegr\u00eda de la alegr\u00eda, es como una cajita de regalo que tiene adentro otro regalo y adentro otro regalo y parece que ya se va acabar y sigue y sigue.\u00bb<\/p>\n<p>&nbsp;<\/p>\n<p>La camarista\u00a0 ha recorrido m\u00e1s de sesenta festivales internacionales, justo ahora se encuentra en cartelera en Estados Unidos; adem\u00e1s, como sucedi\u00f3 el a\u00f1o anterior, el Instituto Mexicano de Cinematograf\u00eda le asignar\u00e1 un est\u00edmulo de dos millones de pesos para que realice su promoci\u00f3n rumbo al \u00d3scar.<\/p>\n<h5><\/h5>\n<h5>Tatiana Graullera, productora<\/h5>\n<p>\u00abNos fue muy bien en realidad, estamos entre las pel\u00edculas extranjeras que mejor les ha ido y estamos muy contentas de trabajar con Kino Lorber que son los distribuidores all\u00e1, son muy importantes, confiamos mucho en ellos, se que vamos a generar una gran estrategia muy, muy planeada para poder representar a M\u00e9xico y contender de forma muy fuerte.\u00bb<\/p>\n<p>&nbsp;<\/p>\n<p>A\u00fan es muy temprano para echar campanas al vuelo pues hay un largo camino que se tienen que recorrer para lograr que la pel\u00edcula quede en las listas finales de los premios Goya y \u00d3scar. Tambi\u00e9n hay que tener en claro que entre las candidatas\u00a0<em>La camarista\u00a0<\/em>era, sin lugar a dudas, la mejor opci\u00f3n.<\/p>\n\n\t\t\t  <div \n\t\t\t  \tclass = \"fb-comments\" \n\t\t\t  \tdata-href = \"https:\/\/www.eloriente.net\/home\/2019\/09\/13\/la-camarista-en-los-premios-goya-y-oscar\/\"\n\t\t\t  \tdata-numposts = \"10\"\n\t\t\t\tdata-colorscheme = \"dark\"\n\t\t\t\tdata-order-by = \"social\"\n\t\t\t\tdata-mobile=true>\n\t\t\t  <\/div>\n\t\t  <style>\n\t\t\t.fb_iframe_widget_fluid_desktop iframe {\n\t\t\t    width: 100% !important;\n\t\t\t}\n\t\t  <\/style>\n\t\t  ","protected":false},"excerpt":{"rendered":"<p>Por N22 Tengo el enorme gusto de anunciarles que este a\u00f1o la pel\u00edcula que nos va a representar es\u00a0La camarista\u00a0de Lila Avil\u00e9s\u00bb, declar\u00f3 Ernesto Contreras presidente de la AMAAC. En esta ocasi\u00f3n un total de 450 miembros de la Academia Mexicana de Artes y Ciencias Cinematogr\u00e1ficas participaron en el proceso de selecci\u00f3n para elegir a [&hellip;]<\/p>\n","protected":false},"author":57,"featured_media":57907,"comment_status":"open","ping_status":"open","sticky":false,"template":"","format":"standard","meta":{"_jetpack_memberships_contains_paid_content":false,"footnotes":""},"categories":[56,10504],"tags":[],"class_list":["post-57904","post","type-post","status-publish","format-standard","has-post-thumbnail","hentry","category-cine","category-las-ultimas-12"],"jetpack_featured_media_url":"https:\/\/www.eloriente.net\/home\/wp-content\/uploads\/2019\/09\/cropped-la-camarista-resen\u0303a-eldescafeinado.png","jetpack_sharing_enabled":true,"_links":{"self":[{"href":"https:\/\/www.eloriente.net\/home\/wp-json\/wp\/v2\/posts\/57904"}],"collection":[{"href":"https:\/\/www.eloriente.net\/home\/wp-json\/wp\/v2\/posts"}],"about":[{"href":"https:\/\/www.eloriente.net\/home\/wp-json\/wp\/v2\/types\/post"}],"author":[{"embeddable":true,"href":"https:\/\/www.eloriente.net\/home\/wp-json\/wp\/v2\/users\/57"}],"replies":[{"embeddable":true,"href":"https:\/\/www.eloriente.net\/home\/wp-json\/wp\/v2\/comments?post=57904"}],"version-history":[{"count":1,"href":"https:\/\/www.eloriente.net\/home\/wp-json\/wp\/v2\/posts\/57904\/revisions"}],"predecessor-version":[{"id":57908,"href":"https:\/\/www.eloriente.net\/home\/wp-json\/wp\/v2\/posts\/57904\/revisions\/57908"}],"wp:featuredmedia":[{"embeddable":true,"href":"https:\/\/www.eloriente.net\/home\/wp-json\/wp\/v2\/media\/57907"}],"wp:attachment":[{"href":"https:\/\/www.eloriente.net\/home\/wp-json\/wp\/v2\/media?parent=57904"}],"wp:term":[{"taxonomy":"category","embeddable":true,"href":"https:\/\/www.eloriente.net\/home\/wp-json\/wp\/v2\/categories?post=57904"},{"taxonomy":"post_tag","embeddable":true,"href":"https:\/\/www.eloriente.net\/home\/wp-json\/wp\/v2\/tags?post=57904"}],"curies":[{"name":"wp","href":"https:\/\/api.w.org\/{rel}","templated":true}]}}