{"id":57920,"date":"2019-09-17T08:47:43","date_gmt":"2019-09-17T14:47:43","guid":{"rendered":"http:\/\/www.eloriente.net\/home\/?p=57920"},"modified":"2019-09-17T09:04:44","modified_gmt":"2019-09-17T15:04:44","slug":"oaxaca-sede-del-encuentro-nacional-de-gestion-cultural","status":"publish","type":"post","link":"https:\/\/www.eloriente.net\/home\/2019\/09\/17\/oaxaca-sede-del-encuentro-nacional-de-gestion-cultural\/","title":{"rendered":"Oaxaca: sede del Encuentro Nacional de Gesti\u00f3n Cultural"},"content":{"rendered":"<p>Celebrar en Oaxaca el cuarto Encuentro Nacional de Gesti\u00f3n Cultural, es una brillante y oportuna ocasi\u00f3n para exaltar la creatividad que se desarrolla en Oaxaca, para intercambiar, analizar, debatir y conceptualizar los quehaceres nacionales en la materia.<\/p>\n<p>El encuentro busca dar continuidad a la iniciativa interuniversitaria iniciada en el 2012, en Ciudad Obreg\u00f3n, Sonora; 2015 en Tlaquepaque, Jalisco; y 2018 en M\u00e9rida, Yucat\u00e1n, como un espacio de an\u00e1lisis, discusi\u00f3n y socializaci\u00f3n de la Gesti\u00f3n Cultural promovido por la Red Universitaria de Gesti\u00f3n Cultural M\u00e9xico.<\/p>\n<p>Esta Red est\u00e1 conformada por diversas instituciones p\u00fablicas y privadas, como la\u00a0Universidad Aut\u00f3noma Benito Ju\u00e1rez de Oaxaca, la\u00a0Universidad Aut\u00f3noma Metropolitana, la\u00a0Universidad de Guadalajara, la\u00a0Universidad Veracruzana, entre otras.<\/p>\n<p>El Objetivo es generar un espacio de encuentro que propicie el intercambio de miradas entre los participantes, con v\u00edas a la consolidaci\u00f3n de la Gesti\u00f3n Cultural como profesi\u00f3n y campo acad\u00e9mico en M\u00e9xico.<\/p>\n<p>Est\u00e1 dirigido a gestores culturales, creativos, estudiantes, docentes, investigadores, colectivos, asociaciones, redes, organizaciones comunitarias, instituciones, empresarios culturales, emprendedores y dem\u00e1s agentes involucrados en los sectores culturales y de desarrollo humano.<\/p>\n<p>Cinco ejes tem\u00e1ticos dar\u00e1n estructura al encuentro 2020:\u00a0Gesti\u00f3n territorial,\u00a0Gesti\u00f3n Organizacional,\u00a0Gesti\u00f3n de la creatividad,\u00a0Gesti\u00f3n celebrativa,\u00a0Gesti\u00f3n cultural y su v\u00ednculo con la comunidad.<\/p>\n<p>El encuentro se llevar\u00e1 a cabo del 22 al 25 de abril con sede en la Escuela de Bellas Artes de la UABJO, para m\u00e1s informaci\u00f3n consulta la convocatoria completa en <a href=\"https:\/\/rugcmx.org\/encuentronacionaldegestioncultural\/\" target=\"_blank\" rel=\"noopener\">rugcmx.org<\/a><\/p>\n\n\t\t\t  <div \n\t\t\t  \tclass = \"fb-comments\" \n\t\t\t  \tdata-href = \"https:\/\/www.eloriente.net\/home\/2019\/09\/17\/oaxaca-sede-del-encuentro-nacional-de-gestion-cultural\/\"\n\t\t\t  \tdata-numposts = \"10\"\n\t\t\t\tdata-colorscheme = \"dark\"\n\t\t\t\tdata-order-by = \"social\"\n\t\t\t\tdata-mobile=true>\n\t\t\t  <\/div>\n\t\t  <style>\n\t\t\t.fb_iframe_widget_fluid_desktop iframe {\n\t\t\t    width: 100% !important;\n\t\t\t}\n\t\t  <\/style>\n\t\t  ","protected":false},"excerpt":{"rendered":"<p>Celebrar en Oaxaca el cuarto Encuentro Nacional de Gesti\u00f3n Cultural, es una brillante y oportuna ocasi\u00f3n para exaltar la creatividad que se desarrolla en Oaxaca, para intercambiar, analizar, debatir y conceptualizar los quehaceres nacionales en la materia. El encuentro busca dar continuidad a la iniciativa interuniversitaria iniciada en el 2012, en Ciudad Obreg\u00f3n, Sonora; 2015 [&hellip;]<\/p>\n","protected":false},"author":57,"featured_media":57922,"comment_status":"open","ping_status":"open","sticky":false,"template":"","format":"standard","meta":{"_jetpack_memberships_contains_paid_content":false,"footnotes":""},"categories":[26,18,10504,8677,84],"tags":[1526,10461,73,182],"class_list":["post-57920","post","type-post","status-publish","format-standard","has-post-thumbnail","hentry","category-convocatorias","category-educacion-y-cultura","category-las-ultimas-12","category-uabjo","category-universidades","tag-gestion-cultural","tag-marea-universitaria","tag-oaxaca","tag-uabjo"],"jetpack_featured_media_url":"https:\/\/www.eloriente.net\/home\/wp-content\/uploads\/2019\/09\/46501313_2396340100395562_9178438381061799936_o-1filtro.jpg","jetpack_sharing_enabled":true,"_links":{"self":[{"href":"https:\/\/www.eloriente.net\/home\/wp-json\/wp\/v2\/posts\/57920"}],"collection":[{"href":"https:\/\/www.eloriente.net\/home\/wp-json\/wp\/v2\/posts"}],"about":[{"href":"https:\/\/www.eloriente.net\/home\/wp-json\/wp\/v2\/types\/post"}],"author":[{"embeddable":true,"href":"https:\/\/www.eloriente.net\/home\/wp-json\/wp\/v2\/users\/57"}],"replies":[{"embeddable":true,"href":"https:\/\/www.eloriente.net\/home\/wp-json\/wp\/v2\/comments?post=57920"}],"version-history":[{"count":2,"href":"https:\/\/www.eloriente.net\/home\/wp-json\/wp\/v2\/posts\/57920\/revisions"}],"predecessor-version":[{"id":57926,"href":"https:\/\/www.eloriente.net\/home\/wp-json\/wp\/v2\/posts\/57920\/revisions\/57926"}],"wp:featuredmedia":[{"embeddable":true,"href":"https:\/\/www.eloriente.net\/home\/wp-json\/wp\/v2\/media\/57922"}],"wp:attachment":[{"href":"https:\/\/www.eloriente.net\/home\/wp-json\/wp\/v2\/media?parent=57920"}],"wp:term":[{"taxonomy":"category","embeddable":true,"href":"https:\/\/www.eloriente.net\/home\/wp-json\/wp\/v2\/categories?post=57920"},{"taxonomy":"post_tag","embeddable":true,"href":"https:\/\/www.eloriente.net\/home\/wp-json\/wp\/v2\/tags?post=57920"}],"curies":[{"name":"wp","href":"https:\/\/api.w.org\/{rel}","templated":true}]}}