{"id":58924,"date":"2019-11-05T09:14:50","date_gmt":"2019-11-05T15:14:50","guid":{"rendered":"http:\/\/www.eloriente.net\/home\/?p=58924"},"modified":"2019-11-05T10:05:07","modified_gmt":"2019-11-05T16:05:07","slug":"relanzara-oaxaca-de-juarez-candidatura-como-ciudad-creativa","status":"publish","type":"post","link":"https:\/\/www.eloriente.net\/home\/2019\/11\/05\/relanzara-oaxaca-de-juarez-candidatura-como-ciudad-creativa\/","title":{"rendered":"Relanzar\u00e1 Oaxaca de Ju\u00e1rez candidatura como Ciudad Creativa"},"content":{"rendered":"<p>El Ayuntamiento capitalino volver\u00e1 a postular a la ciudad de Oaxaca de Ju\u00e1rez como\u00a0candidata para ingresar a la Red de Ciudades Creativas de la UNESCO, en reconocimiento al impulso de la cultura y la gastronom\u00eda como pilar del desarrollo urbano y social.<\/p>\n<p>El Subdirector de Turismo municipal, Jos\u00e9 Mar\u00eda Mac\u00edas, indic\u00f3 que este a\u00f1o la ciudad de Oaxaca no logr\u00f3 ingresar a la Red de Ciudades Creativas de la UNESCO,\u00a0a pesar del enorme y arduo trabajo que realiz\u00f3 un equipo conformado por representantes de organizaciones civiles, sector privado, sector p\u00fablico y la academia, liderados por el Ayuntamiento de Oaxaca de Ju\u00e1rez, a trav\u00e9s de la Direcci\u00f3n de Cultura y Turismo.<\/p>\n<p>Sin embargo, reconoci\u00f3 que derivado de esta experiencia, el Gobierno Municipal y las y los participantes de este proyecto se enriquecieron, lo que ahora con el\u00a0conocimiento adquirido permitir\u00e1 consolidar y fortalecer el relanzamiento de la postulaci\u00f3n de la Verde Antequera, esperando los tiempos de la pr\u00f3xima convocatoria que lanzar\u00e1 la UNESCO.<\/p>\n<p><script async src=\"https:\/\/pagead2.googlesyndication.com\/pagead\/js\/adsbygoogle.js\"><\/script><br \/>\n<ins class=\"adsbygoogle\" style=\"display: block; text-align: center;\" data-ad-layout=\"in-article\" data-ad-format=\"fluid\" data-ad-client=\"ca-pub-1136171134853753\" data-ad-slot=\"5545504441\"><\/ins><br \/>\n<script>\n     (adsbygoogle = window.adsbygoogle || []).push({});\n<\/script><\/p>\n<p>El servidor p\u00fablico municipal resalt\u00f3 que para la Ciudad de Oaxaca fue un gran logro el haber conseguido la candidatura oficial, en julio de este a\u00f1o, para\u00a0el ingreso a la Red de Ciudades Creativas, pues cumpli\u00f3 con todos los requisitos necesarios, pese a contar con un reducido tiempo para hacerlo, y a la alta demanda de ciudades mexicanas por ingresar a la red.<\/p>\n<p>La Red de Ciudades Creativas de la UNESCO cubre siete \u00e1mbitos creativos: artesan\u00eda y artes populares, artes digitales, cine, dise\u00f1o, gastronom\u00eda, literatura y\u00a0m\u00fasica. Oaxaca de Ju\u00e1rez se postul\u00f3 en el rubro de gastronom\u00eda, ya que la cocina oaxaque\u00f1a es un modelo cultural complejo que involucra pr\u00e1cticas, rituales, conocimientos antiguos, usos y costumbres ancestrales.<\/p>\n<p>El servidor p\u00fablico coment\u00f3 que pr\u00f3ximamente la UNESCO emitir\u00e1 una serie de recomendaciones al Gobierno Municipal donde se se\u00f1alar\u00e1n estrategias para fortalecer\u00a0la candidatura de Oaxaca de Ju\u00e1rez, a efecto de relanzarla en la pr\u00f3xima convocatoria del organismo.<\/p>\n<p>\u201cOaxaca Capital tiene segura su colaboraci\u00f3n con la Red de Ciudades Creativas y seguir\u00e1 alineando sus pol\u00edticas p\u00fablicas al Estado de Misi\u00f3n de la Red, promoviendo\u00a0la Agenda 2030 en aras de consolidar un desarrollo urbano y sociocultural m\u00e1s sostenible\u201d, confi\u00f3 Jos\u00e9 Mar\u00eda Mac\u00edas.<\/p>\n<p>Por \u00faltimo, el Subdirector de Turismo felicit\u00f3 ampliamente, a nombre del Gobierno de Oaxaca de Ju\u00e1rez, a las 66 ciudades que ingresaron a la Red a nivel global\u00a0y particularmente a las 16 ciudades latinoamericanas que lograron su inscripci\u00f3n, al tiempo que agradeci\u00f3 la colaboraci\u00f3n de instituciones que participaron en la conformaci\u00f3n del expediente a favor de la candidatura oaxaque\u00f1a.<\/p>\n\n\t\t\t  <div \n\t\t\t  \tclass = \"fb-comments\" \n\t\t\t  \tdata-href = \"https:\/\/www.eloriente.net\/home\/2019\/11\/05\/relanzara-oaxaca-de-juarez-candidatura-como-ciudad-creativa\/\"\n\t\t\t  \tdata-numposts = \"10\"\n\t\t\t\tdata-colorscheme = \"dark\"\n\t\t\t\tdata-order-by = \"social\"\n\t\t\t\tdata-mobile=true>\n\t\t\t  <\/div>\n\t\t  <style>\n\t\t\t.fb_iframe_widget_fluid_desktop iframe {\n\t\t\t    width: 100% !important;\n\t\t\t}\n\t\t  <\/style>\n\t\t  ","protected":false},"excerpt":{"rendered":"<p>El Ayuntamiento capitalino volver\u00e1 a postular a la ciudad de Oaxaca de Ju\u00e1rez como\u00a0candidata para ingresar a la Red de Ciudades Creativas de la UNESCO, en reconocimiento al impulso de la cultura y la gastronom\u00eda como pilar del desarrollo urbano y social. El Subdirector de Turismo municipal, Jos\u00e9 Mar\u00eda Mac\u00edas, indic\u00f3 que este a\u00f1o la [&hellip;]<\/p>\n","protected":false},"author":57,"featured_media":56438,"comment_status":"open","ping_status":"open","sticky":false,"template":"","format":"standard","meta":{"_jetpack_memberships_contains_paid_content":false,"footnotes":""},"categories":[18,10504,24,464],"tags":[10835,368,10836,419],"class_list":["post-58924","post","type-post","status-publish","format-standard","has-post-thumbnail","hentry","category-educacion-y-cultura","category-las-ultimas-12","category-mexico-y-el-mundo","category-oaxaca-estados","tag-ciudades-creativas","tag-oaxaca-de-juarez","tag-red-internacional","tag-unesco"],"jetpack_featured_media_url":"https:\/\/www.eloriente.net\/home\/wp-content\/uploads\/2019\/04\/Movilidad7.jpg","jetpack_sharing_enabled":true,"_links":{"self":[{"href":"https:\/\/www.eloriente.net\/home\/wp-json\/wp\/v2\/posts\/58924"}],"collection":[{"href":"https:\/\/www.eloriente.net\/home\/wp-json\/wp\/v2\/posts"}],"about":[{"href":"https:\/\/www.eloriente.net\/home\/wp-json\/wp\/v2\/types\/post"}],"author":[{"embeddable":true,"href":"https:\/\/www.eloriente.net\/home\/wp-json\/wp\/v2\/users\/57"}],"replies":[{"embeddable":true,"href":"https:\/\/www.eloriente.net\/home\/wp-json\/wp\/v2\/comments?post=58924"}],"version-history":[{"count":1,"href":"https:\/\/www.eloriente.net\/home\/wp-json\/wp\/v2\/posts\/58924\/revisions"}],"predecessor-version":[{"id":58925,"href":"https:\/\/www.eloriente.net\/home\/wp-json\/wp\/v2\/posts\/58924\/revisions\/58925"}],"wp:featuredmedia":[{"embeddable":true,"href":"https:\/\/www.eloriente.net\/home\/wp-json\/wp\/v2\/media\/56438"}],"wp:attachment":[{"href":"https:\/\/www.eloriente.net\/home\/wp-json\/wp\/v2\/media?parent=58924"}],"wp:term":[{"taxonomy":"category","embeddable":true,"href":"https:\/\/www.eloriente.net\/home\/wp-json\/wp\/v2\/categories?post=58924"},{"taxonomy":"post_tag","embeddable":true,"href":"https:\/\/www.eloriente.net\/home\/wp-json\/wp\/v2\/tags?post=58924"}],"curies":[{"name":"wp","href":"https:\/\/api.w.org\/{rel}","templated":true}]}}