{"id":58941,"date":"2019-11-07T10:05:48","date_gmt":"2019-11-07T16:05:48","guid":{"rendered":"http:\/\/www.eloriente.net\/home\/?p=58941"},"modified":"2019-11-07T13:10:57","modified_gmt":"2019-11-07T19:10:57","slug":"edgar-perez-oaxaqueno-premio-nacional-de-la-juventud-2019","status":"publish","type":"post","link":"https:\/\/www.eloriente.net\/home\/2019\/11\/07\/edgar-perez-oaxaqueno-premio-nacional-de-la-juventud-2019\/","title":{"rendered":"Edgar P\u00e9rez: oaxaque\u00f1o Premio Nacional de la Juventud 2019"},"content":{"rendered":"<p>Edgar Aldair P\u00e9rez Ortiz, estudiante del tercer semestre de la Facultad de Derecho y Ciencias Sociales de la Universidad Aut\u00f3noma \u201cBenito Ju\u00e1rez\u201d de Oaxaca (FDyCS-UABJO) fue galardonado con el Premio Nacional de la Juventud 2019, en la categor\u00eda de Medio Ambiente por su trabajo en favor del rescate de los r\u00edos Salado y Atoyac.<\/p>\n<p>El estudiante recibi\u00f3 de manos del presidente de la M\u00e9xico, Andr\u00e9s Manuel L\u00f3pez Obrador, el reconocimiento por su trabajo legal a trav\u00e9s de la Organizaci\u00f3n Litigio Estrat\u00e9gico Ind\u00edgena A.C que le permiti\u00f3 ganar el amparo para el rescate de los dos r\u00edos.<\/p>\n<p>Comparti\u00f3 que, por el amor a la protecci\u00f3n de los afluentes, desde el 2016 se solicit\u00f3 un amparo para su protecci\u00f3n y fue hasta 2018 que recibieron la resoluci\u00f3n aprobatoria para su cuidado.<\/p>\n<p>La sentencia del caso determinada por el Poder Judicial del Estado orden\u00f3 a los gobiernos federal y estatal, as\u00ed como a las administraciones municipales de Oaxaca de Ju\u00e1rez y Santa Cruz Xoxocotl\u00e1n, rescatar los r\u00edos Atoyac y Salado, por lo que se est\u00e1 a la espera de su cumplimiento y la presentaci\u00f3n del proyecto integral ante el Juzgado Primero de Distrito.<\/p>\n<p>Explic\u00f3 que \u201cexiste una gran contaminaci\u00f3n ocasionada por desechos t\u00f3xicos, descargas de aguas residuales, basura producida por establecimientos comerciales, animales y dom\u00e9sticos, y en necesario generar conciencia en la poblaci\u00f3n, queremos que este movimiento no sea solo al interior del estado sino de todo el pa\u00eds\u201d.<\/p>\n<p>El joven de 20 a\u00f1os explic\u00f3 que la organizaci\u00f3n a la que pertenece, \u00e9sta conformada por m\u00e1s estudiantes como \u00e9l, as\u00ed como docentes de la Facultad de Derecho, quienes buscan desde el \u00e1mbito educativo contribuir en la mejora del estado y enaltecer los valores universitarios.<\/p>\n<p>En un encuentro con estudiantes hablantes de lenguas ind\u00edgenas que recibieron est\u00edmulos, el rector de nuestra Universidad, doctor Eduardo Bautista Mart\u00ednez, celebr\u00f3 y reconoci\u00f3 el talento de Edgar Aldair que se suma a las y los j\u00f3venes que son el orgullo universitario por sus aportes sociales.<\/p>\n<p>Edgar es el mayor de tres hermanos, su padre es originario de Santo Domingo Xagacia, en la Sierra Norte su mam\u00e1 es oriunda de Putla de Guerrero en la Sierra Sur, ambos tienen una lavander\u00eda, negocio con el cual costean su educaci\u00f3n.<\/p>\n<p>El Premio Nacional de la Juventud es un reconocimiento que el estado mexicano otorga a j\u00f3venes que han realizado una labor excepcional en favor de la sociedad y consisten en la entrega de un diploma y una medalla de oro.<\/p>\n\n\t\t\t  <div \n\t\t\t  \tclass = \"fb-comments\" \n\t\t\t  \tdata-href = \"https:\/\/www.eloriente.net\/home\/2019\/11\/07\/edgar-perez-oaxaqueno-premio-nacional-de-la-juventud-2019\/\"\n\t\t\t  \tdata-numposts = \"10\"\n\t\t\t\tdata-colorscheme = \"dark\"\n\t\t\t\tdata-order-by = \"social\"\n\t\t\t\tdata-mobile=true>\n\t\t\t  <\/div>\n\t\t  <style>\n\t\t\t.fb_iframe_widget_fluid_desktop iframe {\n\t\t\t    width: 100% !important;\n\t\t\t}\n\t\t  <\/style>\n\t\t  ","protected":false},"excerpt":{"rendered":"<p>Edgar Aldair P\u00e9rez Ortiz, estudiante del tercer semestre de la Facultad de Derecho y Ciencias Sociales de la Universidad Aut\u00f3noma \u201cBenito Ju\u00e1rez\u201d de Oaxaca (FDyCS-UABJO) fue galardonado con el Premio Nacional de la Juventud 2019, en la categor\u00eda de Medio Ambiente por su trabajo en favor del rescate de los r\u00edos Salado y Atoyac. El [&hellip;]<\/p>\n","protected":false},"author":57,"featured_media":58942,"comment_status":"open","ping_status":"open","sticky":false,"template":"","format":"standard","meta":{"_jetpack_memberships_contains_paid_content":false,"footnotes":""},"categories":[1588,18,10504,464,10502,84],"tags":[10461,9749,3148],"class_list":["post-58941","post","type-post","status-publish","format-standard","has-post-thumbnail","hentry","category-comunicados-y-boletines","category-educacion-y-cultura","category-las-ultimas-12","category-oaxaca-estados","category-talentos","category-universidades","tag-marea-universitaria","tag-premio-nacional-de-la-juventud","tag-talento"],"jetpack_featured_media_url":"https:\/\/www.eloriente.net\/home\/wp-content\/uploads\/2019\/11\/231019-EDGAR-ALDAIR-PEREZ-ORTIZ-ESTUDIANTE-FDCS-PREMIO-NACIONAL-JUVENTUD-03-2.JPG.jpg","jetpack_sharing_enabled":true,"_links":{"self":[{"href":"https:\/\/www.eloriente.net\/home\/wp-json\/wp\/v2\/posts\/58941"}],"collection":[{"href":"https:\/\/www.eloriente.net\/home\/wp-json\/wp\/v2\/posts"}],"about":[{"href":"https:\/\/www.eloriente.net\/home\/wp-json\/wp\/v2\/types\/post"}],"author":[{"embeddable":true,"href":"https:\/\/www.eloriente.net\/home\/wp-json\/wp\/v2\/users\/57"}],"replies":[{"embeddable":true,"href":"https:\/\/www.eloriente.net\/home\/wp-json\/wp\/v2\/comments?post=58941"}],"version-history":[{"count":1,"href":"https:\/\/www.eloriente.net\/home\/wp-json\/wp\/v2\/posts\/58941\/revisions"}],"predecessor-version":[{"id":58943,"href":"https:\/\/www.eloriente.net\/home\/wp-json\/wp\/v2\/posts\/58941\/revisions\/58943"}],"wp:featuredmedia":[{"embeddable":true,"href":"https:\/\/www.eloriente.net\/home\/wp-json\/wp\/v2\/media\/58942"}],"wp:attachment":[{"href":"https:\/\/www.eloriente.net\/home\/wp-json\/wp\/v2\/media?parent=58941"}],"wp:term":[{"taxonomy":"category","embeddable":true,"href":"https:\/\/www.eloriente.net\/home\/wp-json\/wp\/v2\/categories?post=58941"},{"taxonomy":"post_tag","embeddable":true,"href":"https:\/\/www.eloriente.net\/home\/wp-json\/wp\/v2\/tags?post=58941"}],"curies":[{"name":"wp","href":"https:\/\/api.w.org\/{rel}","templated":true}]}}