{"id":58990,"date":"2019-11-11T13:39:28","date_gmt":"2019-11-11T19:39:28","guid":{"rendered":"http:\/\/www.eloriente.net\/home\/?p=58990"},"modified":"2019-11-11T14:10:44","modified_gmt":"2019-11-11T20:10:44","slug":"tras-la-renuncia-de-morales-quien-tomara-las-riendas-de-bolivia","status":"publish","type":"post","link":"https:\/\/www.eloriente.net\/home\/2019\/11\/11\/tras-la-renuncia-de-morales-quien-tomara-las-riendas-de-bolivia\/","title":{"rendered":"Tras la renuncia de Morales, \u00bfqui\u00e9n tomar\u00e1 las riendas de Bolivia?"},"content":{"rendered":"<p>Por <a href=\"http:\/\/www.rfi.fr\/es\/americas\/20191111-tras-la-renuncia-de-morales-quien-tomara-las-riendas-de-bolivia\" target=\"_blank\" rel=\"noopener\">RFI<\/a><\/p>\n<p class=\"t-content__chapo\">Presionado por polic\u00edas, militares y opositores, el presidente de Bolivia Evo Morales renunci\u00f3 anoche. Con el mandatario dimitieron tambi\u00e9n su vicepresidente, as\u00ed como los que le siguen en la cadena de sucesi\u00f3n por lo que el pa\u00eds se encuentra en un vac\u00edo de poder. RFI consult\u00f3 a dos polit\u00f3logos para esclarecer lo que podr\u00eda ocurrir para evitar un vac\u00edo de poder.<\/p>\n<div class=\"t-content__body u-clearfix\">\n<p>\u00bfQui\u00e9n gobierna en Bolivia tras la renuncia de Evo Morales? Aun reina en el pa\u00eds andino una situaci\u00f3n confusa. Al renunciar, Morales arremeti\u00f3 contra las dos principales figuras de la oposici\u00f3n. \u201cQue asuman su responsabilidad de pacificar al pa\u00eds y garanticen la estabilidad pol\u00edtica (\u2026) tuite\u00f3 Morales. \u201c(El ex mandatario) Carlos mesa y (el l\u00edder regional de derechas Luis Fernando) Camacho, discriminadores y conspiradores pasar\u00e1n a la historia como racistas y golpistas\u201d, escribi\u00f3 Morales en su cuenta de Twitter.<\/p>\n<p><script async src=\"https:\/\/pagead2.googlesyndication.com\/pagead\/js\/adsbygoogle.js\"><\/script><br \/>\n<ins class=\"adsbygoogle\" style=\"display: block; text-align: center;\" data-ad-layout=\"in-article\" data-ad-format=\"fluid\" data-ad-client=\"ca-pub-1136171134853753\" data-ad-slot=\"5545504441\"><\/ins><br \/>\n<script>\n     (adsbygoogle = window.adsbygoogle || []).push({});\n<\/script><\/p>\n<p>A la renuncia de Morales, le siguieron varios altos responsables del gobierno. Algunos dejaron su cargo despu\u00e9s de que les quemaran sus casas.<\/p>\n<p>\u201cExtra\u00f1amente las fuerzas armadas se sumaron al pedido de renuncia. La Confederaci\u00f3n obrera de Bolivia, (COB) se sum\u00f3 tambi\u00e9n. Hay saqueos, actos vand\u00e1licos, la Asamblea Legislativa Plurinacional no se ha reunido, no hay un presidente que est\u00e9 gobernando en Bolivia, sino de facto el comandante en Jefe de las Fuerzas Armadas que es el \u00fanico que tiene autoridad legal en este momento luego de que se ha roto la l\u00ednea de sucesi\u00f3n constitucional\u201d, resume para RFI\u00a0<strong>Carlos Cordero, polit\u00f3logo en la Universidad Mayor San Andr\u00e9s UMSA, en La Paz, Bolivia<\/strong>.<\/p>\n<p><strong>Claude Le Gouill, especialista de Bolivia en el Instituto de Altos Estudios de Am\u00e9rica latina en Par\u00eds<\/strong>, admite que la cuesti\u00f3n de la sucesi\u00f3n de Evo Morales es \u201cespinosa\u201d dado que\u00a0<strong>el vicepresidente \u00c1lvaro Garc\u00eda Linera tambi\u00e9n ha renunciado<\/strong>. \u201cSeg\u00fan la constituci\u00f3n de 2009, la presidenta del Senado deber\u00eda haber asumido la presidencia interina. Pero Adriana Salvatierra, del Mas (Movimiento al Socialismo, partido de Morales) renunci\u00f3, al igual que el\u00a0<strong>vicepresidente del Senado, Rub\u00e9n Medinacelli\u00a0<\/strong>y el presidente de la C\u00e1mara de diputados V\u00edctor Borda\u201d, coment\u00f3 Le Gouill, en entrevista con RFI.<\/p>\n<div id=\"tms-ad-inread-20489090430151813\" class=\"tms-ad\" data-tms-ad-type=\"inread\" data-tms-ad-provider=\"teads\" data-tms-ad-status=\"idle\">\n<div class=\"teads\"><\/div>\n<\/div>\n<p>En su calidad de vice presidenta del Senado,\u00a0<strong>Jeanine \u00c1\u00f1ez<\/strong>\u00a0se declar\u00f3 dispuesta a asumir la presidencia. \u201cPero algunos miembros de la oposici\u00f3n piden un gobierno de transici\u00f3n dirigido por notables. Hay un vac\u00edo de poder\u201d, observa Le Gouill.<\/p>\n<p>\u201cLo que se espera es que se convoque la Asamblea, que la C\u00e1mara de Diputados rehaga su mesa directiva, que reconozca la renuncia del presidente Morales y que se designe un gobierno de transici\u00f3n que tendr\u00e1 que convocar a elecciones. Pero hasta la convocatoria de elecciones para pacificar definitivamente al pa\u00eds, hasta conocer cu\u00e1les van a ser las reglas del juego, pues ah\u00ed todav\u00eda hay mucho trayecto que recorrer\u201d, afirma Cordero. Y agrega adem\u00e1s que \u201cesa Asamblea Legislativa Plurinacional est\u00e1 conformada por una mayor\u00eda del MAS. Y\u00a0<strong>podr\u00eda no aceptar la renuncia del presidente Morales<\/strong>\u00a0y prolongar esta situaci\u00f3n un poco ca\u00f3tica que vive Bolivia.\u201d<\/p>\n<\/div>\n\n\t\t\t  <div \n\t\t\t  \tclass = \"fb-comments\" \n\t\t\t  \tdata-href = \"https:\/\/www.eloriente.net\/home\/2019\/11\/11\/tras-la-renuncia-de-morales-quien-tomara-las-riendas-de-bolivia\/\"\n\t\t\t  \tdata-numposts = \"10\"\n\t\t\t\tdata-colorscheme = \"dark\"\n\t\t\t\tdata-order-by = \"social\"\n\t\t\t\tdata-mobile=true>\n\t\t\t  <\/div>\n\t\t  <style>\n\t\t\t.fb_iframe_widget_fluid_desktop iframe {\n\t\t\t    width: 100% !important;\n\t\t\t}\n\t\t  <\/style>\n\t\t  ","protected":false},"excerpt":{"rendered":"<p>Por RFI Presionado por polic\u00edas, militares y opositores, el presidente de Bolivia Evo Morales renunci\u00f3 anoche. Con el mandatario dimitieron tambi\u00e9n su vicepresidente, as\u00ed como los que le siguen en la cadena de sucesi\u00f3n por lo que el pa\u00eds se encuentra en un vac\u00edo de poder. RFI consult\u00f3 a dos polit\u00f3logos para esclarecer lo que [&hellip;]<\/p>\n","protected":false},"author":57,"featured_media":58991,"comment_status":"open","ping_status":"open","sticky":false,"template":"","format":"standard","meta":{"_jetpack_memberships_contains_paid_content":false,"footnotes":""},"categories":[71,32,13,10504,10,21],"tags":[340,10847,10848],"class_list":["post-58990","post","type-post","status-publish","format-standard","has-post-thumbnail","hentry","category-elecciones","category-entradas","category-especiales","category-las-ultimas-12","category-lo-mas-reciente","category-politica-y-gobierno","tag-america-latina","tag-bolivia","tag-evo-morales"],"jetpack_featured_media_url":"https:\/\/www.eloriente.net\/home\/wp-content\/uploads\/2019\/11\/evo-morales-filtro.jpg","jetpack_sharing_enabled":true,"_links":{"self":[{"href":"https:\/\/www.eloriente.net\/home\/wp-json\/wp\/v2\/posts\/58990"}],"collection":[{"href":"https:\/\/www.eloriente.net\/home\/wp-json\/wp\/v2\/posts"}],"about":[{"href":"https:\/\/www.eloriente.net\/home\/wp-json\/wp\/v2\/types\/post"}],"author":[{"embeddable":true,"href":"https:\/\/www.eloriente.net\/home\/wp-json\/wp\/v2\/users\/57"}],"replies":[{"embeddable":true,"href":"https:\/\/www.eloriente.net\/home\/wp-json\/wp\/v2\/comments?post=58990"}],"version-history":[{"count":1,"href":"https:\/\/www.eloriente.net\/home\/wp-json\/wp\/v2\/posts\/58990\/revisions"}],"predecessor-version":[{"id":58992,"href":"https:\/\/www.eloriente.net\/home\/wp-json\/wp\/v2\/posts\/58990\/revisions\/58992"}],"wp:featuredmedia":[{"embeddable":true,"href":"https:\/\/www.eloriente.net\/home\/wp-json\/wp\/v2\/media\/58991"}],"wp:attachment":[{"href":"https:\/\/www.eloriente.net\/home\/wp-json\/wp\/v2\/media?parent=58990"}],"wp:term":[{"taxonomy":"category","embeddable":true,"href":"https:\/\/www.eloriente.net\/home\/wp-json\/wp\/v2\/categories?post=58990"},{"taxonomy":"post_tag","embeddable":true,"href":"https:\/\/www.eloriente.net\/home\/wp-json\/wp\/v2\/tags?post=58990"}],"curies":[{"name":"wp","href":"https:\/\/api.w.org\/{rel}","templated":true}]}}