{"id":590,"date":"2012-07-11T18:02:39","date_gmt":"2012-07-11T18:02:39","guid":{"rendered":"http:\/\/www.eloriente.net\/home\/?p=590"},"modified":"2015-11-10T12:57:25","modified_gmt":"2015-11-10T18:57:25","slug":"adrian-rios-celebra-su-cumpleanos","status":"publish","type":"post","link":"https:\/\/www.eloriente.net\/home\/2012\/07\/11\/adrian-rios-celebra-su-cumpleanos\/","title":{"rendered":"Adri\u00e1n R\u00edos celebra su cumplea\u00f1os"},"content":{"rendered":"<p><script src=\"\/\/pagead2.googlesyndication.com\/pagead\/js\/adsbygoogle.js\" async=\"\"><\/script><!-- BANNER ELORIENTE INCRUSTADO NOTAS --> <ins class=\"adsbygoogle\" style=\"display: inline-block; width: 300px; height: 250px;\" data-ad-client=\"ca-pub-1136171134853753\" data-ad-slot=\"7974633627\"><\/ins><script>\/\/ <![CDATA[\n(adsbygoogle = window.adsbygoogle || []).push({});\n\/\/ ]]><\/script><\/p>\n<p>eloriente.net\/<a href=\"http:\/\/www.facebook.com\/carmina.arremilla\" target=\"_blank\">Carmina Arremilla<\/a><\/p>\n<p>11 de julio\/2012<\/p>\n<p><a href=\"http:\/\/www.eloriente.net\/home\/wp-content\/uploads\/2012\/07\/Estilo-de-vida1.jpg\"><img loading=\"lazy\" decoding=\"async\" class=\"aligncenter size-full wp-image-591\" title=\"Estilo de vida1\" src=\"http:\/\/www.eloriente.net\/home\/wp-content\/uploads\/2012\/07\/Estilo-de-vida1.jpg\" alt=\"\" width=\"705\" height=\"458\" srcset=\"https:\/\/www.eloriente.net\/home\/wp-content\/uploads\/2012\/07\/Estilo-de-vida1.jpg 705w, https:\/\/www.eloriente.net\/home\/wp-content\/uploads\/2012\/07\/Estilo-de-vida1-300x194.jpg 300w\" sizes=\"(max-width: 705px) 100vw, 705px\" \/><\/a><\/p>\n<p><script src=\"\/\/pagead2.googlesyndication.com\/pagead\/js\/adsbygoogle.js\" async=\"\"><\/script><!-- BANNER PEQUE\u00d1O PARA ENTRENOTAS EL ORIENTE --> <ins class=\"adsbygoogle\" style=\"display: inline-block; width: 468px; height: 60px;\" data-ad-client=\"ca-pub-1136171134853753\" data-ad-slot=\"4953536424\"><\/ins><script>\/\/ <![CDATA[\n(adsbygoogle = window.adsbygoogle || []).push({});\n\/\/ ]]><\/script><\/p>\n<p>El pasado s\u00e1bado 7 de julio, el estilista profesional Adri\u00e1n R\u00edos celebr\u00f3 su cumplea\u00f1os en la Quinta \u00abLa Luz\u00bb ubicada en Avenida Ferrocarril, San Sebasti\u00e1n Tutla.<\/p>\n<p>Algunos \u00a0de los amigos que acompa\u00f1aron a Adri\u00e1n este d\u00eda fueron \u00c1ngeles Aguilar del Puerto, Denise Mendiola, Gabriela Vilchis, Manuel Ramos y Carmina Arremilla.<\/p>\n<p>\u00a1Felicitaciones de sus amigos de El Oriente!<\/p>\n\n\t\t\t  <div \n\t\t\t  \tclass = \"fb-comments\" \n\t\t\t  \tdata-href = \"https:\/\/www.eloriente.net\/home\/2012\/07\/11\/adrian-rios-celebra-su-cumpleanos\/\"\n\t\t\t  \tdata-numposts = \"10\"\n\t\t\t\tdata-colorscheme = \"dark\"\n\t\t\t\tdata-order-by = \"social\"\n\t\t\t\tdata-mobile=true>\n\t\t\t  <\/div>\n\t\t  <style>\n\t\t\t.fb_iframe_widget_fluid_desktop iframe {\n\t\t\t    width: 100% !important;\n\t\t\t}\n\t\t  <\/style>\n\t\t  ","protected":false},"excerpt":{"rendered":"<p>eloriente.net\/Carmina Arremilla 11 de julio\/2012 El pasado s\u00e1bado 7 de julio, el estilista profesional Adri\u00e1n R\u00edos celebr\u00f3 su cumplea\u00f1os en la Quinta \u00abLa Luz\u00bb ubicada en Avenida Ferrocarril, San Sebasti\u00e1n Tutla. Algunos \u00a0de los amigos que acompa\u00f1aron a Adri\u00e1n este d\u00eda fueron \u00c1ngeles Aguilar del Puerto, Denise Mendiola, Gabriela Vilchis, Manuel Ramos y Carmina Arremilla. [&hellip;]<\/p>\n","protected":false},"author":1,"featured_media":591,"comment_status":"open","ping_status":"open","sticky":false,"template":"","format":"standard","meta":{"_jetpack_memberships_contains_paid_content":false,"footnotes":""},"categories":[32,16],"tags":[],"class_list":["post-590","post","type-post","status-publish","format-standard","has-post-thumbnail","hentry","category-entradas","category-salud-y-estilo-de-vida"],"jetpack_featured_media_url":"https:\/\/www.eloriente.net\/home\/wp-content\/uploads\/2012\/07\/Estilo-de-vida1.jpg","jetpack_sharing_enabled":true,"_links":{"self":[{"href":"https:\/\/www.eloriente.net\/home\/wp-json\/wp\/v2\/posts\/590"}],"collection":[{"href":"https:\/\/www.eloriente.net\/home\/wp-json\/wp\/v2\/posts"}],"about":[{"href":"https:\/\/www.eloriente.net\/home\/wp-json\/wp\/v2\/types\/post"}],"author":[{"embeddable":true,"href":"https:\/\/www.eloriente.net\/home\/wp-json\/wp\/v2\/users\/1"}],"replies":[{"embeddable":true,"href":"https:\/\/www.eloriente.net\/home\/wp-json\/wp\/v2\/comments?post=590"}],"version-history":[{"count":3,"href":"https:\/\/www.eloriente.net\/home\/wp-json\/wp\/v2\/posts\/590\/revisions"}],"predecessor-version":[{"id":40376,"href":"https:\/\/www.eloriente.net\/home\/wp-json\/wp\/v2\/posts\/590\/revisions\/40376"}],"wp:featuredmedia":[{"embeddable":true,"href":"https:\/\/www.eloriente.net\/home\/wp-json\/wp\/v2\/media\/591"}],"wp:attachment":[{"href":"https:\/\/www.eloriente.net\/home\/wp-json\/wp\/v2\/media?parent=590"}],"wp:term":[{"taxonomy":"category","embeddable":true,"href":"https:\/\/www.eloriente.net\/home\/wp-json\/wp\/v2\/categories?post=590"},{"taxonomy":"post_tag","embeddable":true,"href":"https:\/\/www.eloriente.net\/home\/wp-json\/wp\/v2\/tags?post=590"}],"curies":[{"name":"wp","href":"https:\/\/api.w.org\/{rel}","templated":true}]}}