{"id":59233,"date":"2019-11-28T11:16:00","date_gmt":"2019-11-28T17:16:00","guid":{"rendered":"http:\/\/www.eloriente.net\/home\/?p=59233"},"modified":"2019-11-28T11:18:52","modified_gmt":"2019-11-28T17:18:52","slug":"poesia-araceli-mancilla-lectura-en-voz-alta","status":"publish","type":"post","link":"https:\/\/www.eloriente.net\/home\/2019\/11\/28\/poesia-araceli-mancilla-lectura-en-voz-alta\/","title":{"rendered":"Poes\u00eda: Araceli Mancilla, lectura en voz alta"},"content":{"rendered":"<p class=\"p1\">Aracely Mancilla es abogada de profesi\u00f3n, poetisa y narradora mexiquense, pero desde 1986 radicada en Oaxaca. Entre su obra publicada se encuentran los poemarios Desde la sombra (1999); Al centro de la \u00ednsula (2001); A luz m\u00e1s cierta (2004); Instantes de la llama (2005); Trampas de agua (2008); y La mujer del umbral (2016).<\/p>\n<p class=\"p1\">Con motivo de la 2da Feria nacional universitaria del libro de la UABJO, la poetisa se present\u00f3 para compartir su obra le\u00edda por ella misma a j\u00f3venes universitarios y p\u00fablico en general.<\/p>\n<p class=\"p1\">La feria se lleva a cabo del 25 de noviembre al<span class=\"Apple-converted-space\">\u00a0 <\/span>7 de diciembre, en la explanada de la Rector\u00eda universitaria.<\/p>\n\n\t\t\t  <div \n\t\t\t  \tclass = \"fb-comments\" \n\t\t\t  \tdata-href = \"https:\/\/www.eloriente.net\/home\/2019\/11\/28\/poesia-araceli-mancilla-lectura-en-voz-alta\/\"\n\t\t\t  \tdata-numposts = \"10\"\n\t\t\t\tdata-colorscheme = \"dark\"\n\t\t\t\tdata-order-by = \"social\"\n\t\t\t\tdata-mobile=true>\n\t\t\t  <\/div>\n\t\t  <style>\n\t\t\t.fb_iframe_widget_fluid_desktop iframe {\n\t\t\t    width: 100% !important;\n\t\t\t}\n\t\t  <\/style>\n\t\t  ","protected":false},"excerpt":{"rendered":"<p>Aracely Mancilla es abogada de profesi\u00f3n, poetisa y narradora mexiquense, pero desde 1986 radicada en Oaxaca. Entre su obra publicada se encuentran los poemarios Desde la sombra (1999); Al centro de la \u00ednsula (2001); A luz m\u00e1s cierta (2004); Instantes de la llama (2005); Trampas de agua (2008); y La mujer del umbral (2016). Con [&hellip;]<\/p>\n","protected":false},"author":57,"featured_media":59235,"comment_status":"open","ping_status":"open","sticky":false,"template":"","format":"video","meta":{"_jetpack_memberships_contains_paid_content":false,"footnotes":""},"categories":[18,10504,3153,464,84],"tags":[10883],"class_list":["post-59233","post","type-post","status-publish","format-video","has-post-thumbnail","hentry","category-educacion-y-cultura","category-las-ultimas-12","category-letras-educacion-y-cultura","category-oaxaca-estados","category-universidades","tag-araceli-mancilla","post_format-post-format-video"],"jetpack_featured_media_url":"https:\/\/www.eloriente.net\/home\/wp-content\/uploads\/2019\/11\/EKUEFdaX0AAigOU.jpeg","jetpack_sharing_enabled":true,"_links":{"self":[{"href":"https:\/\/www.eloriente.net\/home\/wp-json\/wp\/v2\/posts\/59233"}],"collection":[{"href":"https:\/\/www.eloriente.net\/home\/wp-json\/wp\/v2\/posts"}],"about":[{"href":"https:\/\/www.eloriente.net\/home\/wp-json\/wp\/v2\/types\/post"}],"author":[{"embeddable":true,"href":"https:\/\/www.eloriente.net\/home\/wp-json\/wp\/v2\/users\/57"}],"replies":[{"embeddable":true,"href":"https:\/\/www.eloriente.net\/home\/wp-json\/wp\/v2\/comments?post=59233"}],"version-history":[{"count":1,"href":"https:\/\/www.eloriente.net\/home\/wp-json\/wp\/v2\/posts\/59233\/revisions"}],"predecessor-version":[{"id":59236,"href":"https:\/\/www.eloriente.net\/home\/wp-json\/wp\/v2\/posts\/59233\/revisions\/59236"}],"wp:featuredmedia":[{"embeddable":true,"href":"https:\/\/www.eloriente.net\/home\/wp-json\/wp\/v2\/media\/59235"}],"wp:attachment":[{"href":"https:\/\/www.eloriente.net\/home\/wp-json\/wp\/v2\/media?parent=59233"}],"wp:term":[{"taxonomy":"category","embeddable":true,"href":"https:\/\/www.eloriente.net\/home\/wp-json\/wp\/v2\/categories?post=59233"},{"taxonomy":"post_tag","embeddable":true,"href":"https:\/\/www.eloriente.net\/home\/wp-json\/wp\/v2\/tags?post=59233"}],"curies":[{"name":"wp","href":"https:\/\/api.w.org\/{rel}","templated":true}]}}