{"id":59654,"date":"2019-12-26T13:43:06","date_gmt":"2019-12-26T19:43:06","guid":{"rendered":"http:\/\/www.eloriente.net\/home\/?p=59654"},"modified":"2019-12-26T14:31:27","modified_gmt":"2019-12-26T20:31:27","slug":"lo-mas-visto-2019-en-el-oriente","status":"publish","type":"post","link":"https:\/\/www.eloriente.net\/home\/2019\/12\/26\/lo-mas-visto-2019-en-el-oriente\/","title":{"rendered":"Lo m\u00e1s visto 2019 en EL ORIENTE"},"content":{"rendered":"<p>2019 ha sido un a\u00f1o para reinventar los l\u00edmites. Este Puerto Digital se ha convertido en la casa del talento de Oaxaca y el Sur de M\u00e9xico. Hemos estado presentes en decenas de momentos que han escrito la Historia de 2019 junto a sus protagonistas. Por todo ello, estamos muy agradecidos.<\/p>\n<p>A ti, querido lector, te reiteramos el compromiso de brindar siempre informaci\u00f3n de primer nivel, que ayude a potenciar el talento que hay ti, en tus seres queridos y en tu ciudad. Adem\u00e1s te invitamos a seguir compartiendo con nosotros tus proyectos, El Oriente es tu casa.<\/p>\n<p>Cada diciembre echamos un vistazo a los contenidos m\u00e1s vistos durante el a\u00f1o, hoy queremos compartirlo contigo lo m\u00e1s visto de 2019.<\/p>\n<p>&nbsp;<\/p>\n<h3><a href=\"http:\/\/www.eloriente.net\/home\/?x=0&amp;y=0&amp;s=Historia+detr%C3%A1s+de+la+canci%C3%B3n\" target=\"_blank\" rel=\"noopener\">La historia detr\u00e1s de la canci\u00f3n<\/a><\/h3>\n<p>Nuevamente, esta serie que revela la inspiraci\u00f3n de los artistas al escribir sus canciones m\u00e1s emblem\u00e1ticas, se ha posicionado como la favorita de nuestros lectores. Desde <a href=\"http:\/\/www.eloriente.net\/home\/2017\/12\/07\/la-historia-detras-debajo-la-mesa\/\" target=\"_blank\" rel=\"noopener\">Armando Manzanero<\/a>, hasta <a href=\"http:\/\/www.eloriente.net\/home\/2016\/01\/27\/musica-historia-detras-de-heartbreak-hotel-de-elvis-presley\/\" target=\"_blank\" rel=\"noopener\">Elvis Presley<\/a>, han sido presentados en La historia detr\u00e1s de la canci\u00f3n.<\/p>\n<p><a href=\"http:\/\/www.eloriente.net\/home\/wp-content\/uploads\/2016\/01\/12439304075_7968c92d44_o.jpg\"><img loading=\"lazy\" decoding=\"async\" class=\"aligncenter wp-image-41954\" src=\"http:\/\/www.eloriente.net\/home\/wp-content\/uploads\/2016\/01\/12439304075_7968c92d44_o.jpg\" alt=\"\" width=\"550\" height=\"464\" srcset=\"https:\/\/www.eloriente.net\/home\/wp-content\/uploads\/2016\/01\/12439304075_7968c92d44_o.jpg 600w, https:\/\/www.eloriente.net\/home\/wp-content\/uploads\/2016\/01\/12439304075_7968c92d44_o-300x253.jpg 300w\" sizes=\"(max-width: 550px) 100vw, 550px\" \/><\/a><\/p>\n<p>&nbsp;<\/p>\n<h3><a href=\"http:\/\/www.eloriente.net\/home\/2016\/02\/03\/medio-ambiente-ocho-son-las-areas-naturales-protegidas-en-oaxaca\/\" target=\"_blank\" rel=\"noopener\">\u00c1reas Naturales protegidas en Oaxaca<\/a><\/h3>\n<p>\u00bfYa conoces las ocho zonas naturales protegidas de Oaxaca? Cuando se dice que nuestra entidad es un pa\u00eds en s\u00ed mismo, nuestros lectores inmediatamente confirman, pues hemos conocido juntos sobre la riqueza natural y cultural de Oaxaca.<\/p>\n<p>&nbsp;<\/p>\n<h3><a href=\"http:\/\/www.eloriente.net\/home\/2016\/02\/06\/cultura-10-artistas-oaxaquenos-que-debes-conocer\/\" target=\"_blank\" rel=\"noopener\">Artistas oaxaque\u00f1os de debes conocer<\/a><\/h3>\n<p>S\u00f3lo diez <a href=\"http:\/\/www.eloriente.net\/home\/2019\/03\/25\/cinco-artistas-de-oaxaca-que-debes-conocer\/\" target=\"_blank\" rel=\"noopener\">pintores, ilustradores<\/a> y <a href=\"http:\/\/www.eloriente.net\/home\/2019\/07\/31\/5-fotografos-oaxaquenos-para-seguir-en-instagram\/\" target=\"_blank\" rel=\"noopener\">fot\u00f3grafos oaxaque\u00f1os<\/a>, de los muchos que es imperdonable conocer, est\u00e1n en esta lista que se vuelve a colocar entre lo m\u00e1s le\u00eddo en este Puerto Digital del talento.<\/p>\n<p>&nbsp;<\/p>\n<h3><a href=\"http:\/\/www.eloriente.net\/home\/2019\/07\/22\/en-vivo-guelaguetza-2019\/\" target=\"_blank\" rel=\"noopener\">Guelaguetza 2019<\/a><\/h3>\n<p>De diversas partes del mundo, miles de espectadores disfrutaron la grandeza de la m\u00e1xima fiesta de Oaxaca. <a href=\"https:\/\/www.instagram.com\/p\/B0SK9vcJeAo\/?utm_source=ig_web_copy_link\" target=\"_blank\" rel=\"noopener\">La Guelaguetza este a\u00f1o<\/a> se coloca tambi\u00e9n entre lo m\u00e1s visto de 2019.<\/p>\n<figure id=\"attachment_57304\" aria-describedby=\"caption-attachment-57304\" style=\"width: 550px\" class=\"wp-caption aligncenter\"><a href=\"http:\/\/www.eloriente.net\/home\/wp-content\/uploads\/2019\/07\/Gualguetza-2019-eloriente.net_.jpg\"><img loading=\"lazy\" decoding=\"async\" class=\" wp-image-57304\" src=\"http:\/\/www.eloriente.net\/home\/wp-content\/uploads\/2019\/07\/Gualguetza-2019-eloriente.net_.jpg\" alt=\"\" width=\"550\" height=\"366\" srcset=\"https:\/\/www.eloriente.net\/home\/wp-content\/uploads\/2019\/07\/Gualguetza-2019-eloriente.net_.jpg 960w, https:\/\/www.eloriente.net\/home\/wp-content\/uploads\/2019\/07\/Gualguetza-2019-eloriente.net_-300x200.jpg 300w, https:\/\/www.eloriente.net\/home\/wp-content\/uploads\/2019\/07\/Gualguetza-2019-eloriente.net_-768x511.jpg 768w, https:\/\/www.eloriente.net\/home\/wp-content\/uploads\/2019\/07\/Gualguetza-2019-eloriente.net_-696x463.jpg 696w, https:\/\/www.eloriente.net\/home\/wp-content\/uploads\/2019\/07\/Gualguetza-2019-eloriente.net_-631x420.jpg 631w\" sizes=\"(max-width: 550px) 100vw, 550px\" \/><\/a><figcaption id=\"caption-attachment-57304\" class=\"wp-caption-text\">Guelaguetza 2019, eloriente.net<\/figcaption><\/figure>\n<p>&nbsp;<\/p>\n<h3><a href=\"http:\/\/www.eloriente.net\/home\/2018\/06\/22\/proceso-de-auditoria-administrativa-por-ramon-icazbalceta\/\" target=\"_blank\" rel=\"noopener\">Proceso de Auditor\u00eda Administrativa<\/a><\/h3>\n<p>Los pasos de este proceso administrativo despert\u00f3 el inter\u00e9s de miles de lectores este 2019. Desde la planeaci\u00f3n, organizaci\u00f3n, direcci\u00f3n y control, este art\u00edculo de Ram\u00f3n Icazbalceta tambi\u00e9n fue de lo m\u00e1s le\u00eddo.<\/p>\n<p>&nbsp;<\/p>\n<h3><a href=\"http:\/\/www.eloriente.net\/home\/2016\/11\/24\/oaxaca-5-pasos-para-llegar-a-yosondua\/\" target=\"_blank\" rel=\"noopener\">5 Pasos para llegar a&#8230;<\/a><\/h3>\n<p>Yosond\u00faa fue el destino m\u00e1s buscado dentro de esta <a href=\"http:\/\/www.eloriente.net\/home\/?s=5+Pasos+para\" target=\"_blank\" rel=\"noopener\">serie de Senderos Oaxaca<\/a>, a trav\u00e9s de El Oriente, que te gu\u00eda para descubrir lo m\u00e1s incre\u00edbles rincones de Oaxaca.<\/p>\n<p><a href=\"http:\/\/www.eloriente.net\/home\/wp-content\/uploads\/2016\/11\/portada-Yosondua.png\"><img loading=\"lazy\" decoding=\"async\" class=\"aligncenter wp-image-46059\" src=\"http:\/\/www.eloriente.net\/home\/wp-content\/uploads\/2016\/11\/portada-Yosondua.png\" alt=\"\" width=\"550\" height=\"365\" srcset=\"https:\/\/www.eloriente.net\/home\/wp-content\/uploads\/2016\/11\/portada-Yosondua.png 852w, https:\/\/www.eloriente.net\/home\/wp-content\/uploads\/2016\/11\/portada-Yosondua-300x199.png 300w, https:\/\/www.eloriente.net\/home\/wp-content\/uploads\/2016\/11\/portada-Yosondua-768x510.png 768w\" sizes=\"(max-width: 550px) 100vw, 550px\" \/><\/a><\/p>\n<h3><\/h3>\n<h3><a href=\"http:\/\/www.eloriente.net\/home\/2014\/08\/29\/espiritualidad-o-religiosidad\/\" target=\"_blank\" rel=\"noopener\">Espiritualidad o religiosidad<\/a><\/h3>\n<p>La nueva <a href=\"https:\/\/www.youtube.com\/playlist?list=PLVkykMdvASnk-3rMN8uSWuMX3LuJLBQDL\" target=\"_blank\" rel=\"noopener\">espiritualidad<\/a> es muy reciente, finalmente puedes proclamarte desde tu interior sin el temor a ser encarcelado o sancionado, aunque socialmente a\u00fan puedes ser se\u00f1alado. Entonces, \u00bfespiritualidad o religiosidad?<\/p>\n<p>&nbsp;<\/p>\n<h3><a href=\"http:\/\/www.eloriente.net\/home\/2017\/04\/08\/arte-10-cantantes-oaxaquenos-debes-conocer\/\" target=\"_blank\" rel=\"noopener\">Cantantes oaxaque\u00f1os que debes conocer<\/a><\/h3>\n<p>Oaxaca es una tierra muy propicia para la creaci\u00f3n art\u00edstica. Los sabores, colores y sonidos que el estado brinda despiertan la sensibilidad\u00a0en los creadores. Por eso, esta lista de diez cantantes oaxaque\u00f1os ha sido tan visitada este a\u00f1o.<\/p>\n<p><iframe loading=\"lazy\" src=\"https:\/\/www.youtube.com\/embed\/53tcRiwLuSg\" width=\"560\" height=\"315\" frameborder=\"0\" allowfullscreen=\"allowfullscreen\"><\/iframe><\/p>\n<p>&nbsp;<\/p>\n<h3><a href=\"http:\/\/www.eloriente.net\/home\/2017\/10\/01\/que-es-el-inai-y-para-que-sirve\/\" target=\"_blank\" rel=\"noopener\">Qu\u00e9 es el INAI y para qu\u00e9 sirve?<\/a><\/h3>\n<p>Los mexicanos seguimos descubriendo nuestro derecho a la informaci\u00f3n y a la protecci\u00f3n de datos personales, Por ello, nuestro art\u00edculo sobre el Instituto Nacional de Transparencia, Acceso a la Informaci\u00f3n y Protecci\u00f3n de Datos Personales, ha sido tan consultada.<\/p>\n<p>&nbsp;<\/p>\n<h3><a href=\"http:\/\/www.eloriente.net\/home\/2014\/09\/08\/oaxaca-y-sus-aeropuertos\/\" target=\"_blank\" rel=\"noopener\">Oaxaca y sus aeropuertos\u00a0<\/a><\/h3>\n<p>La situaci\u00f3n aeron\u00e1utica comercial de Oaxaca es otro tema que se ha colocado en el inter\u00e9s de nuestra comunidad. \u00bfSabes cu\u00e1ntos aeropuertos y helipuertos hay en la entidad?<\/p>\n<p><a href=\"http:\/\/www.eloriente.net\/home\/wp-content\/uploads\/2014\/09\/Avi\u00f3n-thejaan.jpg\"><img loading=\"lazy\" decoding=\"async\" class=\"aligncenter wp-image-31996\" src=\"http:\/\/www.eloriente.net\/home\/wp-content\/uploads\/2014\/09\/Avi\u00f3n-thejaan.jpg\" alt=\"\" width=\"550\" height=\"364\" srcset=\"https:\/\/www.eloriente.net\/home\/wp-content\/uploads\/2014\/09\/Avi\u00f3n-thejaan.jpg 1600w, https:\/\/www.eloriente.net\/home\/wp-content\/uploads\/2014\/09\/Avi\u00f3n-thejaan-300x198.jpg 300w, https:\/\/www.eloriente.net\/home\/wp-content\/uploads\/2014\/09\/Avi\u00f3n-thejaan-1024x678.jpg 1024w\" sizes=\"(max-width: 550px) 100vw, 550px\" \/><\/a><\/p>\n\n\t\t\t  <div \n\t\t\t  \tclass = \"fb-comments\" \n\t\t\t  \tdata-href = \"https:\/\/www.eloriente.net\/home\/2019\/12\/26\/lo-mas-visto-2019-en-el-oriente\/\"\n\t\t\t  \tdata-numposts = \"10\"\n\t\t\t\tdata-colorscheme = \"dark\"\n\t\t\t\tdata-order-by = \"social\"\n\t\t\t\tdata-mobile=true>\n\t\t\t  <\/div>\n\t\t  <style>\n\t\t\t.fb_iframe_widget_fluid_desktop iframe {\n\t\t\t    width: 100% !important;\n\t\t\t}\n\t\t  <\/style>\n\t\t  ","protected":false},"excerpt":{"rendered":"<p>2019 ha sido un a\u00f1o para reinventar los l\u00edmites. Este Puerto Digital se ha convertido en la casa del talento de Oaxaca y el Sur de M\u00e9xico. Hemos estado presentes en decenas de momentos que han escrito la Historia de 2019 junto a sus protagonistas. Por todo ello, estamos muy agradecidos. A ti, querido lector, [&hellip;]<\/p>\n","protected":false},"author":57,"featured_media":59656,"comment_status":"open","ping_status":"open","sticky":false,"template":"","format":"standard","meta":{"_jetpack_memberships_contains_paid_content":false,"footnotes":""},"categories":[32,13,10504],"tags":[9965,3308],"class_list":["post-59654","post","type-post","status-publish","format-standard","has-post-thumbnail","hentry","category-entradas","category-especiales","category-las-ultimas-12","tag-9965","tag-lo-mas-visto"],"jetpack_featured_media_url":"https:\/\/www.eloriente.net\/home\/wp-content\/uploads\/2019\/12\/Yellow-and-Gold-Geometric-Company-_-Business-Christmas-Greeting-Facebook-Post.png","jetpack_sharing_enabled":true,"_links":{"self":[{"href":"https:\/\/www.eloriente.net\/home\/wp-json\/wp\/v2\/posts\/59654"}],"collection":[{"href":"https:\/\/www.eloriente.net\/home\/wp-json\/wp\/v2\/posts"}],"about":[{"href":"https:\/\/www.eloriente.net\/home\/wp-json\/wp\/v2\/types\/post"}],"author":[{"embeddable":true,"href":"https:\/\/www.eloriente.net\/home\/wp-json\/wp\/v2\/users\/57"}],"replies":[{"embeddable":true,"href":"https:\/\/www.eloriente.net\/home\/wp-json\/wp\/v2\/comments?post=59654"}],"version-history":[{"count":3,"href":"https:\/\/www.eloriente.net\/home\/wp-json\/wp\/v2\/posts\/59654\/revisions"}],"predecessor-version":[{"id":59658,"href":"https:\/\/www.eloriente.net\/home\/wp-json\/wp\/v2\/posts\/59654\/revisions\/59658"}],"wp:featuredmedia":[{"embeddable":true,"href":"https:\/\/www.eloriente.net\/home\/wp-json\/wp\/v2\/media\/59656"}],"wp:attachment":[{"href":"https:\/\/www.eloriente.net\/home\/wp-json\/wp\/v2\/media?parent=59654"}],"wp:term":[{"taxonomy":"category","embeddable":true,"href":"https:\/\/www.eloriente.net\/home\/wp-json\/wp\/v2\/categories?post=59654"},{"taxonomy":"post_tag","embeddable":true,"href":"https:\/\/www.eloriente.net\/home\/wp-json\/wp\/v2\/tags?post=59654"}],"curies":[{"name":"wp","href":"https:\/\/api.w.org\/{rel}","templated":true}]}}