{"id":59713,"date":"2020-01-03T11:48:04","date_gmt":"2020-01-03T17:48:04","guid":{"rendered":"http:\/\/www.eloriente.net\/home\/?p=59713"},"modified":"2020-01-03T11:48:04","modified_gmt":"2020-01-03T17:48:04","slug":"mecanismos-de-memoria","status":"publish","type":"post","link":"https:\/\/www.eloriente.net\/home\/2020\/01\/03\/mecanismos-de-memoria\/","title":{"rendered":"Mecanismos de memoria"},"content":{"rendered":"<p>Por <a href=\"https:\/\/noticias.canal22.org.mx\/\" target=\"_blank\" rel=\"noopener\">N22\/Karen Rivera<\/a><\/p>\n<article id=\"post-44599\" class=\"post-44599 post type-post status-publish format-standard has-post-thumbnail hentry category-ciencia-y-tecnologia tag-memoria tag-mente tag-recuerdos\">\n<div class=\"entry-content\">\n<p>\u00bfC\u00f3mo funciona el olvido en nuestro cerebro? Si guardamos un archivo en el ordenador y lo volvemos a abrir, seguro lo encontraremos como lo dejamos la \u00faltima vez; el cerebro no funciona as\u00ed, cada vez que abrimos un recuerdo y lo volvemos a guardar, \u00e9ste se transforma e incorpora informaci\u00f3n nueva, por ello se guarda con cambios, incluso los archivos que abrimos en nuestro cerebro con m\u00e1s frecuencia son los m\u00e1s cambiados y las memorias que m\u00e1s evocamos en realidad son las menos parecidas a las experiencias originales.<\/p>\n<p>\u00abHay varias ideas, una es como la m\u00e1s intuitiva, que es la idea de que b\u00e1sicamente las memorias se van esfumando con el tiempo, como que se va desapareciendo el sustrato f\u00edsico por el desuso de esas memorias. Es medio raro este concepto porque lo que pasa es que la mayor parte de la informaci\u00f3n se olvida en el primer d\u00eda, el ochenta, noventa por ciento de la informaci\u00f3n la perdemos en el primer d\u00eda, y despu\u00e9s ya no se pierde m\u00e1s\u00bb, explica Pedro Bekinschtein, experto en mecanismos de memoria.<\/p>\n<p><script async src=\"https:\/\/pagead2.googlesyndication.com\/pagead\/js\/adsbygoogle.js\"><\/script><br \/>\n<ins class=\"adsbygoogle\" style=\"display: block; text-align: center;\" data-ad-layout=\"in-article\" data-ad-format=\"fluid\" data-ad-client=\"ca-pub-1136171134853753\" data-ad-slot=\"5545504441\"><\/ins><br \/>\n<script>\n     (adsbygoogle = window.adsbygoogle || []).push({});\n<\/script>\u00abHay otras teor\u00edas, una, por ejemplo, es la de interferencias, que dice que los aprendizajes nuevos interfieren con lo que ya est\u00e1 guardado y entonces eso hace que vaya desapareciendo la informaci\u00f3n m\u00e1s vieja para dejar entrar informaci\u00f3n m\u00e1s nueva, recordemos que todos los recuerdos son susceptibles a ser interferidos por otros aprendizajes.\u00bb<\/p>\n<p>Adem\u00e1s de estas teor\u00edas, se encuentran las de tipo\u00a0<strong>adaptativo<\/strong>, que se refieren a la manera en la que el cerebro va esculpiendo nuestra memoria con base en lo que usamos y ya no usamos; por ejemplo, las contrase\u00f1as, si requerimos cambiarlas para nuestro correo electr\u00f3nico o redes sociales, ser\u00e1 dif\u00edcil al principio ubicar a las nuevas, porque las viejas interferir\u00e1n con ellas, \u00abpero lo que va pasando es que la contrase\u00f1a vieja se va olvidando, porque estas dos memorias compiten, yo no puedo tenerlas al mismo tiempo, entonces, cada vez que empezamos a recordar algo y practicamos con m\u00e1s frecuencia un recuerdo, olvidamos otros que compiten o son similares o comparten claves para ser evocados y de esa manera, recordar tambi\u00e9n es olvidar y vamos modificando nuestra memoria a partir del uso que le vamos dando.\u00bb<\/p>\n<p>\u00abEl cerebro no guarda todo lo que vivimos, o al menos eso creemos por ahora, entonces de alguna manera est\u00e1 poniendo una jerarqu\u00eda de qu\u00e9 recordamos y qu\u00e9 vamos a dejar morir y se va a ir en unos cuantos segundos o minutos, y eso tiene que ver con procesos de estabilizaci\u00f3n de esa informaci\u00f3n. Los llamamos\u00a0<strong>consolidaci\u00f3n<\/strong>, que es la estabilizaci\u00f3n de esa informaci\u00f3n en los circuitos neuronales y esa estabilizaci\u00f3n lleva tiempo y lleva recursos energ\u00e9ticos en el cerebro, entonces si durante ese proceso estamos incorporando informaci\u00f3n nueva, esa informaci\u00f3n nueva va a competir por los recursos para almacenar informaci\u00f3n y el cerebro va a tener que, de alguna manera, establecer una jerarqu\u00eda de qu\u00e9 vamos a recordar y de qu\u00e9 no.\u00bb<\/p>\n<p>Una de las claves para que el cerebro jerarquice esa informaci\u00f3n es el contenido emocional, los recuerdos con carga emocional m\u00e1s fuerte suelen ser guardados con m\u00e1s firmeza. Lo novedoso tambi\u00e9n juega un papel importante: cuanto m\u00e1s novedoso sea el recuerdo mejor va a ser el proceso de almacenamiento y su estabilizaci\u00f3n.<\/p>\n<p>\u00abLo que se descubri\u00f3 hace poco es que hay neuronas que uno puede etiquetarlas de alguna manera; cuando se requiere informaci\u00f3n y que uno las puede activar artificialmente m\u00e1s tarde en ausencia de claves de evocaci\u00f3n, simplemente con prender una luz, y el recuerdo se activa, o sea que con activar unas pocas c\u00e9lulas, que llamamos c\u00e9lulas en grama, es suficiente para activar un recuerdo entero y de hecho, en situaciones de amnesia, a veces activar esas memorias hace que se recupere esa memoria. Para m\u00ed ese es como uno de los descubrimientos m\u00e1s importante de los \u00faltimos a\u00f1os.\u00bb<\/p>\n<\/div>\n<\/article>\n<nav class=\"navigation post-navigation\" role=\"navigation\" aria-label=\"Entradas\">\n<h2 class=\"screen-reader-text\">Navegaci\u00f3n de entradas<\/h2>\n<div class=\"nav-links\"><\/div>\n<\/nav>\n\n\t\t\t  <div \n\t\t\t  \tclass = \"fb-comments\" \n\t\t\t  \tdata-href = \"https:\/\/www.eloriente.net\/home\/2020\/01\/03\/mecanismos-de-memoria\/\"\n\t\t\t  \tdata-numposts = \"10\"\n\t\t\t\tdata-colorscheme = \"dark\"\n\t\t\t\tdata-order-by = \"social\"\n\t\t\t\tdata-mobile=true>\n\t\t\t  <\/div>\n\t\t  <style>\n\t\t\t.fb_iframe_widget_fluid_desktop iframe {\n\t\t\t    width: 100% !important;\n\t\t\t}\n\t\t  <\/style>\n\t\t  ","protected":false},"excerpt":{"rendered":"<p>Por N22\/Karen Rivera \u00bfC\u00f3mo funciona el olvido en nuestro cerebro? Si guardamos un archivo en el ordenador y lo volvemos a abrir, seguro lo encontraremos como lo dejamos la \u00faltima vez; el cerebro no funciona as\u00ed, cada vez que abrimos un recuerdo y lo volvemos a guardar, \u00e9ste se transforma e incorpora informaci\u00f3n nueva, por [&hellip;]<\/p>\n","protected":false},"author":57,"featured_media":59714,"comment_status":"open","ping_status":"open","sticky":false,"template":"","format":"standard","meta":{"_jetpack_memberships_contains_paid_content":false,"footnotes":""},"categories":[18,32,10504,30],"tags":[1133,1942,2033],"class_list":["post-59713","post","type-post","status-publish","format-standard","has-post-thumbnail","hentry","category-educacion-y-cultura","category-entradas","category-las-ultimas-12","category-salud","tag-memoria","tag-mente","tag-recuerdos"],"jetpack_featured_media_url":"https:\/\/www.eloriente.net\/home\/wp-content\/uploads\/2020\/01\/memoria1.jpg","jetpack_sharing_enabled":true,"_links":{"self":[{"href":"https:\/\/www.eloriente.net\/home\/wp-json\/wp\/v2\/posts\/59713"}],"collection":[{"href":"https:\/\/www.eloriente.net\/home\/wp-json\/wp\/v2\/posts"}],"about":[{"href":"https:\/\/www.eloriente.net\/home\/wp-json\/wp\/v2\/types\/post"}],"author":[{"embeddable":true,"href":"https:\/\/www.eloriente.net\/home\/wp-json\/wp\/v2\/users\/57"}],"replies":[{"embeddable":true,"href":"https:\/\/www.eloriente.net\/home\/wp-json\/wp\/v2\/comments?post=59713"}],"version-history":[{"count":1,"href":"https:\/\/www.eloriente.net\/home\/wp-json\/wp\/v2\/posts\/59713\/revisions"}],"predecessor-version":[{"id":59716,"href":"https:\/\/www.eloriente.net\/home\/wp-json\/wp\/v2\/posts\/59713\/revisions\/59716"}],"wp:featuredmedia":[{"embeddable":true,"href":"https:\/\/www.eloriente.net\/home\/wp-json\/wp\/v2\/media\/59714"}],"wp:attachment":[{"href":"https:\/\/www.eloriente.net\/home\/wp-json\/wp\/v2\/media?parent=59713"}],"wp:term":[{"taxonomy":"category","embeddable":true,"href":"https:\/\/www.eloriente.net\/home\/wp-json\/wp\/v2\/categories?post=59713"},{"taxonomy":"post_tag","embeddable":true,"href":"https:\/\/www.eloriente.net\/home\/wp-json\/wp\/v2\/tags?post=59713"}],"curies":[{"name":"wp","href":"https:\/\/api.w.org\/{rel}","templated":true}]}}