{"id":59936,"date":"2020-01-15T08:00:54","date_gmt":"2020-01-15T14:00:54","guid":{"rendered":"http:\/\/www.eloriente.net\/home\/?p=59936"},"modified":"2020-01-14T13:45:31","modified_gmt":"2020-01-14T19:45:31","slug":"el-universitario-abraham-pazos-gana-bronce-en-torneo-grand-prix-todos-estrellas","status":"publish","type":"post","link":"https:\/\/www.eloriente.net\/home\/2020\/01\/15\/el-universitario-abraham-pazos-gana-bronce-en-torneo-grand-prix-todos-estrellas\/","title":{"rendered":"El universitario Abraham Pazos gana bronce en torneo Grand Prix Todos Estrellas"},"content":{"rendered":"<p>Por <a href=\"http:\/\/www.uabjo.mx\/\" target=\"_blank\" rel=\"noopener\">UABJO <\/a><\/p>\n<p>Abraham Pazos V\u00e1squez, estudiante de la Facultad de Cultura F\u00edsica y Deporte de la Universidad Aut\u00f3noma \u201cBenito Ju\u00e1rez\u201d de Oaxaca, conquist\u00f3 la medalla de bronce en Lucha Ol\u00edmpica, en el \u201cGrand Prix Todos Estrellas 2019\u201d, en la categor\u00eda de 70 kilos.<\/p>\n<p>El seleccionado universitario se midi\u00f3 contra competidores de Zacatecas, Guanajuato, Ciudad de M\u00e9xico y Quintana Roo en la justa nacional convocada por la Federaci\u00f3n Medallistas de Luchas Asociadas A.C. (Femela), que se celebr\u00f3 en diciembre pasado, en la ciudad de Guanajuato.<\/p>\n<p><script async src=\"https:\/\/pagead2.googlesyndication.com\/pagead\/js\/adsbygoogle.js\"><\/script><br \/>\n<ins class=\"adsbygoogle\" style=\"display: block; text-align: center;\" data-ad-layout=\"in-article\" data-ad-format=\"fluid\" data-ad-client=\"ca-pub-1136171134853753\" data-ad-slot=\"5545504441\"><\/ins><br \/>\n<script>\n     (adsbygoogle = window.adsbygoogle || []).push({});\n<\/script><br \/>\nPazos V\u00e1squez, quien represent\u00f3 al estado de Oaxaca junto a luchadores del Centro Estatal de Deportes de Combate (Cedecom), se\u00f1al\u00f3 \u201cgracias al apoyo de la UABJO pude ir, me ayudaron con mi hospedaje y alimentaci\u00f3n. Fue una buena experiencia porque es parte del aprendizaje de preparaci\u00f3n para la Universiada, y los Juegos Nacionales\u201d.<a href=\"http:\/\/www.eloriente.net\/home\/wp-content\/uploads\/2020\/01\/2.JPG-copy.jpg\"><img loading=\"lazy\" decoding=\"async\" class=\"wp-image-59939 aligncenter\" src=\"http:\/\/www.eloriente.net\/home\/wp-content\/uploads\/2020\/01\/2.JPG-copy.jpg\" alt=\"\" width=\"550\" height=\"825\" srcset=\"https:\/\/www.eloriente.net\/home\/wp-content\/uploads\/2020\/01\/2.JPG-copy.jpg 2000w, https:\/\/www.eloriente.net\/home\/wp-content\/uploads\/2020\/01\/2.JPG-copy-200x300.jpg 200w, https:\/\/www.eloriente.net\/home\/wp-content\/uploads\/2020\/01\/2.JPG-copy-768x1152.jpg 768w, https:\/\/www.eloriente.net\/home\/wp-content\/uploads\/2020\/01\/2.JPG-copy-683x1024.jpg 683w, https:\/\/www.eloriente.net\/home\/wp-content\/uploads\/2020\/01\/2.JPG-copy-696x1044.jpg 696w, https:\/\/www.eloriente.net\/home\/wp-content\/uploads\/2020\/01\/2.JPG-copy-1068x1602.jpg 1068w, https:\/\/www.eloriente.net\/home\/wp-content\/uploads\/2020\/01\/2.JPG-copy-280x420.jpg 280w, https:\/\/www.eloriente.net\/home\/wp-content\/uploads\/2020\/01\/2.JPG-copy-600x900.jpg 600w\" sizes=\"(max-width: 550px) 100vw, 550px\" \/><\/a><\/p>\n<p>Por su parte, V\u00edctor No\u00e9 Ch\u00e1vez Ram\u00edrez, orgulloso egresado de esta Casa de Estudios y entrenador de la selecci\u00f3n universitaria de Lucha Ol\u00edmpica, refiri\u00f3 \u201cPazos lleg\u00f3 con nosotros a los siete a\u00f1os en un curso de verano, la disciplina es una de las caracter\u00edsticas m\u00e1s importantes de \u00e9l y le ha dado frutos en este deporte a nivel nacional, es multi-medallista\u201d.<\/p>\n<p>Ch\u00e1vez Ram\u00edrez, que ha entrenado a Abraham Pazos desde temprana edad, coment\u00f3 que en el \u201cGrand Prix Todos Estrellas\u201d participan los primeros cinco lugares del ranking nacional de cada categor\u00eda, \u201cluchamos por el tercer lugar y lo ganamos ampliamente 10 a 0\u201d.<\/p>\n<p>Finalmente Pazos V\u00e1squez, estudiante de cuarto semestre de la Licenciatura en Entrenamiento Deportivo, expres\u00f3 su deseo de asistir al torneo preparativo que se realizar\u00e1 en Jalisco el pr\u00f3ximo 30 de enero, y envi\u00f3 un mensaje para la comunidad universitaria: \u201cnunca dejen sus estudios, el deporte es fundamental para la salud y sentirse bien\u201d.<\/p>\n<p>La selecci\u00f3n de Lucha Libre que impulsa la Direcci\u00f3n de Cultura F\u00edsica y Deporte, a cargo de Gerardo Mel\u00e9ndez Mat\u00edas, entrena de lunes a viernes de las 16:00 a 17:30 horas en las instalaciones del Gimnasio Universitario y la convocatoria est\u00e1 abierta a la comunidad estudiantil.<\/p>\n\n\t\t\t  <div \n\t\t\t  \tclass = \"fb-comments\" \n\t\t\t  \tdata-href = \"https:\/\/www.eloriente.net\/home\/2020\/01\/15\/el-universitario-abraham-pazos-gana-bronce-en-torneo-grand-prix-todos-estrellas\/\"\n\t\t\t  \tdata-numposts = \"10\"\n\t\t\t\tdata-colorscheme = \"dark\"\n\t\t\t\tdata-order-by = \"social\"\n\t\t\t\tdata-mobile=true>\n\t\t\t  <\/div>\n\t\t  <style>\n\t\t\t.fb_iframe_widget_fluid_desktop iframe {\n\t\t\t    width: 100% !important;\n\t\t\t}\n\t\t  <\/style>\n\t\t  ","protected":false},"excerpt":{"rendered":"<p>Por UABJO Abraham Pazos V\u00e1squez, estudiante de la Facultad de Cultura F\u00edsica y Deporte de la Universidad Aut\u00f3noma \u201cBenito Ju\u00e1rez\u201d de Oaxaca, conquist\u00f3 la medalla de bronce en Lucha Ol\u00edmpica, en el \u201cGrand Prix Todos Estrellas 2019\u201d, en la categor\u00eda de 70 kilos. El seleccionado universitario se midi\u00f3 contra competidores de Zacatecas, Guanajuato, Ciudad de [&hellip;]<\/p>\n","protected":false},"author":57,"featured_media":59940,"comment_status":"open","ping_status":"open","sticky":false,"template":"","format":"standard","meta":{"_jetpack_memberships_contains_paid_content":false,"footnotes":""},"categories":[15,32,10504,8677,84],"tags":[140,11002,182],"class_list":["post-59936","post","type-post","status-publish","format-standard","has-post-thumbnail","hentry","category-deportes","category-entradas","category-las-ultimas-12","category-uabjo","category-universidades","tag-deporte","tag-femela","tag-uabjo"],"jetpack_featured_media_url":"https:\/\/www.eloriente.net\/home\/wp-content\/uploads\/2020\/01\/1.JPG-copy.jpg","jetpack_sharing_enabled":true,"_links":{"self":[{"href":"https:\/\/www.eloriente.net\/home\/wp-json\/wp\/v2\/posts\/59936"}],"collection":[{"href":"https:\/\/www.eloriente.net\/home\/wp-json\/wp\/v2\/posts"}],"about":[{"href":"https:\/\/www.eloriente.net\/home\/wp-json\/wp\/v2\/types\/post"}],"author":[{"embeddable":true,"href":"https:\/\/www.eloriente.net\/home\/wp-json\/wp\/v2\/users\/57"}],"replies":[{"embeddable":true,"href":"https:\/\/www.eloriente.net\/home\/wp-json\/wp\/v2\/comments?post=59936"}],"version-history":[{"count":3,"href":"https:\/\/www.eloriente.net\/home\/wp-json\/wp\/v2\/posts\/59936\/revisions"}],"predecessor-version":[{"id":59941,"href":"https:\/\/www.eloriente.net\/home\/wp-json\/wp\/v2\/posts\/59936\/revisions\/59941"}],"wp:featuredmedia":[{"embeddable":true,"href":"https:\/\/www.eloriente.net\/home\/wp-json\/wp\/v2\/media\/59940"}],"wp:attachment":[{"href":"https:\/\/www.eloriente.net\/home\/wp-json\/wp\/v2\/media?parent=59936"}],"wp:term":[{"taxonomy":"category","embeddable":true,"href":"https:\/\/www.eloriente.net\/home\/wp-json\/wp\/v2\/categories?post=59936"},{"taxonomy":"post_tag","embeddable":true,"href":"https:\/\/www.eloriente.net\/home\/wp-json\/wp\/v2\/tags?post=59936"}],"curies":[{"name":"wp","href":"https:\/\/api.w.org\/{rel}","templated":true}]}}