{"id":59977,"date":"2020-01-17T05:00:02","date_gmt":"2020-01-17T11:00:02","guid":{"rendered":"http:\/\/www.eloriente.net\/home\/?p=59977"},"modified":"2020-01-16T14:21:12","modified_gmt":"2020-01-16T20:21:12","slug":"46-anos-de-la-cineteca-nacional","status":"publish","type":"post","link":"https:\/\/www.eloriente.net\/home\/2020\/01\/17\/46-anos-de-la-cineteca-nacional\/","title":{"rendered":"46 a\u00f1os de la Cineteca Nacional"},"content":{"rendered":"<p>Por\u00a0<a href=\"https:\/\/noticias.canal22.org.mx\/\" target=\"_blank\" rel=\"noopener\">N22\/Julio L\u00f3pez<\/a><\/p>\n<p>Durante 46 a\u00f1os la\u00a0<b>Cineteca Nacional<\/b>\u00a0ha cumplido cabalmente su funci\u00f3n de ser un promotor de la cultura f\u00edlmica nacional e internacional. El 17 de enero de 1974 abri\u00f3 por primera vez sus puertas al p\u00fablico. Originalmente se encontraba en la esquina de Tlalpan y R\u00edo Churubusco, y s\u00f3lo contaba con dos salas, El sal\u00f3n rojo y la Sala Fernando de Fuentes.<\/p>\n<p>En la inauguraci\u00f3n se proyect\u00f3 la pel\u00edcula\u00a0<b><i>El compadre Mendoza,\u00a0<\/i><\/b>de 1933, de esta manera la Cineteca cumpl\u00eda con otra de sus misiones: preservar la memoria f\u00edlmica nacional.<\/p>\n<p><script async src=\"https:\/\/pagead2.googlesyndication.com\/pagead\/js\/adsbygoogle.js\"><\/script><br \/>\n<ins class=\"adsbygoogle\" style=\"display: block; text-align: center;\" data-ad-layout=\"in-article\" data-ad-format=\"fluid\" data-ad-client=\"ca-pub-1136171134853753\" data-ad-slot=\"5545504441\"><\/ins><br \/>\n<script>\n     (adsbygoogle = window.adsbygoogle || []).push({});\n<\/script><\/p>\n<p><a href=\"http:\/\/www.eloriente.net\/home\/wp-content\/uploads\/2020\/01\/cineteca-nacional-desde-tlalpan-y-churubusco-1.jpg\"><img loading=\"lazy\" decoding=\"async\" class=\"alignnone  wp-image-59979\" src=\"http:\/\/www.eloriente.net\/home\/wp-content\/uploads\/2020\/01\/cineteca-nacional-desde-tlalpan-y-churubusco-1.jpg\" alt=\"\" width=\"550\" height=\"403\" srcset=\"https:\/\/www.eloriente.net\/home\/wp-content\/uploads\/2020\/01\/cineteca-nacional-desde-tlalpan-y-churubusco-1.jpg 720w, https:\/\/www.eloriente.net\/home\/wp-content\/uploads\/2020\/01\/cineteca-nacional-desde-tlalpan-y-churubusco-1-300x220.jpg 300w, https:\/\/www.eloriente.net\/home\/wp-content\/uploads\/2020\/01\/cineteca-nacional-desde-tlalpan-y-churubusco-1-80x60.jpg 80w, https:\/\/www.eloriente.net\/home\/wp-content\/uploads\/2020\/01\/cineteca-nacional-desde-tlalpan-y-churubusco-1-696x510.jpg 696w, https:\/\/www.eloriente.net\/home\/wp-content\/uploads\/2020\/01\/cineteca-nacional-desde-tlalpan-y-churubusco-1-573x420.jpg 573w, https:\/\/www.eloriente.net\/home\/wp-content\/uploads\/2020\/01\/cineteca-nacional-desde-tlalpan-y-churubusco-1-600x440.jpg 600w\" sizes=\"(max-width: 550px) 100vw, 550px\" \/><\/a><\/p>\n<p>El 1977 se vuelve de parte de la Federaci\u00f3n Internacional de Archivos F\u00edlmicos y ese mismo a\u00f1o organiza por primera vez la Muestra Internacional de Cine, que a la postre se convertir\u00eda en uno de los eventos f\u00edlmicos m\u00e1s importantes del pa\u00eds. Pr\u00e1cticamente se han proyectado las pel\u00edculas de todos los grandes maestros del cine internacional.<\/p>\n<p>&nbsp;<\/p>\n<p><a href=\"http:\/\/www.eloriente.net\/home\/wp-content\/uploads\/2020\/01\/Antigua-CN.jpg\"><img loading=\"lazy\" decoding=\"async\" class=\"alignnone  wp-image-59980\" src=\"http:\/\/www.eloriente.net\/home\/wp-content\/uploads\/2020\/01\/Antigua-CN.jpg\" alt=\"\" width=\"551\" height=\"368\" srcset=\"https:\/\/www.eloriente.net\/home\/wp-content\/uploads\/2020\/01\/Antigua-CN.jpg 787w, https:\/\/www.eloriente.net\/home\/wp-content\/uploads\/2020\/01\/Antigua-CN-300x201.jpg 300w, https:\/\/www.eloriente.net\/home\/wp-content\/uploads\/2020\/01\/Antigua-CN-768x513.jpg 768w, https:\/\/www.eloriente.net\/home\/wp-content\/uploads\/2020\/01\/Antigua-CN-696x465.jpg 696w, https:\/\/www.eloriente.net\/home\/wp-content\/uploads\/2020\/01\/Antigua-CN-628x420.jpg 628w, https:\/\/www.eloriente.net\/home\/wp-content\/uploads\/2020\/01\/Antigua-CN-600x401.jpg 600w\" sizes=\"(max-width: 551px) 100vw, 551px\" \/><\/a><\/p>\n<p>El 24 de marzo de 1982, la Cineteca Nacional se incendi\u00f3. Existen muchas teor\u00edas, se habl\u00f3 de un corto circuito y tambi\u00e9n se dijo que el fuego inici\u00f3 en el restaurante, sin embargo, una de las m\u00e1s radicales sugiere que el siniestro fue provocado. Lo que se buscaba era desaparecer los rollos que se hab\u00edan filmado sobre la matanza en Tlatelolco del 2 de octubre. Todo apuntaba a que la orden la hab\u00eda dado Margarita L\u00f3pez Portillo, hermana del entonces presidente Jos\u00e9 L\u00f3pez Portillo.<\/p>\n<p>Desde el 27 de enero de 1984 la Cineteca Nacional ocupa la sede que todos conocemos, tambi\u00e9n conocida como la Plaza de los compositores, un lugar que se ha convertido en refugio natural para el cine nacional, donde se proyectan las m\u00e1s arriesgadas propuestas, un sitio que ahora cuenta con diez salas de proyecci\u00f3n, un foro al aire libre, una sala de exposiciones, un centro de restauraci\u00f3n de pel\u00edculas, una videoteca, un centro de investigaci\u00f3n, restaurantes, caf\u00e9s, librer\u00edas \u00a0pero sobre todo un p\u00fablico asistente que se la ha apropiado. Tan s\u00f3lo en 2018 m\u00e1s de un mill\u00f3n 400 mil personas asistieron a este recinto.<\/p>\n<p><a href=\"http:\/\/www.eloriente.net\/home\/wp-content\/uploads\/2020\/01\/Arch2O-Cineteca-Nacional-S.XXI-Rojkind-Arquitectos-03.jpg\"><img loading=\"lazy\" decoding=\"async\" class=\"alignnone  wp-image-59981\" src=\"http:\/\/www.eloriente.net\/home\/wp-content\/uploads\/2020\/01\/Arch2O-Cineteca-Nacional-S.XXI-Rojkind-Arquitectos-03.jpg\" alt=\"\" width=\"550\" height=\"364\" srcset=\"https:\/\/www.eloriente.net\/home\/wp-content\/uploads\/2020\/01\/Arch2O-Cineteca-Nacional-S.XXI-Rojkind-Arquitectos-03.jpg 1800w, https:\/\/www.eloriente.net\/home\/wp-content\/uploads\/2020\/01\/Arch2O-Cineteca-Nacional-S.XXI-Rojkind-Arquitectos-03-300x199.jpg 300w, https:\/\/www.eloriente.net\/home\/wp-content\/uploads\/2020\/01\/Arch2O-Cineteca-Nacional-S.XXI-Rojkind-Arquitectos-03-768x509.jpg 768w, https:\/\/www.eloriente.net\/home\/wp-content\/uploads\/2020\/01\/Arch2O-Cineteca-Nacional-S.XXI-Rojkind-Arquitectos-03-1024x679.jpg 1024w, https:\/\/www.eloriente.net\/home\/wp-content\/uploads\/2020\/01\/Arch2O-Cineteca-Nacional-S.XXI-Rojkind-Arquitectos-03-696x461.jpg 696w, https:\/\/www.eloriente.net\/home\/wp-content\/uploads\/2020\/01\/Arch2O-Cineteca-Nacional-S.XXI-Rojkind-Arquitectos-03-1068x708.jpg 1068w, https:\/\/www.eloriente.net\/home\/wp-content\/uploads\/2020\/01\/Arch2O-Cineteca-Nacional-S.XXI-Rojkind-Arquitectos-03-634x420.jpg 634w, https:\/\/www.eloriente.net\/home\/wp-content\/uploads\/2020\/01\/Arch2O-Cineteca-Nacional-S.XXI-Rojkind-Arquitectos-03-600x398.jpg 600w\" sizes=\"(max-width: 550px) 100vw, 550px\" \/><\/a><\/p>\n\n\t\t\t  <div \n\t\t\t  \tclass = \"fb-comments\" \n\t\t\t  \tdata-href = \"https:\/\/www.eloriente.net\/home\/2020\/01\/17\/46-anos-de-la-cineteca-nacional\/\"\n\t\t\t  \tdata-numposts = \"10\"\n\t\t\t\tdata-colorscheme = \"dark\"\n\t\t\t\tdata-order-by = \"social\"\n\t\t\t\tdata-mobile=true>\n\t\t\t  <\/div>\n\t\t  <style>\n\t\t\t.fb_iframe_widget_fluid_desktop iframe {\n\t\t\t    width: 100% !important;\n\t\t\t}\n\t\t  <\/style>\n\t\t  ","protected":false},"excerpt":{"rendered":"<p>Por\u00a0N22\/Julio L\u00f3pez Durante 46 a\u00f1os la\u00a0Cineteca Nacional\u00a0ha cumplido cabalmente su funci\u00f3n de ser un promotor de la cultura f\u00edlmica nacional e internacional. El 17 de enero de 1974 abri\u00f3 por primera vez sus puertas al p\u00fablico. Originalmente se encontraba en la esquina de Tlalpan y R\u00edo Churubusco, y s\u00f3lo contaba con dos salas, El sal\u00f3n [&hellip;]<\/p>\n","protected":false},"author":57,"featured_media":59985,"comment_status":"open","ping_status":"open","sticky":false,"template":"","format":"standard","meta":{"_jetpack_memberships_contains_paid_content":false,"footnotes":""},"categories":[56,32,10504],"tags":[4076,5668,11008],"class_list":["post-59977","post","type-post","status-publish","format-standard","has-post-thumbnail","hentry","category-cine","category-entradas","category-las-ultimas-12","tag-cine","tag-cineteca-nacional","tag-cultura-filmica"],"jetpack_featured_media_url":"https:\/\/www.eloriente.net\/home\/wp-content\/uploads\/2020\/01\/Filtro.jpg","jetpack_sharing_enabled":true,"_links":{"self":[{"href":"https:\/\/www.eloriente.net\/home\/wp-json\/wp\/v2\/posts\/59977"}],"collection":[{"href":"https:\/\/www.eloriente.net\/home\/wp-json\/wp\/v2\/posts"}],"about":[{"href":"https:\/\/www.eloriente.net\/home\/wp-json\/wp\/v2\/types\/post"}],"author":[{"embeddable":true,"href":"https:\/\/www.eloriente.net\/home\/wp-json\/wp\/v2\/users\/57"}],"replies":[{"embeddable":true,"href":"https:\/\/www.eloriente.net\/home\/wp-json\/wp\/v2\/comments?post=59977"}],"version-history":[{"count":5,"href":"https:\/\/www.eloriente.net\/home\/wp-json\/wp\/v2\/posts\/59977\/revisions"}],"predecessor-version":[{"id":59987,"href":"https:\/\/www.eloriente.net\/home\/wp-json\/wp\/v2\/posts\/59977\/revisions\/59987"}],"wp:featuredmedia":[{"embeddable":true,"href":"https:\/\/www.eloriente.net\/home\/wp-json\/wp\/v2\/media\/59985"}],"wp:attachment":[{"href":"https:\/\/www.eloriente.net\/home\/wp-json\/wp\/v2\/media?parent=59977"}],"wp:term":[{"taxonomy":"category","embeddable":true,"href":"https:\/\/www.eloriente.net\/home\/wp-json\/wp\/v2\/categories?post=59977"},{"taxonomy":"post_tag","embeddable":true,"href":"https:\/\/www.eloriente.net\/home\/wp-json\/wp\/v2\/tags?post=59977"}],"curies":[{"name":"wp","href":"https:\/\/api.w.org\/{rel}","templated":true}]}}