{"id":59989,"date":"2020-01-17T10:29:10","date_gmt":"2020-01-17T16:29:10","guid":{"rendered":"http:\/\/www.eloriente.net\/home\/?p=59989"},"modified":"2020-01-17T11:33:18","modified_gmt":"2020-01-17T17:33:18","slug":"uabjo-rectoria-reitera-su-compromiso-con-estudiantes","status":"publish","type":"post","link":"https:\/\/www.eloriente.net\/home\/2020\/01\/17\/uabjo-rectoria-reitera-su-compromiso-con-estudiantes\/","title":{"rendered":"UABJO: Rector\u00eda reitera su compromiso con estudiantes"},"content":{"rendered":"<p>El rector de la Universidad Aut\u00f3noma \u201cBenito Ju\u00e1rez\u201d de Oaxaca, doctor Eduardo Bautista Mart\u00ednez, reiter\u00f3 la voluntad y el compromiso para realizar con prontitud el pago de la n\u00f3mina de m\u00e1s de 4 mil trabajadores y trabajadoras.<\/p>\n<p>En una entrevista radiof\u00f3nica, dijo que esto ocurrir\u00e1 en el momento inmediato en que los recursos estales y federales lleguen a las cuentas de la instituci\u00f3n. No obstante, manifest\u00f3 que su administraci\u00f3n se encuentra acelerando las gestiones para cumplir con dicha obligaci\u00f3n laboral.<\/p>\n<p>\u201cEntendemos que esto es un derecho leg\u00edtimo de las y los trabajadores, pero tambi\u00e9n es una situaci\u00f3n que rebasa la econom\u00eda de la propia instituci\u00f3n\u201d, se\u00f1al\u00f3.<\/p>\n<p><script async src=\"https:\/\/pagead2.googlesyndication.com\/pagead\/js\/adsbygoogle.js\"><\/script><br \/>\n<ins class=\"adsbygoogle\" style=\"display: block; text-align: center;\" data-ad-layout=\"in-article\" data-ad-format=\"fluid\" data-ad-client=\"ca-pub-1136171134853753\" data-ad-slot=\"5545504441\"><\/ins><br \/>\n<script>\n     (adsbygoogle = window.adsbygoogle || []).push({});\n<\/script><\/p>\n<p>En ese tenor, rechaz\u00f3 que la UABJO se encuentre en bancarrota y mucho menos en quiebra, al asegurar que la causa del retraso en los pagos obedece a procedimientos t\u00e9cnico- administrativos.<\/p>\n<p><a href=\"http:\/\/www.eloriente.net\/home\/wp-content\/uploads\/2020\/01\/UABJO-RECTOR.jpg\"><img loading=\"lazy\" decoding=\"async\" class=\"aligncenter  wp-image-59994\" src=\"http:\/\/www.eloriente.net\/home\/wp-content\/uploads\/2020\/01\/UABJO-RECTOR.jpg\" alt=\"\" width=\"550\" height=\"309\" srcset=\"https:\/\/www.eloriente.net\/home\/wp-content\/uploads\/2020\/01\/UABJO-RECTOR.jpg 3590w, https:\/\/www.eloriente.net\/home\/wp-content\/uploads\/2020\/01\/UABJO-RECTOR-300x169.jpg 300w, https:\/\/www.eloriente.net\/home\/wp-content\/uploads\/2020\/01\/UABJO-RECTOR-768x432.jpg 768w, https:\/\/www.eloriente.net\/home\/wp-content\/uploads\/2020\/01\/UABJO-RECTOR-1024x576.jpg 1024w, https:\/\/www.eloriente.net\/home\/wp-content\/uploads\/2020\/01\/UABJO-RECTOR-696x391.jpg 696w, https:\/\/www.eloriente.net\/home\/wp-content\/uploads\/2020\/01\/UABJO-RECTOR-1068x601.jpg 1068w, https:\/\/www.eloriente.net\/home\/wp-content\/uploads\/2020\/01\/UABJO-RECTOR-747x420.jpg 747w, https:\/\/www.eloriente.net\/home\/wp-content\/uploads\/2020\/01\/UABJO-RECTOR-600x337.jpg 600w\" sizes=\"(max-width: 550px) 100vw, 550px\" \/><\/a><\/p>\n<p>\u201cEn esta ocasi\u00f3n la situaci\u00f3n se complic\u00f3 porque cerramos el presupuesto 2019 al l\u00edmite en nuestras finanzas, y para este 2020 cont\u00e1bamos con los recursos que ya se hab\u00edan anunciado y autorizado en las partidas para la universidad, pero hasta el momento no se ha recibido nada\u201d, agreg\u00f3.<\/p>\n<p>Por lo que hizo un llamado a la comunidad universitaria y representantes de sindicatos para que esta situaci\u00f3n no se transmita con estridencia o con tintes alarmistas, pues eso en nada ayuda al bienestar de nuestra Universidad y, por el contrario, fomenta la histeria colectiva.<\/p>\n<p>Agreg\u00f3, \u201cEsto no se va a resolver con paros de 12, 24 horas o indefinidos, ni con la obstrucci\u00f3n de vialidades, \u00a1no se gana nada con ello porque no es una negativa de la rector\u00eda!; por el contrario, se afecta a la ciudadan\u00eda en general y se entorpecen los procedimientos de soluci\u00f3n\u201d, subray\u00f3.<\/p>\n<p>Reiter\u00f3 que la administraci\u00f3n ha trabajado responsablemente en la aplicaci\u00f3n de los recursos y ha avanzado en la realizaci\u00f3n de los procedimientos favorables en t\u00e9rminos de transparencia y rendici\u00f3n de cuentas.<\/p>\n\n\t\t\t  <div \n\t\t\t  \tclass = \"fb-comments\" \n\t\t\t  \tdata-href = \"https:\/\/www.eloriente.net\/home\/2020\/01\/17\/uabjo-rectoria-reitera-su-compromiso-con-estudiantes\/\"\n\t\t\t  \tdata-numposts = \"10\"\n\t\t\t\tdata-colorscheme = \"dark\"\n\t\t\t\tdata-order-by = \"social\"\n\t\t\t\tdata-mobile=true>\n\t\t\t  <\/div>\n\t\t  <style>\n\t\t\t.fb_iframe_widget_fluid_desktop iframe {\n\t\t\t    width: 100% !important;\n\t\t\t}\n\t\t  <\/style>\n\t\t  ","protected":false},"excerpt":{"rendered":"<p>El rector de la Universidad Aut\u00f3noma \u201cBenito Ju\u00e1rez\u201d de Oaxaca, doctor Eduardo Bautista Mart\u00ednez, reiter\u00f3 la voluntad y el compromiso para realizar con prontitud el pago de la n\u00f3mina de m\u00e1s de 4 mil trabajadores y trabajadoras. En una entrevista radiof\u00f3nica, dijo que esto ocurrir\u00e1 en el momento inmediato en que los recursos estales y [&hellip;]<\/p>\n","protected":false},"author":54,"featured_media":59991,"comment_status":"open","ping_status":"open","sticky":false,"template":"","format":"standard","meta":{"_jetpack_memberships_contains_paid_content":false,"footnotes":""},"categories":[1588,18,32,10504,84],"tags":[11009,182],"class_list":["post-59989","post","type-post","status-publish","format-standard","has-post-thumbnail","hentry","category-comunicados-y-boletines","category-educacion-y-cultura","category-entradas","category-las-ultimas-12","category-universidades","tag-marea-universitari","tag-uabjo"],"jetpack_featured_media_url":"https:\/\/www.eloriente.net\/home\/wp-content\/uploads\/2020\/01\/UABJO-FILTRO.jpg","jetpack_sharing_enabled":true,"_links":{"self":[{"href":"https:\/\/www.eloriente.net\/home\/wp-json\/wp\/v2\/posts\/59989"}],"collection":[{"href":"https:\/\/www.eloriente.net\/home\/wp-json\/wp\/v2\/posts"}],"about":[{"href":"https:\/\/www.eloriente.net\/home\/wp-json\/wp\/v2\/types\/post"}],"author":[{"embeddable":true,"href":"https:\/\/www.eloriente.net\/home\/wp-json\/wp\/v2\/users\/54"}],"replies":[{"embeddable":true,"href":"https:\/\/www.eloriente.net\/home\/wp-json\/wp\/v2\/comments?post=59989"}],"version-history":[{"count":4,"href":"https:\/\/www.eloriente.net\/home\/wp-json\/wp\/v2\/posts\/59989\/revisions"}],"predecessor-version":[{"id":59998,"href":"https:\/\/www.eloriente.net\/home\/wp-json\/wp\/v2\/posts\/59989\/revisions\/59998"}],"wp:featuredmedia":[{"embeddable":true,"href":"https:\/\/www.eloriente.net\/home\/wp-json\/wp\/v2\/media\/59991"}],"wp:attachment":[{"href":"https:\/\/www.eloriente.net\/home\/wp-json\/wp\/v2\/media?parent=59989"}],"wp:term":[{"taxonomy":"category","embeddable":true,"href":"https:\/\/www.eloriente.net\/home\/wp-json\/wp\/v2\/categories?post=59989"},{"taxonomy":"post_tag","embeddable":true,"href":"https:\/\/www.eloriente.net\/home\/wp-json\/wp\/v2\/tags?post=59989"}],"curies":[{"name":"wp","href":"https:\/\/api.w.org\/{rel}","templated":true}]}}