{"id":61084,"date":"2020-04-19T15:46:21","date_gmt":"2020-04-19T21:46:21","guid":{"rendered":"http:\/\/www.eloriente.net\/home\/?p=61084"},"modified":"2020-04-19T15:52:08","modified_gmt":"2020-04-19T21:52:08","slug":"jalisco-uso-de-tapabocas-sera-obligatorio-gobernador-alfaro","status":"publish","type":"post","link":"https:\/\/www.eloriente.net\/home\/2020\/04\/19\/jalisco-uso-de-tapabocas-sera-obligatorio-gobernador-alfaro\/","title":{"rendered":"Jalisco: uso de tapabocas ser\u00e1 obligatorio, gobernador Alfaro"},"content":{"rendered":"<p>En un duro mensaje este domingo, el gobernador del estado de Jalisco, Enrique Alfaro, anunci\u00f3 que este lunes se pondr\u00e1n en marcha nuevas medidas para prevenir contagio de Coronavirus.<\/p>\n<p>Incluye el uso de cubrebocas obligatorio.<\/p>\n<p>Los gobiernos estatal y municipales estar\u00e1n entregrando cubrebocas de manera masiva a partir de las 7 de la ma\u00f1ana de este lunes. \u00abCada quien se tiene que hacer responsable de lo que le toca\u00bb.<\/p>\n<p>Habr\u00e1 sanciones para quien no cumpla con \u00e9sta y las dem\u00e1s disposiciones en Jalisco.<\/p>\n<p>Adem\u00e1s \u00abtendremos particular atenci\u00f3n con quienes vienen del Valle de M\u00e9xico\u00bb, adelantando que se tendr\u00e1 mayor cuidado en los l\u00edmites del estado.<\/p>\n<p>Habr\u00e1 miles de despensas para quienes no tengan acceso a alimentaci\u00f3n.<\/p>\n<p>Anunci\u00f3 un calendario semanal de reportes, entre ellos el de pruebas masivas para detectar casos de COVID, as\u00ed como el plan de seguridad relativo.<\/p>\n<p><script async src=\"https:\/\/pagead2.googlesyndication.com\/pagead\/js\/adsbygoogle.js\"><\/script><br \/>\n<ins class=\"adsbygoogle\" style=\"display: block; text-align: center;\" data-ad-layout=\"in-article\" data-ad-format=\"fluid\" data-ad-client=\"ca-pub-1136171134853753\" data-ad-slot=\"5545504441\"><\/ins><br \/>\n<script>\n     (adsbygoogle = window.adsbygoogle || []).push({});\n<\/script><\/p>\n\n\t\t\t  <div \n\t\t\t  \tclass = \"fb-comments\" \n\t\t\t  \tdata-href = \"https:\/\/www.eloriente.net\/home\/2020\/04\/19\/jalisco-uso-de-tapabocas-sera-obligatorio-gobernador-alfaro\/\"\n\t\t\t  \tdata-numposts = \"10\"\n\t\t\t\tdata-colorscheme = \"dark\"\n\t\t\t\tdata-order-by = \"social\"\n\t\t\t\tdata-mobile=true>\n\t\t\t  <\/div>\n\t\t  <style>\n\t\t\t.fb_iframe_widget_fluid_desktop iframe {\n\t\t\t    width: 100% !important;\n\t\t\t}\n\t\t  <\/style>\n\t\t  ","protected":false},"excerpt":{"rendered":"<p>En un duro mensaje este domingo, el gobernador del estado de Jalisco, Enrique Alfaro, anunci\u00f3 que este lunes se pondr\u00e1n en marcha nuevas medidas para prevenir contagio de Coronavirus. Incluye el uso de cubrebocas obligatorio. Los gobiernos estatal y municipales estar\u00e1n entregrando cubrebocas de manera masiva a partir de las 7 de la ma\u00f1ana de [&hellip;]<\/p>\n","protected":false},"author":1,"featured_media":61087,"comment_status":"open","ping_status":"open","sticky":false,"template":"","format":"video","meta":{"_jetpack_memberships_contains_paid_content":false,"footnotes":""},"categories":[2434,6,32,63,2628,10504,10,20,24,21],"tags":[11117,1242,2485,1605],"class_list":["post-61084","post","type-post","status-publish","format-video","has-post-thumbnail","hentry","category-lunesdepolitica","category-canal-4-especiales","category-entradas","category-estados","category-jalisco-estados","category-las-ultimas-12","category-lo-mas-reciente","category-medio-ambiente","category-mexico-y-el-mundo","category-politica-y-gobierno","tag-enrique-alfaro","tag-gobernadores","tag-guadalajara","tag-jalisco","post_format-post-format-video"],"jetpack_featured_media_url":"https:\/\/www.eloriente.net\/home\/wp-content\/uploads\/2020\/04\/maxresdefault-1.jpg","jetpack_sharing_enabled":true,"_links":{"self":[{"href":"https:\/\/www.eloriente.net\/home\/wp-json\/wp\/v2\/posts\/61084"}],"collection":[{"href":"https:\/\/www.eloriente.net\/home\/wp-json\/wp\/v2\/posts"}],"about":[{"href":"https:\/\/www.eloriente.net\/home\/wp-json\/wp\/v2\/types\/post"}],"author":[{"embeddable":true,"href":"https:\/\/www.eloriente.net\/home\/wp-json\/wp\/v2\/users\/1"}],"replies":[{"embeddable":true,"href":"https:\/\/www.eloriente.net\/home\/wp-json\/wp\/v2\/comments?post=61084"}],"version-history":[{"count":1,"href":"https:\/\/www.eloriente.net\/home\/wp-json\/wp\/v2\/posts\/61084\/revisions"}],"predecessor-version":[{"id":61086,"href":"https:\/\/www.eloriente.net\/home\/wp-json\/wp\/v2\/posts\/61084\/revisions\/61086"}],"wp:featuredmedia":[{"embeddable":true,"href":"https:\/\/www.eloriente.net\/home\/wp-json\/wp\/v2\/media\/61087"}],"wp:attachment":[{"href":"https:\/\/www.eloriente.net\/home\/wp-json\/wp\/v2\/media?parent=61084"}],"wp:term":[{"taxonomy":"category","embeddable":true,"href":"https:\/\/www.eloriente.net\/home\/wp-json\/wp\/v2\/categories?post=61084"},{"taxonomy":"post_tag","embeddable":true,"href":"https:\/\/www.eloriente.net\/home\/wp-json\/wp\/v2\/tags?post=61084"}],"curies":[{"name":"wp","href":"https:\/\/api.w.org\/{rel}","templated":true}]}}