{"id":61468,"date":"2020-05-01T09:17:37","date_gmt":"2020-05-01T15:17:37","guid":{"rendered":"http:\/\/www.eloriente.net\/home\/?p=61468"},"modified":"2020-05-01T09:17:37","modified_gmt":"2020-05-01T15:17:37","slug":"postales-desde-el-encierro","status":"publish","type":"post","link":"https:\/\/www.eloriente.net\/home\/2020\/05\/01\/postales-desde-el-encierro\/","title":{"rendered":"Postales desde el encierro"},"content":{"rendered":"<h4><a href=\"https:\/\/noticias.canal22.org.mx\/\" target=\"_blank\" rel=\"noopener\">N22\/Ana Le\u00f3n<\/a><\/h4>\n<h4>Cuando el espacio y las personas est\u00e1n negadas, cuando el contacto tambi\u00e9n es negado: \u00bfc\u00f3mo se transforma la mirada?<\/h4>\n<p>Greta Rico es fot\u00f3grafa especializada en fotograf\u00eda documental. Desde hace varias semanas su mirada ha cambiado. Pues el escenario se ha reducido a la casa que habitan junto a su pareja Juan Carlos Reyes, tambi\u00e9n fot\u00f3grafo. Ambos empezaron a capturar este espacio diario de confinamiento y esto dio pie a un proyecto que lleva por nombre Postales desde el encierro.<\/p>\n<p>\u00abCreo que ni siquiera lo pensamos\u00bb me cuenta Greta a trav\u00e9s de una videollamada como suceden todos los encuentros, o la mayor\u00eda, en estos d\u00edas. \u00abEn lo personal s\u00ed me est\u00e1 pegando mucho no poder salir a la calle\u00bb, precisa. Y es que el encierro no es f\u00e1cil de sobrellevar. La casa nos atraviesa, nos mira de frente, es como aqu\u00e9l cuento de Cort\u00e1zar, \u201cCasa tomada\u201d, en donde los habitantes no marcan la din\u00e1mica de convivencia sino es la casa la que lo hace. Y en estos d\u00edas de encierro luchamos con la casa \u2013muchos creen que no, pero creo que todos lo hacemos\u2013, con seguir manteniendo el control de nuestro cotidiano; es peque\u00f1a certeza basada en los rituales y que s\u00ed est\u00e1 en nuestras manos.<\/p>\n<figure class=\"aligncenter size-large\"><\/figure>\n<figure id=\"attachment_61469\" aria-describedby=\"caption-attachment-61469\" style=\"width: 547px\" class=\"wp-caption aligncenter\"><a href=\"http:\/\/www.eloriente.net\/home\/wp-content\/uploads\/2020\/05\/Captura-de-pantalla-2020-04-30-a-las-10.16.14.png\"><img loading=\"lazy\" decoding=\"async\" class=\" wp-image-61469\" src=\"http:\/\/www.eloriente.net\/home\/wp-content\/uploads\/2020\/05\/Captura-de-pantalla-2020-04-30-a-las-10.16.14.png\" alt=\"\" width=\"547\" height=\"367\" srcset=\"https:\/\/www.eloriente.net\/home\/wp-content\/uploads\/2020\/05\/Captura-de-pantalla-2020-04-30-a-las-10.16.14.png 551w, https:\/\/www.eloriente.net\/home\/wp-content\/uploads\/2020\/05\/Captura-de-pantalla-2020-04-30-a-las-10.16.14-300x201.png 300w\" sizes=\"(max-width: 547px) 100vw, 547px\" \/><\/a><figcaption id=\"caption-attachment-61469\" class=\"wp-caption-text\">Todas las im\u00e1genes se han tomado de la cuenta de Instagram: Postales desde el encierro<\/figcaption><\/figure>\n<p>\u00abFue algo como un poco org\u00e1nico, despu\u00e9s de estar varios d\u00edas aqu\u00ed en la casa cuando nos dimos cuenta que ya est\u00e1bamos agarrando la c\u00e1mara [\u2026] lo que nos empuj\u00f3, o m\u00e1s bien, a m\u00ed en lo personal, lo que me empuj\u00f3 a subir las fotos a mi instragram y hacerlas p\u00fablicas fue un llamado al que respond\u00ed por parte de una red internacional de mujeres fot\u00f3grafas a las que pertenezco, que se llama Women Photograph.\u00bb<\/p>\n<p><a href=\"http:\/\/www.eloriente.net\/home\/wp-content\/uploads\/2020\/05\/Captura-de-pantalla-2020-04-30-a-las-10.16.29.png\"><img loading=\"lazy\" decoding=\"async\" class=\" wp-image-61472 aligncenter\" src=\"http:\/\/www.eloriente.net\/home\/wp-content\/uploads\/2020\/05\/Captura-de-pantalla-2020-04-30-a-las-10.16.29.png\" alt=\"\" width=\"551\" height=\"375\" srcset=\"https:\/\/www.eloriente.net\/home\/wp-content\/uploads\/2020\/05\/Captura-de-pantalla-2020-04-30-a-las-10.16.29.png 526w, https:\/\/www.eloriente.net\/home\/wp-content\/uploads\/2020\/05\/Captura-de-pantalla-2020-04-30-a-las-10.16.29-300x204.png 300w\" sizes=\"(max-width: 551px) 100vw, 551px\" \/><\/a> <a href=\"http:\/\/www.eloriente.net\/home\/wp-content\/uploads\/2020\/05\/Captura-de-pantalla-2020-04-30-a-las-10.16.51.png\"><img loading=\"lazy\" decoding=\"async\" class=\"size-full wp-image-61471 aligncenter\" src=\"http:\/\/www.eloriente.net\/home\/wp-content\/uploads\/2020\/05\/Captura-de-pantalla-2020-04-30-a-las-10.16.51.png\" alt=\"\" width=\"405\" height=\"540\" srcset=\"https:\/\/www.eloriente.net\/home\/wp-content\/uploads\/2020\/05\/Captura-de-pantalla-2020-04-30-a-las-10.16.51.png 405w, https:\/\/www.eloriente.net\/home\/wp-content\/uploads\/2020\/05\/Captura-de-pantalla-2020-04-30-a-las-10.16.51-225x300.png 225w, https:\/\/www.eloriente.net\/home\/wp-content\/uploads\/2020\/05\/Captura-de-pantalla-2020-04-30-a-las-10.16.51-315x420.png 315w\" sizes=\"(max-width: 405px) 100vw, 405px\" \/><\/a><\/p>\n<p>Cada uno tiene su perspectiva, obvio, la mirada no es la misma, pero el proyecto lo hacen en conjunto. Se miran el uno al otro constantemente y lo que les rodea. Aqu\u00ed, se vive un mismo tiempo pero en dos narraciones distintas.<\/p>\n<p>\u00abNo trabajamos igual quienes hacemos fotograf\u00eda documental y quienes hacen fotoperiodismo. No me atrever\u00eda a decir que ninguno es mejor que otro, simplemente son distintos y creo que tambi\u00e9n, y eso es algo que hemos platicado de manera muy constante con otras colegas y otros colegas, y que tiene que ver con que no importa con que est\u00e9s en el mismo espacio, siempre va a ser interesante c\u00f3mo cada quien se fija en cosas diferentes. S\u00ed creo que atraviesa el g\u00e9nero, que \u00e9l sea hombre y que yo sea mujer, pero tambi\u00e9n la formaci\u00f3n que tenemos cada uno m\u00e1s all\u00e1 de la fotograf\u00eda.\u00bb<\/p>\n<p><a href=\"http:\/\/www.eloriente.net\/home\/wp-content\/uploads\/2020\/05\/Captura-de-pantalla-2020-04-30-a-las-10.17.28.png\"><img loading=\"lazy\" decoding=\"async\" class=\"alignnone size-full wp-image-61473\" src=\"http:\/\/www.eloriente.net\/home\/wp-content\/uploads\/2020\/05\/Captura-de-pantalla-2020-04-30-a-las-10.17.28.png\" alt=\"\" width=\"1085\" height=\"353\" srcset=\"https:\/\/www.eloriente.net\/home\/wp-content\/uploads\/2020\/05\/Captura-de-pantalla-2020-04-30-a-las-10.17.28.png 1085w, https:\/\/www.eloriente.net\/home\/wp-content\/uploads\/2020\/05\/Captura-de-pantalla-2020-04-30-a-las-10.17.28-300x98.png 300w, https:\/\/www.eloriente.net\/home\/wp-content\/uploads\/2020\/05\/Captura-de-pantalla-2020-04-30-a-las-10.17.28-768x250.png 768w, https:\/\/www.eloriente.net\/home\/wp-content\/uploads\/2020\/05\/Captura-de-pantalla-2020-04-30-a-las-10.17.28-1024x333.png 1024w, https:\/\/www.eloriente.net\/home\/wp-content\/uploads\/2020\/05\/Captura-de-pantalla-2020-04-30-a-las-10.17.28-696x226.png 696w, https:\/\/www.eloriente.net\/home\/wp-content\/uploads\/2020\/05\/Captura-de-pantalla-2020-04-30-a-las-10.17.28-1068x347.png 1068w, https:\/\/www.eloriente.net\/home\/wp-content\/uploads\/2020\/05\/Captura-de-pantalla-2020-04-30-a-las-10.17.28-600x195.png 600w\" sizes=\"(max-width: 1085px) 100vw, 1085px\" \/><\/a><br \/>\nGreta cuenta historias con sus fotograf\u00edas, esas historias pertenecen a otros. Pocas veces se mira a s\u00ed misma con la c\u00e1mara y cuando lo hace la mirada es indirecta. Ahora se enfrenta a s\u00ed misma, tambi\u00e9n, a su propia imagen que es captada por su pareja, porque ella s\u00f3lo se ve de manera indirecta, desde una sombra, un reflejo. Eso es parte de este encierro, tambi\u00e9n, el enfrentarnos a nosotros mismos. El acelerado mundo en el que vivimos es el pretexto perfecto para evadirnos, ahora, en esta pausa, el encuentro con nosotros mismos es inevitable, fuerte, pero tambi\u00e9n disfrutable. Pero, qu\u00e9 pasa con la mirada del fot\u00f3grafo cuando el espacio y las personas est\u00e1n negadas, cuando el contacto tambi\u00e9n es negado, \u00bfc\u00f3mo se transforma esa mirada?<\/p>\n<figure id=\"attachment_61475\" aria-describedby=\"caption-attachment-61475\" style=\"width: 1223px\" class=\"wp-caption alignnone\"><a href=\"http:\/\/www.eloriente.net\/home\/wp-content\/uploads\/2020\/05\/Captura-de-pantalla-2020-04-30-a-las-10.24.00.png\"><img loading=\"lazy\" decoding=\"async\" class=\"size-full wp-image-61475\" src=\"http:\/\/www.eloriente.net\/home\/wp-content\/uploads\/2020\/05\/Captura-de-pantalla-2020-04-30-a-las-10.24.00.png\" alt=\"\" width=\"1223\" height=\"535\" srcset=\"https:\/\/www.eloriente.net\/home\/wp-content\/uploads\/2020\/05\/Captura-de-pantalla-2020-04-30-a-las-10.24.00.png 1223w, https:\/\/www.eloriente.net\/home\/wp-content\/uploads\/2020\/05\/Captura-de-pantalla-2020-04-30-a-las-10.24.00-300x131.png 300w, https:\/\/www.eloriente.net\/home\/wp-content\/uploads\/2020\/05\/Captura-de-pantalla-2020-04-30-a-las-10.24.00-768x336.png 768w, https:\/\/www.eloriente.net\/home\/wp-content\/uploads\/2020\/05\/Captura-de-pantalla-2020-04-30-a-las-10.24.00-1024x448.png 1024w, https:\/\/www.eloriente.net\/home\/wp-content\/uploads\/2020\/05\/Captura-de-pantalla-2020-04-30-a-las-10.24.00-696x304.png 696w, https:\/\/www.eloriente.net\/home\/wp-content\/uploads\/2020\/05\/Captura-de-pantalla-2020-04-30-a-las-10.24.00-1068x467.png 1068w, https:\/\/www.eloriente.net\/home\/wp-content\/uploads\/2020\/05\/Captura-de-pantalla-2020-04-30-a-las-10.24.00-960x420.png 960w, https:\/\/www.eloriente.net\/home\/wp-content\/uploads\/2020\/05\/Captura-de-pantalla-2020-04-30-a-las-10.24.00-600x262.png 600w\" sizes=\"(max-width: 1223px) 100vw, 1223px\" \/><\/a><figcaption id=\"caption-attachment-61475\" class=\"wp-caption-text\">Parte del trabajo de Greta Rico: Parteras Urbanas<\/figcaption><\/figure>\n<p>\u00abCreo que, sobre todo, me ha obligado a pensar c\u00f3mo lo que ya damos por sentado puede significar algo importante. De repente me cacho haciendo fotos, m\u00e1s que de gestos, de situaciones que ocurren en el cotidiano en la casa, pero que no les hab\u00eda dado un valor. Un poco eso, creo que revalorizar el cotidiano es lo que m\u00e1s me est\u00e1 dejando este encierro.\u00bb<\/p>\n<p><a href=\"http:\/\/www.eloriente.net\/home\/wp-content\/uploads\/2020\/05\/Captura-de-pantalla-2020-04-30-a-las-10.17.07.png\"><img loading=\"lazy\" decoding=\"async\" class=\"alignnone size-full wp-image-61474\" src=\"http:\/\/www.eloriente.net\/home\/wp-content\/uploads\/2020\/05\/Captura-de-pantalla-2020-04-30-a-las-10.17.07.png\" alt=\"\" width=\"559\" height=\"366\" srcset=\"https:\/\/www.eloriente.net\/home\/wp-content\/uploads\/2020\/05\/Captura-de-pantalla-2020-04-30-a-las-10.17.07.png 559w, https:\/\/www.eloriente.net\/home\/wp-content\/uploads\/2020\/05\/Captura-de-pantalla-2020-04-30-a-las-10.17.07-300x196.png 300w\" sizes=\"(max-width: 559px) 100vw, 559px\" \/><\/a><\/p>\n\n\t\t\t  <div \n\t\t\t  \tclass = \"fb-comments\" \n\t\t\t  \tdata-href = \"https:\/\/www.eloriente.net\/home\/2020\/05\/01\/postales-desde-el-encierro\/\"\n\t\t\t  \tdata-numposts = \"10\"\n\t\t\t\tdata-colorscheme = \"dark\"\n\t\t\t\tdata-order-by = \"social\"\n\t\t\t\tdata-mobile=true>\n\t\t\t  <\/div>\n\t\t  <style>\n\t\t\t.fb_iframe_widget_fluid_desktop iframe {\n\t\t\t    width: 100% !important;\n\t\t\t}\n\t\t  <\/style>\n\t\t  ","protected":false},"excerpt":{"rendered":"<p>N22\/Ana Le\u00f3n Cuando el espacio y las personas est\u00e1n negadas, cuando el contacto tambi\u00e9n es negado: \u00bfc\u00f3mo se transforma la mirada? Greta Rico es fot\u00f3grafa especializada en fotograf\u00eda documental. Desde hace varias semanas su mirada ha cambiado. Pues el escenario se ha reducido a la casa que habitan junto a su pareja Juan Carlos Reyes, [&hellip;]<\/p>\n","protected":false},"author":57,"featured_media":61476,"comment_status":"open","ping_status":"open","sticky":false,"template":"","format":"standard","meta":{"_jetpack_memberships_contains_paid_content":false,"footnotes":""},"categories":[18,32,63,10504,30],"tags":[11164,11118,11252,897],"class_list":["post-61468","post","type-post","status-publish","format-standard","has-post-thumbnail","hentry","category-educacion-y-cultura","category-entradas","category-estados","category-las-ultimas-12","category-salud","tag-covid-19","tag-cuarentena","tag-encierro","tag-postales"],"jetpack_featured_media_url":"https:\/\/www.eloriente.net\/home\/wp-content\/uploads\/2020\/05\/Captura-de-pantalla-2020-04-30-a-las-10.16.29.jpg","jetpack_sharing_enabled":true,"_links":{"self":[{"href":"https:\/\/www.eloriente.net\/home\/wp-json\/wp\/v2\/posts\/61468"}],"collection":[{"href":"https:\/\/www.eloriente.net\/home\/wp-json\/wp\/v2\/posts"}],"about":[{"href":"https:\/\/www.eloriente.net\/home\/wp-json\/wp\/v2\/types\/post"}],"author":[{"embeddable":true,"href":"https:\/\/www.eloriente.net\/home\/wp-json\/wp\/v2\/users\/57"}],"replies":[{"embeddable":true,"href":"https:\/\/www.eloriente.net\/home\/wp-json\/wp\/v2\/comments?post=61468"}],"version-history":[{"count":1,"href":"https:\/\/www.eloriente.net\/home\/wp-json\/wp\/v2\/posts\/61468\/revisions"}],"predecessor-version":[{"id":61477,"href":"https:\/\/www.eloriente.net\/home\/wp-json\/wp\/v2\/posts\/61468\/revisions\/61477"}],"wp:featuredmedia":[{"embeddable":true,"href":"https:\/\/www.eloriente.net\/home\/wp-json\/wp\/v2\/media\/61476"}],"wp:attachment":[{"href":"https:\/\/www.eloriente.net\/home\/wp-json\/wp\/v2\/media?parent=61468"}],"wp:term":[{"taxonomy":"category","embeddable":true,"href":"https:\/\/www.eloriente.net\/home\/wp-json\/wp\/v2\/categories?post=61468"},{"taxonomy":"post_tag","embeddable":true,"href":"https:\/\/www.eloriente.net\/home\/wp-json\/wp\/v2\/tags?post=61468"}],"curies":[{"name":"wp","href":"https:\/\/api.w.org\/{rel}","templated":true}]}}