{"id":61662,"date":"2020-05-07T14:00:09","date_gmt":"2020-05-07T20:00:09","guid":{"rendered":"http:\/\/www.eloriente.net\/home\/?p=61662"},"modified":"2020-05-07T14:08:37","modified_gmt":"2020-05-07T20:08:37","slug":"40-ilustradores-en-cuarentena","status":"publish","type":"post","link":"https:\/\/www.eloriente.net\/home\/2020\/05\/07\/40-ilustradores-en-cuarentena\/","title":{"rendered":"40 ilustradores en cuarentena"},"content":{"rendered":"<h4><span style=\"color: #00ccff;\"><a style=\"color: #00ccff;\" href=\"http:\/\/www.eloriente.net\/home\/2020\/05\/07\/40-ilustradores-en-cuarentena\/\" target=\"_blank\" rel=\"noopener\">Por:<\/a>\u00a0<a style=\"color: #00ccff;\" href=\"https:\/\/noticias.canal22.org.mx\/\" target=\"_blank\" rel=\"noopener\">N22\/Ireli V\u00e1zquez<\/a><\/span><\/h4>\n<h4>En tiempos del coronavirus, una propuesta gr\u00e1fica que re\u00fane el imaginario de veinte ilustradores ya establecidos y veinte emergentes que desde el dise\u00f1o de im\u00e1genes miran la cotidianidad en la pandemia<\/h4>\n<p>S.A.R.A, (Sociedad An\u00f3nima de Reproducci\u00f3n Autogestiva), dedicada al servicio de impresi\u00f3n en Riso, decidi\u00f3 realizar un nuevo proyecto en estos momentos de confinamiento. Se trata de\u00a0<em>It\u00b4s corona time. 40 ilustradores en cuarentena<\/em>, una forma de apoyarse, dentro de la industria, en lo econ\u00f3mico y as\u00ed poder darle oportunidad a gente nueva.<\/p>\n<p><script async src=\"https:\/\/pagead2.googlesyndication.com\/pagead\/js\/adsbygoogle.js\"><\/script><br \/>\n<ins class=\"adsbygoogle\" style=\"display: block; text-align: center;\" data-ad-layout=\"in-article\" data-ad-format=\"fluid\" data-ad-client=\"ca-pub-1136171134853753\" data-ad-slot=\"5545504441\"><\/ins><br \/>\n<script>\n     (adsbygoogle = window.adsbygoogle || []).push({});\n<\/script>Platicamos con Rodrigo Alarc\u00f3n, director de S.A.R.A, para conocer m\u00e1s a detalle sobre este nuevo proyecto.<a href=\"http:\/\/www.eloriente.net\/home\/wp-content\/uploads\/2020\/05\/1IMG_5946.jpg\"><img loading=\"lazy\" decoding=\"async\" class=\"wp-image-61664 aligncenter\" src=\"http:\/\/www.eloriente.net\/home\/wp-content\/uploads\/2020\/05\/1IMG_5946.jpg\" alt=\"\" width=\"550\" height=\"733\" srcset=\"https:\/\/www.eloriente.net\/home\/wp-content\/uploads\/2020\/05\/1IMG_5946.jpg 900w, https:\/\/www.eloriente.net\/home\/wp-content\/uploads\/2020\/05\/1IMG_5946-225x300.jpg 225w, https:\/\/www.eloriente.net\/home\/wp-content\/uploads\/2020\/05\/1IMG_5946-768x1024.jpg 768w, https:\/\/www.eloriente.net\/home\/wp-content\/uploads\/2020\/05\/1IMG_5946-696x928.jpg 696w, https:\/\/www.eloriente.net\/home\/wp-content\/uploads\/2020\/05\/1IMG_5946-315x420.jpg 315w, https:\/\/www.eloriente.net\/home\/wp-content\/uploads\/2020\/05\/1IMG_5946-600x800.jpg 600w\" sizes=\"(max-width: 550px) 100vw, 550px\" \/><\/a><\/p>\n<h6><strong>\u00bfC\u00f3mo nace la idea de crear este libro y por qu\u00e9 deciden hacerlo?<\/strong><\/h6>\n<p>Nace porque nos pusieron en cuarentena a todos. Es una situaci\u00f3n que nadie quer\u00eda y nosotros est\u00e1bamos un poco preocupados en el momento de que se hizo oficial, cuando dijeron \u201cqu\u00e9dense en casa, esto se va a poner m\u00e1s grave\u201d. Nos preocupamos m\u00e1s porque en realidad somos un servicio de impresi\u00f3n y dependemos de que la gente venga a imprimir, de que tengan un proyecto, que van a tener una exposici\u00f3n, que tengan un algo, [\u2026] porque es nuestra manera de ingresar dinero y de vivir.<\/p>\n<p>La idea del libro sali\u00f3 de botepronto fue como: \u201cbueno, si vamos a estar encerrados, vamos a estar algunos m\u00e1s que otros con la posibilidad de tener m\u00e1s tiempo, hay que hacer algo\u201d. Tambi\u00e9n lo vimos de alguna manera un poco terap\u00e9utico. La invitaci\u00f3n era a todo p\u00fablico, o sea, no s\u00f3lo a ilustradores, o a gente creativa, aunque la convocatoria si surge desde S.A.R.A., y S.A.R.A. trae un l\u00ednea de ilustraci\u00f3n; obviamente la gente iba, o la tendencia de las entregas, iban a ser de esa \u00edndole.<\/p>\n<h6><strong>\u00bfC\u00f3mo fue el manejo de la convocatoria?, \u00bfqu\u00e9 caracter\u00edsticas deb\u00edan tener una parte de estos ilustradores, veinte, para que pudieran ser parte de este proyecto?<\/strong><\/h6>\n<p>Se puso a trav\u00e9s de nuestras red social (Instagram), yo tambi\u00e9n lo puse en mi cuenta de Facebook, \u00fanicamente se solicitaba que la gente tuviera ciertos criterios de tama\u00f1o y tres colores dentro de su ilustraci\u00f3n o, en dado caso, el c\u00f3mo modificarlos. Y en efecto, creo que si cay\u00f3 material de diversa \u00edndole, la mayor\u00eda de ilustraci\u00f3n. Tampoco quer\u00edamos que fueran temas sobre el virus, si quer\u00edas darle un matiz tr\u00e1gico, pod\u00edas, pero si quer\u00edas hacer una reflexi\u00f3n positiva, era bienvenida.<\/p>\n<h6><strong><script async src=\"https:\/\/pagead2.googlesyndication.com\/pagead\/js\/adsbygoogle.js\"><\/script><br \/>\n<ins class=\"adsbygoogle\" style=\"display: block; text-align: center;\" data-ad-layout=\"in-article\" data-ad-format=\"fluid\" data-ad-client=\"ca-pub-1136171134853753\" data-ad-slot=\"5545504441\"><\/ins><br \/>\n<script>\n     (adsbygoogle = window.adsbygoogle || []).push({});\n<\/script>Los primeros veinte artistas ya los ten\u00edan \u201cen la mira\u201d y los siguientes veinte son los que salieron a trav\u00e9s de la convocatoria, \u00bfQui\u00e9nes son los que participan en este libro?<\/strong><\/h6>\n<p>La manera en que operamos y le damos difusi\u00f3n a S.A.R.A. y a que la gente se motive a imprimir, es que conocemos a gente de la industria o gente que est\u00e1 en otros pa\u00edses y que tienen su propia industria, y que ya \u00e9ramos conocidos. Tampoco voy a decir que hab\u00eda una amistad, pero era gente con la que quer\u00edamos trabajar, que nos gustaba su chamba y de ah\u00ed sali\u00f3 la propuesta de invitarlos a ser parte de este proyecto. Nosotros siempre estamos curioseando y queriendo conocer a m\u00e1s personas y me pareci\u00f3 s\u00faper chido decir \u201cveinte m\u00e1s que sean del internet\u201d. Porque bien pudimos hacer la selecci\u00f3n de los 40 y decir \u201cya, listo este es nuestro libro, miren lo que hice en cuarentena\u201d. No, el chiste era generar comunidad, apoyo, gente que tambi\u00e9n est\u00e1 en realidad, porque yo estoy encerrado en mi taller, tengo trabajo, tengo mi pareja, tengo mi perro, pero hay gente que tambi\u00e9n est\u00e1 sola, y pensamos que era una manera de ayuda, como lo dije antes de cierta manera tratarlo como algo terap\u00e9utico.<\/p>\n<h6><strong>\u00bfC\u00f3mo fue el proceso de selecci\u00f3n si bien de esa convocatoria se eligen veinte artistas: diez mexicanos, cinco de Latinoam\u00e9rica y cinco del extranjero?<\/strong><\/h6>\n<p>El proceso de selecci\u00f3n seria a trav\u00e9s de una rifa: \u201csi cumples los lineamientos que nosotros establecimos, pues ya est\u00e1s dentro de la posibilidad de salir en el libro\u201d. Tampoco quer\u00edamos tener algo tan estricto, era algo que sali\u00f3 de botepronto y que su esp\u00edritu era \u201cbien y bien hecho\u201d, pero tampoco s\u00faper minucioso, con un jurado, no, quer\u00edamos que fuera divertido, tambi\u00e9n eso le da posibilidad a la banda, a quien sea, quedar dentro de algo, que igual no es grande, pero esta padre formar parte de algo colectivo. El azar era importante.<\/p>\n<h6>De los primeros veinte son gente de la Ciudad de M\u00e9xico, de Monterrey, de Guadalajara, de Canc\u00fan, de toda la rep\u00fablica porque estas personas est\u00e1n haciendo su contribuci\u00f3n en su zona. Y los otros veinte decidimos seleccionar diez mexicanos porque fue incre\u00edble ver el nombre de tal persona y que es de alguna comunidad en Guerrero, de repente hab\u00eda en Veracruz en alg\u00fan pueblo que no conoc\u00eda, gente de Chiapas, gente de Durango, son lugares que generalmente no pensamos en ilustraci\u00f3n. Cinco son gente de Latinoam\u00e9rica que ten\u00eda ganas de trabajar, y que hacen un poco de lo mismo; y cinco internacionales, porque la pandemia es global, y ten\u00eda sentido que fuera un libro que hablara de esa globalizaci\u00f3n.\u00a0\u00a0<a href=\"http:\/\/www.eloriente.net\/home\/wp-content\/uploads\/2020\/05\/SARA_Sociedad_Anonima_Reproduccion_Autogestiva_CUARENTENA_1.png\"><img loading=\"lazy\" decoding=\"async\" class=\"wp-image-61665 aligncenter\" src=\"http:\/\/www.eloriente.net\/home\/wp-content\/uploads\/2020\/05\/SARA_Sociedad_Anonima_Reproduccion_Autogestiva_CUARENTENA_1.png\" alt=\"\" width=\"550\" height=\"733\" srcset=\"https:\/\/www.eloriente.net\/home\/wp-content\/uploads\/2020\/05\/SARA_Sociedad_Anonima_Reproduccion_Autogestiva_CUARENTENA_1.png 900w, https:\/\/www.eloriente.net\/home\/wp-content\/uploads\/2020\/05\/SARA_Sociedad_Anonima_Reproduccion_Autogestiva_CUARENTENA_1-225x300.png 225w, https:\/\/www.eloriente.net\/home\/wp-content\/uploads\/2020\/05\/SARA_Sociedad_Anonima_Reproduccion_Autogestiva_CUARENTENA_1-768x1024.png 768w, https:\/\/www.eloriente.net\/home\/wp-content\/uploads\/2020\/05\/SARA_Sociedad_Anonima_Reproduccion_Autogestiva_CUARENTENA_1-696x928.png 696w, https:\/\/www.eloriente.net\/home\/wp-content\/uploads\/2020\/05\/SARA_Sociedad_Anonima_Reproduccion_Autogestiva_CUARENTENA_1-315x420.png 315w, https:\/\/www.eloriente.net\/home\/wp-content\/uploads\/2020\/05\/SARA_Sociedad_Anonima_Reproduccion_Autogestiva_CUARENTENA_1-600x800.png 600w\" sizes=\"(max-width: 550px) 100vw, 550px\" \/><\/a><strong>Mencionabas que las ilustraciones no fueran \u00fanicamente relacionadas a la pandemia, sino tambi\u00e9n dar un mensaje positivo \u00bfqu\u00e9 tipo de ilustraciones seleccionaron?<\/strong><\/h6>\n<p>S\u00f3lo cuidamos que tuvieran la resoluci\u00f3n correcta, que cumplieran con los colores, y aun as\u00ed, platicamos entre nosotros para que la gente que no ten\u00eda los colores o no tienen la habilidad vemos c\u00f3mo le hacemos para poder imprimir su ilustraci\u00f3n.<\/p>\n<p>Hab\u00eda unas personas que mandaron un texto, como de \u201cesto significa para mi la cuarentena y el estar encerrado\u201d, y gente que tambi\u00e9n se puso pesada con un discurso pol\u00edtico de la cuarentena, lo cual me pareci\u00f3 genial. Creo que la mayor\u00eda de las personas le apostaron a una cuesti\u00f3n de estar en casa, el reforzar ese mensaje. De lo que m\u00e1s vimos fue el origen del Covid, de China, cosas que ten\u00edan que ver\u00a0 con la econom\u00eda, el elemento gr\u00e1fico del virus girando, con caras, ese si fue como un elemento recurrente.<\/p>\n<h6><strong>\u00bfCu\u00e1ntos tirajes de este libro se hicieron?<\/strong><\/h6>\n<p>Ser\u00e1 un tiraje corto, calculo de 400 piezas. Esto tambi\u00e9n lo pienso por el hecho de que, siempre buscamos que al ser un tiraje corto, el producto tiene una escancia, es un producto \u00fanico, y sobre todo artesanal.<\/p>\n<h6><strong>\u00bfPiensan hacer otros proyectos similares?<\/strong><\/h6>\n<p>Estar\u00eda s\u00faper bien que esto se hiciera. Fue un buen ejercicio. S\u00ed es algo que nos gustar\u00eda continuar y sobre todo porque se ha recibido muy bien y se ha empezado a mover bastante bien, entonces s\u00ed es viable. Creo que tambi\u00e9n es importante quitarnos el miedo para hacer, para crear, hay que quitarnos ese pensamiento de ansiedad, de no soy bueno.<\/p>\n<h6><strong>Es un momento dif\u00edcil para las peque\u00f1as empresas y en esto incluyo a la gente que se dedica a la impresi\u00f3n como ustedes \u00bfc\u00f3mo ves la situaci\u00f3n por la que est\u00e1n pasando?<\/strong><\/h6>\n<p>Es complicado, porque dependemos de que la gente haga cosas, que usualmente son eventos, que re\u00fanen gente, y son estos lugares en donde ahorita ya no podemos, entonces bajo much\u00edsimo esa cuesti\u00f3n. S\u00ed hemos tenido trabajo, si han llegado propuestas, si ha llegado gente que sigue imprimiendo cosas que ten\u00edan pendientes y que ahora por fin le pudieron dar esa salida, o gente que si esta mucho con el tema de la cuarentena y del virus, hicieron impresiones en relaci\u00f3n a eso.<\/p>\n<p>El mundo de internet nos permite seguir trabajando, pero se nos complica mucho con el hecho de hacer entregas. O simplemente con el hecho de poder adquirir nuestra materia prima que ahora se ve afectada porque muchos de nuestros proveedores tambi\u00e9n cerraron.<\/p>\n\n\t\t\t  <div \n\t\t\t  \tclass = \"fb-comments\" \n\t\t\t  \tdata-href = \"https:\/\/www.eloriente.net\/home\/2020\/05\/07\/40-ilustradores-en-cuarentena\/\"\n\t\t\t  \tdata-numposts = \"10\"\n\t\t\t\tdata-colorscheme = \"dark\"\n\t\t\t\tdata-order-by = \"social\"\n\t\t\t\tdata-mobile=true>\n\t\t\t  <\/div>\n\t\t  <style>\n\t\t\t.fb_iframe_widget_fluid_desktop iframe {\n\t\t\t    width: 100% !important;\n\t\t\t}\n\t\t  <\/style>\n\t\t  ","protected":false},"excerpt":{"rendered":"<p>Por:\u00a0N22\/Ireli V\u00e1zquez En tiempos del coronavirus, una propuesta gr\u00e1fica que re\u00fane el imaginario de veinte ilustradores ya establecidos y veinte emergentes que desde el dise\u00f1o de im\u00e1genes miran la cotidianidad en la pandemia S.A.R.A, (Sociedad An\u00f3nima de Reproducci\u00f3n Autogestiva), dedicada al servicio de impresi\u00f3n en Riso, decidi\u00f3 realizar un nuevo proyecto en estos momentos de [&hellip;]<\/p>\n","protected":false},"author":57,"featured_media":61667,"comment_status":"open","ping_status":"open","sticky":false,"template":"","format":"standard","meta":{"_jetpack_memberships_contains_paid_content":false,"footnotes":""},"categories":[18,32,10504,24,30],"tags":[11118,11281,11282,11283],"class_list":["post-61662","post","type-post","status-publish","format-standard","has-post-thumbnail","hentry","category-educacion-y-cultura","category-entradas","category-las-ultimas-12","category-mexico-y-el-mundo","category-salud","tag-cuarentena","tag-ilustradores","tag-propuesta-grafica","tag-s-a-r-a"],"jetpack_featured_media_url":"https:\/\/www.eloriente.net\/home\/wp-content\/uploads\/2020\/05\/1-IMG_6592.jpg","jetpack_sharing_enabled":true,"_links":{"self":[{"href":"https:\/\/www.eloriente.net\/home\/wp-json\/wp\/v2\/posts\/61662"}],"collection":[{"href":"https:\/\/www.eloriente.net\/home\/wp-json\/wp\/v2\/posts"}],"about":[{"href":"https:\/\/www.eloriente.net\/home\/wp-json\/wp\/v2\/types\/post"}],"author":[{"embeddable":true,"href":"https:\/\/www.eloriente.net\/home\/wp-json\/wp\/v2\/users\/57"}],"replies":[{"embeddable":true,"href":"https:\/\/www.eloriente.net\/home\/wp-json\/wp\/v2\/comments?post=61662"}],"version-history":[{"count":3,"href":"https:\/\/www.eloriente.net\/home\/wp-json\/wp\/v2\/posts\/61662\/revisions"}],"predecessor-version":[{"id":61701,"href":"https:\/\/www.eloriente.net\/home\/wp-json\/wp\/v2\/posts\/61662\/revisions\/61701"}],"wp:featuredmedia":[{"embeddable":true,"href":"https:\/\/www.eloriente.net\/home\/wp-json\/wp\/v2\/media\/61667"}],"wp:attachment":[{"href":"https:\/\/www.eloriente.net\/home\/wp-json\/wp\/v2\/media?parent=61662"}],"wp:term":[{"taxonomy":"category","embeddable":true,"href":"https:\/\/www.eloriente.net\/home\/wp-json\/wp\/v2\/categories?post=61662"},{"taxonomy":"post_tag","embeddable":true,"href":"https:\/\/www.eloriente.net\/home\/wp-json\/wp\/v2\/tags?post=61662"}],"curies":[{"name":"wp","href":"https:\/\/api.w.org\/{rel}","templated":true}]}}