{"id":63017,"date":"2020-07-17T10:19:11","date_gmt":"2020-07-17T16:19:11","guid":{"rendered":"http:\/\/www.eloriente.net\/home\/?p=63017"},"modified":"2020-07-17T10:19:11","modified_gmt":"2020-07-17T16:19:11","slug":"obra-de-francisco-toledo-semillero-de-curiosidades","status":"publish","type":"post","link":"https:\/\/www.eloriente.net\/home\/2020\/07\/17\/obra-de-francisco-toledo-semillero-de-curiosidades\/","title":{"rendered":"Obra de Francisco Toledo, semillero de curiosidades"},"content":{"rendered":"<h6><span data-contrast=\"auto\"><a href=\"http:\/\/www.eloriente.net\/home\/?p=63017&amp;preview=true\">Por:<\/a>\u00a0<a href=\"https:\/\/www.unam.mx\/\" target=\"_blank\" rel=\"noopener\">UNAM<\/a><\/span><\/h6>\n<h5><span data-contrast=\"auto\">Tuvo un profundo compromiso y sentido de pertenencia con las comunidades de Oaxaca, resalt\u00f3 Renato Gonz\u00e1lez Mello, del Instituto de Investigaciones Est\u00e9ticas de la UNAM<\/span><\/h5>\n<h5><span data-contrast=\"auto\">Se adentr\u00f3 en el universo de los campesinos de M\u00e9xico y logr\u00f3 establecer un di\u00e1logo entre \u00e9stos y la cultura universal<\/span><\/h5>\n<h5><span data-contrast=\"auto\">En 2017, la UNAM firm\u00f3 un convenio de colaboraci\u00f3n con el Centro de las Artes de San Agust\u00edn, para establecer un programa de formaci\u00f3n de docentes en artes y dise\u00f1o, adem\u00e1s de propiciar el intercambio de artistas<\/span><span data-ccp-props=\"{&quot;201341983&quot;:0,&quot;335559739&quot;:160,&quot;335559740&quot;:259}\">\u00a0<\/span><\/h5>\n<p><span data-contrast=\"auto\">Acercarse a la obra de Francisco Toledo mejora la vida. Sus acuarelas, litograf\u00edas, pinturas y esculturas no satisfacen curiosidades simples, sino que generan m\u00e1s curiosidades, se\u00f1al\u00f3 Renato Gonz\u00e1lez Mello, del\u00a0<\/span><a href=\"http:\/\/www.esteticas.unam.mx\/\" target=\"_blank\" rel=\"noopener\"><span data-contrast=\"none\">Instituto de Investigaciones Est\u00e9ticas<\/span><\/a><span data-contrast=\"auto\">\u00a0(IIE) de la\u00a0<\/span><span data-contrast=\"none\">UNAM<\/span><span data-contrast=\"auto\">.<\/span><span data-ccp-props=\"{&quot;201341983&quot;:0,&quot;335559739&quot;:160,&quot;335559740&quot;:259}\">\u00a0<\/span><\/p>\n<p><span data-contrast=\"auto\">En el marco del 80 aniversario del nacimiento del artista oaxaque\u00f1o \u201317 de julio\u2013, el universitario subray\u00f3 que Toledo destac\u00f3 por sus compromisos, sin protagonismos, para rescatar el patrimonio cultural, promover proyectos sociales, educativos, de salud y medio ambiente.<\/span><span data-ccp-props=\"{&quot;201341983&quot;:0,&quot;335559739&quot;:160,&quot;335559740&quot;:259}\">\u00a0<\/span><\/p>\n<p><span data-contrast=\"auto\">\u201cTen\u00eda un fuerte sentido de pertenencia con las comunidades de Oaxaca y lo aplic\u00f3 procurando que fuera en beneficio de ellas mismas. Esa parte es la m\u00e1s conocida, junto con la del artista sumamente popular, porque su obra se adentra en el universo imaginario de las localidades campesinas, evitando folclorismo y el antagonismo con la cultura universal\u201d.<\/span><span data-ccp-props=\"{&quot;201341983&quot;:0,&quot;335559739&quot;:160,&quot;335559740&quot;:259}\">\u00a0<\/span><\/p>\n<p><span data-contrast=\"auto\">El artista juchiteco fund\u00f3 el Instituto de Artes Gr\u00e1ficas de Oaxaca, promovi\u00f3 la fundaci\u00f3n del Museo de Arte Contempor\u00e1neo de Oaxaca (MACO), la biblioteca para ciegos Jorge Luis Borges, la Fototeca Manuel \u00c1lvarez Bravo, y promovi\u00f3 talleres de arte, el rescate de los archivos hist\u00f3ricos de ese estado y la reconstrucci\u00f3n del convento de Santo Domingo.<\/span><span data-ccp-props=\"{&quot;201341983&quot;:0,&quot;335559739&quot;:160,&quot;335559740&quot;:259}\">\u00a0<\/span><\/p>\n<p><span data-contrast=\"auto\">Fue impresor, dibujante, escultor y ceramista. \u201cLey\u00f3\u201d a las culturas parroquiales, las peque\u00f1as expresiones mexicanas, como un componente indispensable y en di\u00e1logo proactivo con la cultura universal.<\/span><span data-ccp-props=\"{&quot;201341983&quot;:0,&quot;335559739&quot;:160,&quot;335559740&quot;:259}\">\u00a0<\/span><\/p>\n<h6><span data-contrast=\"auto\">\u201cEn ese sentido, los mitos del Istmo de Tehuantepec los ve en su propio contexto, pero en di\u00e1logo con una variedad de lecturas. Una persona que quisiera comprender sus grabados y cuadros sobre esos mitos, las iguanas, monos, murci\u00e9lagos y cocodrilos, tendr\u00eda que entender que no los plantea como un proyecto de colonizaci\u00f3n, sino como un di\u00e1logo exitoso\u201d, resalt\u00f3 Gonz\u00e1lez Mello.<\/span><span data-ccp-props=\"{&quot;201341983&quot;:0,&quot;335559739&quot;:160,&quot;335559740&quot;:259}\">\u00a0<\/span><\/h6>\n<p><span data-contrast=\"auto\">Toledo reivindic\u00f3 la pintura y la gr\u00e1fica frente al arte contempor\u00e1neo, que desde los a\u00f1os 70 sigui\u00f3 el camino del arte conceptual. \u201cSu propuesta no cambi\u00f3, no se amold\u00f3 a esa situaci\u00f3n de hegemon\u00eda, sino que reivindic\u00f3 la posibilidad de un arte narrativo\u201d.<\/span><span data-ccp-props=\"{&quot;201341983&quot;:0,&quot;335559739&quot;:160,&quot;335559740&quot;:259}\">\u00a0<\/span><\/p>\n<p><span data-contrast=\"auto\">Su obra estuvo en las colecciones y exposiciones m\u00e1s relevantes en Par\u00eds, Nueva York, Oslo y Londres, entre otros lugares, y tuvo la atenci\u00f3n de intelectuales de todo el mundo. \u201cPara \u00e9l no hab\u00eda una contradicci\u00f3n entre un ejercicio est\u00e9tico exigente y sofisticado, entre el ejercicio cultural de alta calidad con una vida social en las comunidades\u201d, apunt\u00f3 el doctor en Historia del Arte.<\/span><span data-ccp-props=\"{&quot;201341983&quot;:0,&quot;335559739&quot;:160,&quot;335559740&quot;:259}\">\u00a0<\/span><\/p>\n<p><span data-contrast=\"auto\">Fue uno de los artistas y personas que m\u00e1s aportaron a la cultura en M\u00e9xico. Incursion\u00f3 en la actividad editorial y public\u00f3 temas y asuntos que le interesaba dar a conocer, de autores, escritos en lengua zapoteca, poes\u00eda contempor\u00e1nea, documentos gr\u00e1ficos del siglo XVII. \u201cGracias a Ediciones Toledo tenemos una manera de entender su universo intelectual\u201d.<\/span><span data-ccp-props=\"{&quot;201341983&quot;:0,&quot;335559739&quot;:160,&quot;335559740&quot;:259}\">\u00a0<\/span><\/p>\n<p><span data-contrast=\"auto\">En 2017, la\u00a0<\/span><a href=\"https:\/\/www.unam.mx\/\" target=\"_blank\" rel=\"noopener\"><span data-contrast=\"none\">Universidad Nacional<\/span><\/a><span data-contrast=\"auto\">, a trav\u00e9s de la\u00a0<\/span><a href=\"http:\/\/www.fad.unam.mx\/\" target=\"_blank\" rel=\"noopener\"><span data-contrast=\"none\">Facultad de Artes y Dise\u00f1o (FAD)<\/span><\/a><span data-contrast=\"auto\">, firm\u00f3 un convenio de colaboraci\u00f3n con el Centro de las Artes de San Agust\u00edn (<\/span><span data-contrast=\"auto\">CaSa<\/span><span data-contrast=\"auto\">), en Oaxaca, de la que Toledo fue fundador, para establecer un programa de formaci\u00f3n de docentes en artes y dise\u00f1o, adem\u00e1s de propiciar el intercambio de artistas a partir de estrategias de movilidad acad\u00e9mica y estudiantil.<\/span><span data-ccp-props=\"{&quot;201341983&quot;:0,&quot;335559739&quot;:160,&quot;335559740&quot;:259}\">\u00a0<\/span><\/p>\n<p><span data-ccp-props=\"{&quot;201341983&quot;:0,&quot;335559739&quot;:160,&quot;335559740&quot;:259}\">\u00a0<\/span><\/p>\n<div id=\"gtx-trans\">\n<div class=\"gtx-trans-icon\"><\/div>\n<\/div>\n\n\t\t\t  <div \n\t\t\t  \tclass = \"fb-comments\" \n\t\t\t  \tdata-href = \"https:\/\/www.eloriente.net\/home\/2020\/07\/17\/obra-de-francisco-toledo-semillero-de-curiosidades\/\"\n\t\t\t  \tdata-numposts = \"10\"\n\t\t\t\tdata-colorscheme = \"dark\"\n\t\t\t\tdata-order-by = \"social\"\n\t\t\t\tdata-mobile=true>\n\t\t\t  <\/div>\n\t\t  <style>\n\t\t\t.fb_iframe_widget_fluid_desktop iframe {\n\t\t\t    width: 100% !important;\n\t\t\t}\n\t\t  <\/style>\n\t\t  ","protected":false},"excerpt":{"rendered":"<p>Por:\u00a0UNAM Tuvo un profundo compromiso y sentido de pertenencia con las comunidades de Oaxaca, resalt\u00f3 Renato Gonz\u00e1lez Mello, del Instituto de Investigaciones Est\u00e9ticas de la UNAM Se adentr\u00f3 en el universo de los campesinos de M\u00e9xico y logr\u00f3 establecer un di\u00e1logo entre \u00e9stos y la cultura universal En 2017, la UNAM firm\u00f3 un convenio de [&hellip;]<\/p>\n","protected":false},"author":57,"featured_media":63019,"comment_status":"open","ping_status":"open","sticky":false,"template":"","format":"standard","meta":{"_jetpack_memberships_contains_paid_content":false,"footnotes":""},"categories":[18,32,13,10504,10,24,464],"tags":[11509,239,241,2657,683],"class_list":["post-63017","post","type-post","status-publish","format-standard","has-post-thumbnail","hentry","category-educacion-y-cultura","category-entradas","category-especiales","category-las-ultimas-12","category-lo-mas-reciente","category-mexico-y-el-mundo","category-oaxaca-estados","tag-80-aniversario","tag-arte","tag-cultura","tag-francisco-toledo","tag-unam"],"jetpack_featured_media_url":"https:\/\/www.eloriente.net\/home\/wp-content\/uploads\/2020\/07\/Toledo.jpg","jetpack_sharing_enabled":true,"_links":{"self":[{"href":"https:\/\/www.eloriente.net\/home\/wp-json\/wp\/v2\/posts\/63017"}],"collection":[{"href":"https:\/\/www.eloriente.net\/home\/wp-json\/wp\/v2\/posts"}],"about":[{"href":"https:\/\/www.eloriente.net\/home\/wp-json\/wp\/v2\/types\/post"}],"author":[{"embeddable":true,"href":"https:\/\/www.eloriente.net\/home\/wp-json\/wp\/v2\/users\/57"}],"replies":[{"embeddable":true,"href":"https:\/\/www.eloriente.net\/home\/wp-json\/wp\/v2\/comments?post=63017"}],"version-history":[{"count":2,"href":"https:\/\/www.eloriente.net\/home\/wp-json\/wp\/v2\/posts\/63017\/revisions"}],"predecessor-version":[{"id":63022,"href":"https:\/\/www.eloriente.net\/home\/wp-json\/wp\/v2\/posts\/63017\/revisions\/63022"}],"wp:featuredmedia":[{"embeddable":true,"href":"https:\/\/www.eloriente.net\/home\/wp-json\/wp\/v2\/media\/63019"}],"wp:attachment":[{"href":"https:\/\/www.eloriente.net\/home\/wp-json\/wp\/v2\/media?parent=63017"}],"wp:term":[{"taxonomy":"category","embeddable":true,"href":"https:\/\/www.eloriente.net\/home\/wp-json\/wp\/v2\/categories?post=63017"},{"taxonomy":"post_tag","embeddable":true,"href":"https:\/\/www.eloriente.net\/home\/wp-json\/wp\/v2\/tags?post=63017"}],"curies":[{"name":"wp","href":"https:\/\/api.w.org\/{rel}","templated":true}]}}