{"id":63171,"date":"2020-08-01T13:07:31","date_gmt":"2020-08-01T19:07:31","guid":{"rendered":"http:\/\/www.eloriente.net\/home\/?p=63171"},"modified":"2020-08-01T13:07:31","modified_gmt":"2020-08-01T19:07:31","slug":"covidiots-llaman-a-alemanes-que-protestan-por-restricciones-ante-covid-19","status":"publish","type":"post","link":"https:\/\/www.eloriente.net\/home\/2020\/08\/01\/covidiots-llaman-a-alemanes-que-protestan-por-restricciones-ante-covid-19\/","title":{"rendered":"#Covidiots llaman a alemanes que protestan por restricciones ante COVID 19"},"content":{"rendered":"<p>Este s\u00e1bado, centenares de personas marcharon por las calles de Berl\u00edn, para poner en los titulares del mundo una frase: \u00abel fin de la pandemia\u00bb, lo que pretendieron enfatizar a cada paso y en cada proclama, contrarios a los llamados del gobierno que ha puesto preocupaci\u00f3n a un rebrote de infecciones por COVID 19.<\/p>\n<p>De hecho, otras proclamas durante la manifestaci\u00f3n fueron en el sentido de que el Coronavirus es falsa alarma, y que es inadecuado forzar a las personas a utilizar un cubrebocas, sino por el contrario deber\u00eda preferirse fortalecer las defensas del sistema inmunol\u00f3gico a las vacunas.<\/p>\n<p>Los manifestantes caminaron desde la Puerta de Brandenburgo hacia el centro de la ciudad sin m\u00e1scaras o cubrebocas.<\/p>\n<p><script async src=\"https:\/\/pagead2.googlesyndication.com\/pagead\/js\/adsbygoogle.js\"><\/script><br \/>\n<ins class=\"adsbygoogle\" style=\"display: block; text-align: center;\" data-ad-layout=\"in-article\" data-ad-format=\"fluid\" data-ad-client=\"ca-pub-1136171134853753\" data-ad-slot=\"5545504441\"><\/ins><br \/>\n<script>\n     (adsbygoogle = window.adsbygoogle || []).push({});\n<\/script><\/p>\n<h3>No nos robar\u00e1n nuestra libertad<\/h3>\n<p>En torno a la defensa de la libertad, fueron las actitudes y las principales demandas de los marchistas, que se enfrentaron en algunos casos con un discreto despliegue de fuerzas del orden que les invitaban a guardar precauciones y distancia.<\/p>\n<p>Las cifras oficiales que cuantificaron a los manifestantes tornaron entre los 17 mil. No faltaron entre los mismos, quienes refirieron a\u00fan teor\u00edas de conspiraci\u00f3n y se\u00f1alaron al populismo de derecha como opresor.<\/p>\n<p>Desde el mes de abril, el gobierno alem\u00e1n dict\u00f3 diversas medidas restrictivas, principalmente de distanciamiento social, uso de m\u00e1scaras y cancelaci\u00f3n de movilidad en v\u00edas p\u00fablicas y tiendas.<\/p>\n<p>Recientemente, volvieron a declarar preocupaci\u00f3n principalmente por un aumento de casos, as\u00ed como por las infecciones relacionadas con la llegada del periodo de verano en el pa\u00eds, incluso se introdujeron pruebas gratis para todo el pa\u00eds.<\/p>\n<p>Ciertos actores p\u00fablicos se inconformaron tambi\u00e9n en contra de los manifestantes. les llamaron #Covidiots, como la l\u00edder del movimiento social dem\u00f3crata, Saskia Esken, se\u00f1alando que son irresponsables por poner en riesgo la salud y la posibilidad de revivir la econom\u00eda en Alemania debido a marchar sin precauciones.<\/p>\n\n\t\t\t  <div \n\t\t\t  \tclass = \"fb-comments\" \n\t\t\t  \tdata-href = \"https:\/\/www.eloriente.net\/home\/2020\/08\/01\/covidiots-llaman-a-alemanes-que-protestan-por-restricciones-ante-covid-19\/\"\n\t\t\t  \tdata-numposts = \"10\"\n\t\t\t\tdata-colorscheme = \"dark\"\n\t\t\t\tdata-order-by = \"social\"\n\t\t\t\tdata-mobile=true>\n\t\t\t  <\/div>\n\t\t  <style>\n\t\t\t.fb_iframe_widget_fluid_desktop iframe {\n\t\t\t    width: 100% !important;\n\t\t\t}\n\t\t  <\/style>\n\t\t  ","protected":false},"excerpt":{"rendered":"<p>Este s\u00e1bado, centenares de personas marcharon por las calles de Berl\u00edn, para poner en los titulares del mundo una frase: \u00abel fin de la pandemia\u00bb, lo que pretendieron enfatizar a cada paso y en cada proclama, contrarios a los llamados del gobierno que ha puesto preocupaci\u00f3n a un rebrote de infecciones por COVID 19. De [&hellip;]<\/p>\n","protected":false},"author":1,"featured_media":63174,"comment_status":"open","ping_status":"open","sticky":false,"template":"","format":"video","meta":{"_jetpack_memberships_contains_paid_content":false,"footnotes":""},"categories":[49,32,10504,10,24,21],"tags":[11566,1953,11567,11568],"class_list":["post-63171","post","type-post","status-publish","format-video","has-post-thumbnail","hentry","category-destacadas","category-entradas","category-las-ultimas-12","category-lo-mas-reciente","category-mexico-y-el-mundo","category-politica-y-gobierno","tag-covidits","tag-alemania","tag-covid-alemania","tag-mundo-coronavirus","post_format-post-format-video"],"jetpack_featured_media_url":"https:\/\/www.eloriente.net\/home\/wp-content\/uploads\/2020\/08\/maxresdefault.jpg","jetpack_sharing_enabled":true,"_links":{"self":[{"href":"https:\/\/www.eloriente.net\/home\/wp-json\/wp\/v2\/posts\/63171"}],"collection":[{"href":"https:\/\/www.eloriente.net\/home\/wp-json\/wp\/v2\/posts"}],"about":[{"href":"https:\/\/www.eloriente.net\/home\/wp-json\/wp\/v2\/types\/post"}],"author":[{"embeddable":true,"href":"https:\/\/www.eloriente.net\/home\/wp-json\/wp\/v2\/users\/1"}],"replies":[{"embeddable":true,"href":"https:\/\/www.eloriente.net\/home\/wp-json\/wp\/v2\/comments?post=63171"}],"version-history":[{"count":1,"href":"https:\/\/www.eloriente.net\/home\/wp-json\/wp\/v2\/posts\/63171\/revisions"}],"predecessor-version":[{"id":63173,"href":"https:\/\/www.eloriente.net\/home\/wp-json\/wp\/v2\/posts\/63171\/revisions\/63173"}],"wp:featuredmedia":[{"embeddable":true,"href":"https:\/\/www.eloriente.net\/home\/wp-json\/wp\/v2\/media\/63174"}],"wp:attachment":[{"href":"https:\/\/www.eloriente.net\/home\/wp-json\/wp\/v2\/media?parent=63171"}],"wp:term":[{"taxonomy":"category","embeddable":true,"href":"https:\/\/www.eloriente.net\/home\/wp-json\/wp\/v2\/categories?post=63171"},{"taxonomy":"post_tag","embeddable":true,"href":"https:\/\/www.eloriente.net\/home\/wp-json\/wp\/v2\/tags?post=63171"}],"curies":[{"name":"wp","href":"https:\/\/api.w.org\/{rel}","templated":true}]}}