{"id":63539,"date":"2020-10-29T19:23:33","date_gmt":"2020-10-30T01:23:33","guid":{"rendered":"http:\/\/www.eloriente.net\/home\/?p=63539"},"modified":"2020-10-29T19:23:33","modified_gmt":"2020-10-30T01:23:33","slug":"xandu-o-dia-de-muertos-en-juchitan-imagenes","status":"publish","type":"post","link":"https:\/\/www.eloriente.net\/home\/2020\/10\/29\/xandu-o-dia-de-muertos-en-juchitan-imagenes\/","title":{"rendered":"Xand\u00fa o D\u00eda de Muertos en Juchit\u00e1n, im\u00e1genes"},"content":{"rendered":"<p>Con el objetivo de que las infancias y juventudes conozcan m\u00e1s sobre la tradici\u00f3n del\u00a0<em>Xand\u00fa<\/em>\u00a0o D\u00eda de Muertos en Juchit\u00e1n, Oaxaca, y se resguarde la identidad de esa comunidad, el Semillero creativo de fotograf\u00eda realiza un registro fotogr\u00e1fico de todos los elementos que se necesitan para desarrollar los\u00a0<em>biguie\u2019<\/em>\u00a0o altares tradicionales zapotecas.<\/p>\n<p>Ni\u00f1as, ni\u00f1os y j\u00f3venes investigar\u00e1n y observar\u00e1n a detalle el significado de cada elemento que se incluye en los altares de dicha celebraci\u00f3n: c\u00f3mo se trenzan las hojas de pl\u00e1tano, el acomodo de las veladoras y frutas y la combinaci\u00f3n de colores de las flores en los diferentes niveles del altar. Posteriormente, poniendo en pr\u00e1ctica lo aprendido en el Semillero creativo, realizar\u00e1n un registro fotogr\u00e1fico de los altares, especialmente de los elementos m\u00e1s representativos de Juchit\u00e1n.<\/p>\n<p>Con este registro, el Semillero creativo, que forma parte del programa Cultura Comunitaria de la Secretar\u00eda de Cultura del Gobierno de M\u00e9xico, busca que las infancias y juventudes conozcan m\u00e1s sobre el\u00a0<em>Xand\u00fa,\u00a0<\/em>el cual se realiza en un entorno familiar y comunitario desde tiempos remotos, con el fin de preservar la identidad comunitaria a partir esta tradici\u00f3n.<\/p>\n<p>Estas acciones abonan a la estrategia de la Secretar\u00eda de Cultura del Gobierno de M\u00e9xico, por la conservaci\u00f3n, preservaci\u00f3n y restauraci\u00f3n del patrimonio cultural.<\/p>\n<p>\u201cLa cultura no es un accesorio, es un eje fundamental para el desarrollo del pa\u00eds. Los pueblos ind\u00edgenas son los que mayor riqueza cultural y ling\u00fc\u00edstica presentan, por ello se deben preservar sus conocimientos ancestrales para construir un entorno inclusivo y de respeto\u201d, coment\u00f3 la secretaria de Cultura del Gobierno de M\u00e9xico, Alejandra Frausto Guerrero.<\/p>\n<p><a href=\"http:\/\/www.eloriente.net\/home\/wp-content\/uploads\/2020\/10\/Semillero-Creativo-Xandu\u0301-III-octubre-2020-@VinculaCultura-1.jpeg\"><img loading=\"lazy\" decoding=\"async\" class=\"aligncenter size-full wp-image-63544\" src=\"http:\/\/www.eloriente.net\/home\/wp-content\/uploads\/2020\/10\/Semillero-Creativo-Xandu\u0301-III-octubre-2020-@VinculaCultura-1.jpeg\" alt=\"\" width=\"1200\" height=\"673\" srcset=\"https:\/\/www.eloriente.net\/home\/wp-content\/uploads\/2020\/10\/Semillero-Creativo-Xandu\u0301-III-octubre-2020-@VinculaCultura-1.jpeg 1200w, https:\/\/www.eloriente.net\/home\/wp-content\/uploads\/2020\/10\/Semillero-Creativo-Xandu\u0301-III-octubre-2020-@VinculaCultura-1-300x168.jpeg 300w, https:\/\/www.eloriente.net\/home\/wp-content\/uploads\/2020\/10\/Semillero-Creativo-Xandu\u0301-III-octubre-2020-@VinculaCultura-1-768x431.jpeg 768w, https:\/\/www.eloriente.net\/home\/wp-content\/uploads\/2020\/10\/Semillero-Creativo-Xandu\u0301-III-octubre-2020-@VinculaCultura-1-1024x574.jpeg 1024w, https:\/\/www.eloriente.net\/home\/wp-content\/uploads\/2020\/10\/Semillero-Creativo-Xandu\u0301-III-octubre-2020-@VinculaCultura-1-696x390.jpeg 696w, https:\/\/www.eloriente.net\/home\/wp-content\/uploads\/2020\/10\/Semillero-Creativo-Xandu\u0301-III-octubre-2020-@VinculaCultura-1-1068x599.jpeg 1068w, https:\/\/www.eloriente.net\/home\/wp-content\/uploads\/2020\/10\/Semillero-Creativo-Xandu\u0301-III-octubre-2020-@VinculaCultura-1-749x420.jpeg 749w, https:\/\/www.eloriente.net\/home\/wp-content\/uploads\/2020\/10\/Semillero-Creativo-Xandu\u0301-III-octubre-2020-@VinculaCultura-1-600x337.jpeg 600w\" sizes=\"(max-width: 1200px) 100vw, 1200px\" \/><\/a><\/p>\n<h3><script async src=\"https:\/\/pagead2.googlesyndication.com\/pagead\/js\/adsbygoogle.js\"><\/script><br \/>\n<ins class=\"adsbygoogle\" style=\"display: block; text-align: center;\" data-ad-layout=\"in-article\" data-ad-format=\"fluid\" data-ad-client=\"ca-pub-1136171134853753\" data-ad-slot=\"5545504441\"><\/ins><br \/>\n<script>\n     (adsbygoogle = window.adsbygoogle || []).push({});\n<\/script>Respeto a la diversidad en cada pueblo<\/h3>\n<p>Respecto al proyecto fotogr\u00e1fico de ni\u00f1as, ni\u00f1os y j\u00f3venes, el docente del Semillero creativo, Francisco Javier Reyna Lucero, comenta que \u201ces importante tener conocimiento de nuestras costumbres y tradiciones heredadas porque, gracias a esto, podemos preservar nuestra ra\u00edz zapoteca, nuestra cultura, identidad y cosmogon\u00eda como pueblo ind\u00edgena. Honrar a los muertos es algo que se ha realizado desde tiempos prehisp\u00e1nicos en todo M\u00e9xico, pero en cada pueblo estos rituales son diferentes\u201d.<\/p>\n<p>Y comenta que, as\u00ed como en la actualidad se tiene un calendario, los antepasados tomaban como base al sol, para contar los d\u00edas y los ciclos de siembra y, a la luna, para programar ceremonias y ritos: \u201cEllos tambi\u00e9n contaban con un calendario lunar, que era usado para fines ceremoniales religiosos, este calendario finalizaba en los \u00faltimos d\u00edas de octubre, cuando comenzaba la recolecci\u00f3n de la cosecha y con la cual se realizaba el primer gran banquete, el cual se compart\u00eda hasta con los muertos\u201d.<\/p>\n<p>A pesar de que este a\u00f1o los\u00a0<em>biguie\u2019<\/em>\u00a0ser\u00e1n distintos porque el mercado de esta comunidad est\u00e1 cerrado como medida preventiva ante la COVID-19, se colocar\u00e1n elementos simb\u00f3licos para compartir con sus antepasados, con lo cual, las infancias y juventudes ser\u00e1n testigos de una nueva manera de llevar a cabo esta celebraci\u00f3n.<\/p>\n<p>Una vez que las y los participantes en el Semillero creativo realicen el registro fotogr\u00e1fico, algunas im\u00e1genes se dar\u00e1n a conocer, a trav\u00e9s de las redes sociales de la Direcci\u00f3n General de Vinculaci\u00f3n Cultural \u2013Facebook y Twitter @VinculaCultura\u2013 y otras formar\u00e1n parte de exposiciones en la \u201cTemporada de cosecha\u201d, acci\u00f3n que se desarrolla dentro de estos espacios de encuentro para que la comunidad vea lo que han realizado y aprendido las y los integrantes.<\/p>\n<p><a href=\"http:\/\/www.eloriente.net\/home\/wp-content\/uploads\/2020\/10\/Semillero-Creativo-Xandu\u0301-II-octubre-2020-@VinculaCultura.jpeg\"><img loading=\"lazy\" decoding=\"async\" class=\"aligncenter size-full wp-image-63540\" src=\"http:\/\/www.eloriente.net\/home\/wp-content\/uploads\/2020\/10\/Semillero-Creativo-Xandu\u0301-II-octubre-2020-@VinculaCultura.jpeg\" alt=\"\" width=\"680\" height=\"443\" srcset=\"https:\/\/www.eloriente.net\/home\/wp-content\/uploads\/2020\/10\/Semillero-Creativo-Xandu\u0301-II-octubre-2020-@VinculaCultura.jpeg 680w, https:\/\/www.eloriente.net\/home\/wp-content\/uploads\/2020\/10\/Semillero-Creativo-Xandu\u0301-II-octubre-2020-@VinculaCultura-300x195.jpeg 300w, https:\/\/www.eloriente.net\/home\/wp-content\/uploads\/2020\/10\/Semillero-Creativo-Xandu\u0301-II-octubre-2020-@VinculaCultura-645x420.jpeg 645w, https:\/\/www.eloriente.net\/home\/wp-content\/uploads\/2020\/10\/Semillero-Creativo-Xandu\u0301-II-octubre-2020-@VinculaCultura-600x391.jpeg 600w\" sizes=\"(max-width: 680px) 100vw, 680px\" \/><\/a><\/p>\n<p>&nbsp;<\/p>\n\n\t\t\t  <div \n\t\t\t  \tclass = \"fb-comments\" \n\t\t\t  \tdata-href = \"https:\/\/www.eloriente.net\/home\/2020\/10\/29\/xandu-o-dia-de-muertos-en-juchitan-imagenes\/\"\n\t\t\t  \tdata-numposts = \"10\"\n\t\t\t\tdata-colorscheme = \"dark\"\n\t\t\t\tdata-order-by = \"social\"\n\t\t\t\tdata-mobile=true>\n\t\t\t  <\/div>\n\t\t  <style>\n\t\t\t.fb_iframe_widget_fluid_desktop iframe {\n\t\t\t    width: 100% !important;\n\t\t\t}\n\t\t  <\/style>\n\t\t  ","protected":false},"excerpt":{"rendered":"<p>Con el objetivo de que las infancias y juventudes conozcan m\u00e1s sobre la tradici\u00f3n del\u00a0Xand\u00fa\u00a0o D\u00eda de Muertos en Juchit\u00e1n, Oaxaca, y se resguarde la identidad de esa comunidad, el Semillero creativo de fotograf\u00eda realiza un registro fotogr\u00e1fico de todos los elementos que se necesitan para desarrollar los\u00a0biguie\u2019\u00a0o altares tradicionales zapotecas. Ni\u00f1as, ni\u00f1os y j\u00f3venes [&hellip;]<\/p>\n","protected":false},"author":1,"featured_media":63542,"comment_status":"open","ping_status":"open","sticky":false,"template":"","format":"standard","meta":{"_jetpack_memberships_contains_paid_content":false,"footnotes":""},"categories":[22,49,18,32,63,55,10504,10,464],"tags":[11802,11800,11801,4546,1456,11799],"class_list":["post-63539","post","type-post","status-publish","format-standard","has-post-thumbnail","hentry","category-derechos-humanos","category-destacadas","category-educacion-y-cultura","category-entradas","category-estados","category-gastronomia","category-las-ultimas-12","category-lo-mas-reciente","category-oaxaca-estados","tag-altares-de-muerto","tag-dia-de-muertos-en-juchitan","tag-flores-de-difunto","tag-muertos","tag-tradicion","tag-xandu"],"jetpack_featured_media_url":"https:\/\/www.eloriente.net\/home\/wp-content\/uploads\/2020\/10\/Semillero-Creativo-Xandu\u0301-octubre-2020-@VinculaCultura.jpeg","jetpack_sharing_enabled":true,"_links":{"self":[{"href":"https:\/\/www.eloriente.net\/home\/wp-json\/wp\/v2\/posts\/63539"}],"collection":[{"href":"https:\/\/www.eloriente.net\/home\/wp-json\/wp\/v2\/posts"}],"about":[{"href":"https:\/\/www.eloriente.net\/home\/wp-json\/wp\/v2\/types\/post"}],"author":[{"embeddable":true,"href":"https:\/\/www.eloriente.net\/home\/wp-json\/wp\/v2\/users\/1"}],"replies":[{"embeddable":true,"href":"https:\/\/www.eloriente.net\/home\/wp-json\/wp\/v2\/comments?post=63539"}],"version-history":[{"count":1,"href":"https:\/\/www.eloriente.net\/home\/wp-json\/wp\/v2\/posts\/63539\/revisions"}],"predecessor-version":[{"id":63545,"href":"https:\/\/www.eloriente.net\/home\/wp-json\/wp\/v2\/posts\/63539\/revisions\/63545"}],"wp:featuredmedia":[{"embeddable":true,"href":"https:\/\/www.eloriente.net\/home\/wp-json\/wp\/v2\/media\/63542"}],"wp:attachment":[{"href":"https:\/\/www.eloriente.net\/home\/wp-json\/wp\/v2\/media?parent=63539"}],"wp:term":[{"taxonomy":"category","embeddable":true,"href":"https:\/\/www.eloriente.net\/home\/wp-json\/wp\/v2\/categories?post=63539"},{"taxonomy":"post_tag","embeddable":true,"href":"https:\/\/www.eloriente.net\/home\/wp-json\/wp\/v2\/tags?post=63539"}],"curies":[{"name":"wp","href":"https:\/\/api.w.org\/{rel}","templated":true}]}}