{"id":63763,"date":"2020-12-14T10:43:13","date_gmt":"2020-12-14T16:43:13","guid":{"rendered":"http:\/\/www.eloriente.net\/home\/?p=63763"},"modified":"2020-12-14T10:43:13","modified_gmt":"2020-12-14T16:43:13","slug":"radio-universidad-de-oaxaca-con-escucha-atenta","status":"publish","type":"post","link":"https:\/\/www.eloriente.net\/home\/2020\/12\/14\/radio-universidad-de-oaxaca-con-escucha-atenta\/","title":{"rendered":"Radio Universidad de Oaxaca con Escucha Atenta"},"content":{"rendered":"<p>\u201cEscucha atenta\u201d es un espacio de reflexi\u00f3n y debate sobre los principales problemas pol\u00edticos y sociales en M\u00e9xico, en el que participan especialistas de diversas universidades del pa\u00eds, el cual es producido y transmitido en Radio Universidad de Oaxaca.<\/p>\n<p>As\u00ed lo explic\u00f3 el Director de nuestra emisora universitaria, Miguel \u00c1ngel V\u00e1squez de la Rosa, quien adem\u00e1s coment\u00f3 que dicho proyecto es una iniciativa de la investigadora del Instituto de Investigaciones Sociol\u00f3gicas, de la Universidad Aut\u00f3noma \u201cBenito Ju\u00e1rez\u201d de Oaxaca (IIS-UABJO), Charlynne Curiel, el cual comenz\u00f3 en el mes de agosto.<\/p>\n<p>Agreg\u00f3 que, derivado de la pandemia, surge esta idea, con el prop\u00f3sito de abordar desde las ciencias sociales, las diferentes circunstancias que se viven en nuestro pa\u00eds.<\/p>\n<p>Refiri\u00f3 que como lo dice el nombre \u201cEscuchar\u201d es un acto importante de centrar la atenci\u00f3n en lo que quieren transmitir las y los expertos.<\/p>\n<p><script async src=\"https:\/\/pagead2.googlesyndication.com\/pagead\/js\/adsbygoogle.js\"><\/script><br \/>\n<ins class=\"adsbygoogle\" style=\"display: block; text-align: center;\" data-ad-layout=\"in-article\" data-ad-format=\"fluid\" data-ad-client=\"ca-pub-1136171134853753\" data-ad-slot=\"1904291222\"><\/ins><br \/>\n<script>\n     (adsbygoogle = window.adsbygoogle || []).push({});\n<\/script><\/p>\n<h3>Especialistas de universidades de la Rep\u00fablica Mexicana<\/h3>\n<p>Es as\u00ed como al mes de diciembre se proyectaron 15 programas, con la participaci\u00f3n de especialistas de diversas instituciones como el Colegio de la Frontera Norte sede Tijuana, Universidad de Guadalajara, Aut\u00f3noma de Baja California, Estado de M\u00e9xico, Michoacana de San Nicol\u00e1s de Hidalgo, Nacional Aut\u00f3noma de M\u00e9xico, CIESAS Pen\u00ednsula e Instituto Nacional de Antropolog\u00eda e Historia (INAH), por mencionar algunos.<\/p>\n<p>Todos se transmiten en vivo, los martes a las 12:00 horas en el 91.5 de FM y en internet <a href=\"http:\/\/www.uabjo.mx\/radio-universidad\">www.uabjo.mx\/radio-universidad<\/a> y son conducidos por la investigadora Charlyne y a trav\u00e9s de enlaces telef\u00f3nicos.<\/p>\n<p>Algunos de los temas que se han abordado son: La juventud y el juvenicidio; La relaci\u00f3n de las mujeres y el ma\u00edz; Identidades y nacionalismo; Violencia contra las mujeres; Ejidos y comunidades en el M\u00e9xico rural; Impactos del tren maya, Agenda de grupos anti derechos; Educaci\u00f3n en tiempos de pandemia; Gordofobia, feminismo y activismo gordo, entre otros.<\/p>\n<p>Cabe destacar que al final de cada emisi\u00f3n, los segmentos son colocados en el canal de <a href=\"http:\/\/www.soundcloud.com\/comunicacionsocialuabjo\">www.soundcloud.com\/comunicacionsocialuabjo<\/a> con el prop\u00f3sito de que puedan volver a ser escuchados.<\/p>\n<p>Finalmente, el Director, afirm\u00f3 \u201cen la radio apostamos por recuperar la audiencia de este medio, ya que, debido a la situaci\u00f3n derivada del confinamiento, las personas se encuentran inmersas en las redes sociales, en las diversas plataformas, poniendo poco inter\u00e9s en quienes no est\u00e1n interesados en el mundo virtual\u201d.<\/p>\n\n\t\t\t  <div \n\t\t\t  \tclass = \"fb-comments\" \n\t\t\t  \tdata-href = \"https:\/\/www.eloriente.net\/home\/2020\/12\/14\/radio-universidad-de-oaxaca-con-escucha-atenta\/\"\n\t\t\t  \tdata-numposts = \"10\"\n\t\t\t\tdata-colorscheme = \"dark\"\n\t\t\t\tdata-order-by = \"social\"\n\t\t\t\tdata-mobile=true>\n\t\t\t  <\/div>\n\t\t  <style>\n\t\t\t.fb_iframe_widget_fluid_desktop iframe {\n\t\t\t    width: 100% !important;\n\t\t\t}\n\t\t  <\/style>\n\t\t  ","protected":false},"excerpt":{"rendered":"<p>\u201cEscucha atenta\u201d es un espacio de reflexi\u00f3n y debate sobre los principales problemas pol\u00edticos y sociales en M\u00e9xico, en el que participan especialistas de diversas universidades del pa\u00eds, el cual es producido y transmitido en Radio Universidad de Oaxaca. As\u00ed lo explic\u00f3 el Director de nuestra emisora universitaria, Miguel \u00c1ngel V\u00e1squez de la Rosa, quien [&hellip;]<\/p>\n","protected":false},"author":1,"featured_media":63764,"comment_status":"open","ping_status":"open","sticky":false,"template":"","format":"standard","meta":{"_jetpack_memberships_contains_paid_content":false,"footnotes":""},"categories":[8,1588,18,32,63,10504,10,464,84],"tags":[11907,11909,11908,182],"class_list":["post-63763","post","type-post","status-publish","format-standard","has-post-thumbnail","hentry","category-agenda","category-comunicados-y-boletines","category-educacion-y-cultura","category-entradas","category-estados","category-las-ultimas-12","category-lo-mas-reciente","category-oaxaca-estados","category-universidades","tag-escucha-atenta","tag-oaxaca-academicos","tag-radio-universidad-de-oaxaca","tag-uabjo"],"jetpack_featured_media_url":"https:\/\/www.eloriente.net\/home\/wp-content\/uploads\/2020\/12\/Escucha-Atenta-espacio-en-Radio-Universidad-de-Oaxaca.jpg","jetpack_sharing_enabled":true,"_links":{"self":[{"href":"https:\/\/www.eloriente.net\/home\/wp-json\/wp\/v2\/posts\/63763"}],"collection":[{"href":"https:\/\/www.eloriente.net\/home\/wp-json\/wp\/v2\/posts"}],"about":[{"href":"https:\/\/www.eloriente.net\/home\/wp-json\/wp\/v2\/types\/post"}],"author":[{"embeddable":true,"href":"https:\/\/www.eloriente.net\/home\/wp-json\/wp\/v2\/users\/1"}],"replies":[{"embeddable":true,"href":"https:\/\/www.eloriente.net\/home\/wp-json\/wp\/v2\/comments?post=63763"}],"version-history":[{"count":1,"href":"https:\/\/www.eloriente.net\/home\/wp-json\/wp\/v2\/posts\/63763\/revisions"}],"predecessor-version":[{"id":63765,"href":"https:\/\/www.eloriente.net\/home\/wp-json\/wp\/v2\/posts\/63763\/revisions\/63765"}],"wp:featuredmedia":[{"embeddable":true,"href":"https:\/\/www.eloriente.net\/home\/wp-json\/wp\/v2\/media\/63764"}],"wp:attachment":[{"href":"https:\/\/www.eloriente.net\/home\/wp-json\/wp\/v2\/media?parent=63763"}],"wp:term":[{"taxonomy":"category","embeddable":true,"href":"https:\/\/www.eloriente.net\/home\/wp-json\/wp\/v2\/categories?post=63763"},{"taxonomy":"post_tag","embeddable":true,"href":"https:\/\/www.eloriente.net\/home\/wp-json\/wp\/v2\/tags?post=63763"}],"curies":[{"name":"wp","href":"https:\/\/api.w.org\/{rel}","templated":true}]}}