{"id":63829,"date":"2020-12-28T14:15:59","date_gmt":"2020-12-28T20:15:59","guid":{"rendered":"http:\/\/www.eloriente.net\/home\/?p=63829"},"modified":"2020-12-28T14:15:59","modified_gmt":"2020-12-28T20:15:59","slug":"dos-poemas-por-iran-vazquez-hernandez","status":"publish","type":"post","link":"https:\/\/www.eloriente.net\/home\/2020\/12\/28\/dos-poemas-por-iran-vazquez-hernandez\/","title":{"rendered":"Dos Poemas, por Ir\u00e1n V\u00e1zquez Hern\u00e1ndez"},"content":{"rendered":"<h4><strong>DOS POEMAS, de Ir\u00e1n Francisco V\u00e1zquez Hern\u00e1ndez*<\/strong><\/h4>\n<h4><strong>SOTAVENTO<\/strong><\/h4>\n<p>Quiero escribir algo sobre el mar,<\/p>\n<p>pero aqu\u00ed no hay mar ni huellas<\/p>\n<p>sobre la arena imaginaria.<\/p>\n<p>Lo \u00fanico que existe es la planicie,<\/p>\n<p>cerros quem\u00e1ndose a perpetuidad<\/p>\n<p>y m\u00e1s planicie al otro lado de la nada.<\/p>\n<p>Esta tarde<\/p>\n<p>lo m\u00e1s cercano al mar<\/p>\n<p>es el polvo acumulado en tu foto<\/p>\n<p>y las olas que golpean adentro de mi pecho.<\/p>\n<p><script async src=\"https:\/\/pagead2.googlesyndication.com\/pagead\/js\/adsbygoogle.js\"><\/script><br \/>\n<ins class=\"adsbygoogle\" style=\"display: block; text-align: center;\" data-ad-layout=\"in-article\" data-ad-format=\"fluid\" data-ad-client=\"ca-pub-1136171134853753\" data-ad-slot=\"1904291222\"><\/ins><br \/>\n<script>\n     (adsbygoogle = window.adsbygoogle || []).push({});\n<\/script><\/p>\n<h4><strong>APARICIONES<\/strong><\/h4>\n<p>I<\/p>\n<p>Hoy por fin adivin\u00e9 tu contrase\u00f1a<\/p>\n<p>en la puerta oculta de la limonaria.<\/p>\n<p>II<\/p>\n<p>Escuch\u00e9 que me llamabas<\/p>\n<p>desde el fondo de tu cuarto.<\/p>\n<p>Camin\u00e9 entre las cajas amontonadas<\/p>\n<p>y no tuve miedo.<\/p>\n<p>III<\/p>\n<p>\u00bfQu\u00e9 semilla,<\/p>\n<p>qu\u00e9 letra vegetal de tu pecho germinar\u00e1 la primera hora de la ma\u00f1ana?<\/p>\n<p>IV<\/p>\n<p>\u00bfQu\u00e9 cauce,<\/p>\n<p>qu\u00e9 r\u00edo secreto del diluvio correr\u00e1 en el centro de tu columna vertebral?<\/p>\n<p>V<\/p>\n<p>Nunca cre\u00ed<\/p>\n<p>en la resurrecci\u00f3n.<\/p>\n<p>Pero hoy<\/p>\n<p>en tu jard\u00edn<\/p>\n<p>esta flor<\/p>\n<p>que jam\u00e1s hab\u00edamos visto.<\/p>\n<p>&#8212;<\/p>\n<p><em>*<a href=\"http:\/\/www.eloriente.net\/home\/2017\/03\/08\/opinion-mexico-norte-sur-iran-francisco-vazquez\/\" target=\"_blank\" rel=\"noopener\">Colabor\u00f3 en el a\u00f1o 2017 con eloriente.net<\/a>, perteneci\u00f3 al Taller Literario Cantera Verde de Oaxaca, dirigido por Julio Ram\u00edrez, y actualmente colabora en la Red Ensayo en Di\u00e1logo.<\/em><\/p>\n<p><em>Cuenta con la maestr\u00eda en Literatura Hispanoamericana y es candidato a Doctor en Letras por la Universidad Nacional Aut\u00f3noma de M\u00e9xico. Varios de sus escritos han sido publicados en diversas revistas nacionales y extranjeras, as\u00ed como en las antolog\u00edas Asamblea de Cantera. 25 a\u00f1os (Cantera Verde, 2014), Pluma, tinta y papel (Diversidad literaria, 2017) y Cada silencio nace una palabra muerta (Ediciones solidarias, 2018). Tambi\u00e9n es autor del libro Octavio Paz: Un moderno antimoderno (Redactum, 2018).<\/em><\/p>\n<p><script async src=\"https:\/\/pagead2.googlesyndication.com\/pagead\/js\/adsbygoogle.js\"><\/script><br \/>\n<ins class=\"adsbygoogle\" style=\"display: block;\" data-ad-format=\"autorelaxed\" data-ad-client=\"ca-pub-1136171134853753\" data-ad-slot=\"4595267748\"><\/ins><br \/>\n<script>\n     (adsbygoogle = window.adsbygoogle || []).push({});\n<\/script><\/p>\n\n\t\t\t  <div \n\t\t\t  \tclass = \"fb-comments\" \n\t\t\t  \tdata-href = \"https:\/\/www.eloriente.net\/home\/2020\/12\/28\/dos-poemas-por-iran-vazquez-hernandez\/\"\n\t\t\t  \tdata-numposts = \"10\"\n\t\t\t\tdata-colorscheme = \"dark\"\n\t\t\t\tdata-order-by = \"social\"\n\t\t\t\tdata-mobile=true>\n\t\t\t  <\/div>\n\t\t  <style>\n\t\t\t.fb_iframe_widget_fluid_desktop iframe {\n\t\t\t    width: 100% !important;\n\t\t\t}\n\t\t  <\/style>\n\t\t  ","protected":false},"excerpt":{"rendered":"<p>DOS POEMAS, de Ir\u00e1n Francisco V\u00e1zquez Hern\u00e1ndez* SOTAVENTO Quiero escribir algo sobre el mar, pero aqu\u00ed no hay mar ni huellas sobre la arena imaginaria. Lo \u00fanico que existe es la planicie, cerros quem\u00e1ndose a perpetuidad y m\u00e1s planicie al otro lado de la nada. Esta tarde lo m\u00e1s cercano al mar es el polvo [&hellip;]<\/p>\n","protected":false},"author":1,"featured_media":63830,"comment_status":"open","ping_status":"open","sticky":false,"template":"","format":"standard","meta":{"_jetpack_memberships_contains_paid_content":false,"footnotes":""},"categories":[32,13,63,10504,10,464],"tags":[11933,11934,8951],"class_list":["post-63829","post","type-post","status-publish","format-standard","has-post-thumbnail","hentry","category-entradas","category-especiales","category-estados","category-las-ultimas-12","category-lo-mas-reciente","category-oaxaca-estados","tag-iran-vazquez-hernandez","tag-poemas-en-el-oriente","tag-poetas-de-oaxaca"],"jetpack_featured_media_url":"https:\/\/www.eloriente.net\/home\/wp-content\/uploads\/2020\/12\/Ira\u0301n-Va\u0301zquez-Herna\u0301ndez-eloriente.net-1.jpg","jetpack_sharing_enabled":true,"_links":{"self":[{"href":"https:\/\/www.eloriente.net\/home\/wp-json\/wp\/v2\/posts\/63829"}],"collection":[{"href":"https:\/\/www.eloriente.net\/home\/wp-json\/wp\/v2\/posts"}],"about":[{"href":"https:\/\/www.eloriente.net\/home\/wp-json\/wp\/v2\/types\/post"}],"author":[{"embeddable":true,"href":"https:\/\/www.eloriente.net\/home\/wp-json\/wp\/v2\/users\/1"}],"replies":[{"embeddable":true,"href":"https:\/\/www.eloriente.net\/home\/wp-json\/wp\/v2\/comments?post=63829"}],"version-history":[{"count":1,"href":"https:\/\/www.eloriente.net\/home\/wp-json\/wp\/v2\/posts\/63829\/revisions"}],"predecessor-version":[{"id":63831,"href":"https:\/\/www.eloriente.net\/home\/wp-json\/wp\/v2\/posts\/63829\/revisions\/63831"}],"wp:featuredmedia":[{"embeddable":true,"href":"https:\/\/www.eloriente.net\/home\/wp-json\/wp\/v2\/media\/63830"}],"wp:attachment":[{"href":"https:\/\/www.eloriente.net\/home\/wp-json\/wp\/v2\/media?parent=63829"}],"wp:term":[{"taxonomy":"category","embeddable":true,"href":"https:\/\/www.eloriente.net\/home\/wp-json\/wp\/v2\/categories?post=63829"},{"taxonomy":"post_tag","embeddable":true,"href":"https:\/\/www.eloriente.net\/home\/wp-json\/wp\/v2\/tags?post=63829"}],"curies":[{"name":"wp","href":"https:\/\/api.w.org\/{rel}","templated":true}]}}