{"id":63897,"date":"2021-01-17T12:26:35","date_gmt":"2021-01-17T18:26:35","guid":{"rendered":"http:\/\/www.eloriente.net\/home\/?p=63897"},"modified":"2021-03-10T14:12:18","modified_gmt":"2021-03-10T20:12:18","slug":"siguiente-nivel-mesa-de-debate-2021","status":"publish","type":"post","link":"https:\/\/www.eloriente.net\/home\/2021\/01\/17\/siguiente-nivel-mesa-de-debate-2021\/","title":{"rendered":"SIGUIENTE NIVEL Mesa de Debate 2021"},"content":{"rendered":"<p>Los mi\u00e9rcoles a las 14 horas, se abre la Mesa de Debate Siguiente Nivel, conducida por el maestro <a href=\"http:\/\/www.eloriente.net\/home\/2017\/08\/10\/la-atemporal-guitarra-gonzalo-salazar-fernando-galindo\/\" target=\"_blank\" rel=\"noopener\">Fernando Galindo<\/a> desde la Ciudad de M\u00e9xico.<\/p>\n<p>Se trata de una conversaci\u00f3n sobre los temas m\u00e1s importantes en el debate p\u00fablico, desde una perspectiva acad\u00e9mica y bien informada.<\/p>\n<p>Los especialistas, acad\u00e9micos e investigadores razonan sus puntos de vista y los ponen sobre la mesa para que aportes tus comentarios completamente en vivo.<\/p>\n<p>Segundo Nivel ya se encuentra en su segundo a\u00f1o de transmisiones. Para mirar las emisiones del <a href=\"http:\/\/www.eloriente.net\/home\/2020\/07\/15\/mesa-de-debate-siguiente-nivel\/\" target=\"_blank\" rel=\"noopener\">a\u00f1o 2020: DA CLICK AQU\u00cd.<\/a><\/p>\n<h3>A\u00d1O 2021<\/h3>\n<h3>10 de marzo: Pacto Patriarcal<\/h3>\n<p><iframe loading=\"lazy\" style=\"border: none; overflow: hidden;\" src=\"https:\/\/www.facebook.com\/plugins\/video.php?height=314&amp;href=https%3A%2F%2Fwww.facebook.com%2Feloriente.net%2Fvideos%2F250281809976271%2F&amp;show_text=false&amp;width=560\" width=\"560\" height=\"314\" frameborder=\"0\" scrolling=\"no\" allowfullscreen=\"allowfullscreen\"><\/iframe><\/p>\n<p>Invitada: Diputada Adriana D\u00e1vila.<\/p>\n<h3>3 de marzo: Empresarios en 4T: \u00bfDi\u00e1logo o Ruptura?<\/h3>\n<p><iframe loading=\"lazy\" style=\"border: none; overflow: hidden;\" src=\"https:\/\/www.facebook.com\/plugins\/video.php?height=314&amp;href=https%3A%2F%2Fwww.facebook.com%2Feloriente.net%2Fvideos%2F418138575954509%2F&amp;show_text=false&amp;width=560\" width=\"560\" height=\"314\" frameborder=\"0\" scrolling=\"no\" allowfullscreen=\"allowfullscreen\"><\/iframe><\/p>\n<p><strong>Invitado: Jos\u00e9 Medina Mora Icaza<\/strong>, presidente de COPARMEX Nacional.<\/p>\n<h3>24 de febrero: Servidores de la Naci\u00f3n: \u00bfEstructura Social o Clientelar?<\/h3>\n<p><iframe loading=\"lazy\" style=\"border: none; overflow: hidden;\" src=\"https:\/\/www.facebook.com\/plugins\/video.php?height=314&amp;href=https%3A%2F%2Fwww.facebook.com%2Feloriente.net%2Fvideos%2F1806425982865063%2F&amp;show_text=false&amp;width=560\" width=\"560\" height=\"314\" frameborder=\"0\" scrolling=\"no\" allowfullscreen=\"allowfullscreen\"><\/iframe><\/p>\n<p><strong>Invitado:<\/strong>\u00a0Rafael Hern\u00e1ndez Estrada, quien fue fundador del PRD. Ha sido diputado y representante del mismo partido ante el INE. Es autor del libro \u00abServidores de la Naci\u00f3n\u00bb<\/p>\n<h3>17 de febrero: Redes Sociales<\/h3>\n<p><iframe loading=\"lazy\" style=\"border: none; overflow: hidden;\" src=\"https:\/\/www.facebook.com\/plugins\/video.php?height=314&amp;href=https%3A%2F%2Fwww.facebook.com%2Feloriente.net%2Fvideos%2F450079146181982%2F&amp;show_text=false&amp;width=560\" width=\"560\" height=\"314\" frameborder=\"0\" scrolling=\"no\" allowfullscreen=\"allowfullscreen\"><\/iframe><\/p>\n<p>Si no puedes acceder aqu\u00ed, DA CLICK PARA <a href=\"https:\/\/www.facebook.com\/eloriente.net\/videos\/450079146181982\" target=\"_blank\" rel=\"noopener\">VERLO DIRECTAMENTE EN FACEBOOK.<\/a><\/p>\n<p><strong>Invitados:<\/strong><\/p>\n<p><strong>\ud83c\udf99\ufe0fCarlos Alazraki,<\/strong> publicista, productor, analista. Escribe en el Universal y conduce \u00abPlaticando con Alazraki\u00bb. Actualmente produce y coordina Atypical Teve, su nuevo canal de contenidos en Youtube.<\/p>\n<p><strong>\ud83c\udf99\ufe0fLuis Berman,<\/strong> comunic\u00f3logo, escritor, director, publicista, analista en diversos medios como La Disidencia, Cena de Grillos y Atypical Teve, creador de Un Tal Berman, Alterno 180 y del famoso mezcal L\u00e1grimas Chairas.<\/p>\n<h3>10 de febrero: La Gesti\u00f3n de la Pandemia, \u00bfcambio o continuidad?<\/h3>\n<p><iframe loading=\"lazy\" style=\"border: none; overflow: hidden;\" src=\"https:\/\/www.facebook.com\/plugins\/video.php?height=314&amp;href=https%3A%2F%2Fwww.facebook.com%2Feloriente.net%2Fvideos%2F3628565373864154%2F&amp;show_text=false&amp;width=560\" width=\"560\" height=\"314\" frameborder=\"0\" scrolling=\"no\" allowfullscreen=\"allowfullscreen\"><\/iframe><\/p>\n<p><script async src=\"https:\/\/pagead2.googlesyndication.com\/pagead\/js\/adsbygoogle.js\"><\/script><br \/>\n<ins class=\"adsbygoogle\" style=\"display: block; text-align: center;\" data-ad-layout=\"in-article\" data-ad-format=\"fluid\" data-ad-client=\"ca-pub-1136171134853753\" data-ad-slot=\"1904291222\"><\/ins><br \/>\n<script>\n     (adsbygoogle = window.adsbygoogle || []).push({});\n<\/script><\/p>\n<p><strong>Invitada:<\/strong><br \/>\n\ud83c\udf99\ufe0fDra. Laurie Ann Xim\u00e9nez-Fyvie, doctora en Ciencias M\u00e9dicas con especializaci\u00f3n en Microbiolog\u00eda por la Universidad de Harvard y jefa del Laboratorio de Gen\u00e9tica Molecular de la Facultad de Odontolog\u00eda de la UNAM. Es autora de un \u00abDa\u00f1o irreparable. La criminal gesti\u00f3n de la pandemia en M\u00e9xico\u00bb.<\/p>\n<h3>1 de febrero: LA GUERRA CONTRA EL NARCOTR\u00c1FICO<\/h3>\n<p><iframe loading=\"lazy\" src=\"https:\/\/www.youtube.com\/embed\/G-nK6KHWNc4\" width=\"560\" height=\"315\" frameborder=\"0\" allowfullscreen=\"allowfullscreen\"><\/iframe><\/p>\n<p><strong>Invitado:<\/strong><\/p>\n<p><strong>\ud83c\udf99\ufe0fGustavo Duncan<\/strong>, es doctor en ciencias pol\u00edticas de la Universidad de Northwestern. Profesor del departamento de Gobierno y Ciencias Pol\u00edticas de la universidad EAFIT de Medell\u00edn. Autor de los libros &#8216;M\u00e1s que plata o plomo&#8217; y &#8216;Los se\u00f1ores de la guerra&#8217;. Es columnista en Radio Caracol, El Tiempo y El Pa\u00eds. El profesor Duncan es experto en temas de narcotr\u00e1fico, relaci\u00f3n entre criminalidad y construcci\u00f3n de Estado y conflicto armado en Colombia.<\/p>\n<h3>27 de enero: ORGANISMOS AUT\u00d3NOMOS, \u00bfREFORMA O DESTRUCCI\u00d3N?<\/h3>\n<p>Si no puedes verlo aqu\u00ed, <a href=\"https:\/\/www.facebook.com\/eloriente.net\/videos\/449569336213659\" target=\"_blank\" rel=\"noopener\">da click A CONTINUACI\u00d3N<\/a>.<\/p>\n<p><iframe loading=\"lazy\" style=\"border: none; overflow: hidden;\" src=\"https:\/\/www.facebook.com\/plugins\/video.php?href=https%3A%2F%2Fwww.facebook.com%2Feloriente.net%2Fvideos%2F449569336213659%2F&amp;show_text=0&amp;width=560\" width=\"560\" height=\"315\" frameborder=\"0\" scrolling=\"no\" allowfullscreen=\"allowfullscreen\"><\/iframe><\/p>\n<p><strong>Invitado:<\/strong><\/p>\n<p><strong>Jos\u00e9 Antonio M\u00e1rquez Bujanos,<\/strong> economista por el ITAM, donde tambi\u00e9n estudi\u00f3 la Maestr\u00eda en Teor\u00eda Econ\u00f3mica. Cuenta con m\u00e1s de siete a\u00f1os de experiencia profesional en distintas instituciones del sector p\u00fablico y de la iniciativa privada. Actualmente es gerente de An\u00e1lisis Cuantitativo e Inversiones en una de las principales empresas de servicios Offshore de la industria Oil and Gas.<\/p>\n<h3><script async src=\"https:\/\/pagead2.googlesyndication.com\/pagead\/js\/adsbygoogle.js\"><\/script><br \/>\n<ins class=\"adsbygoogle\" style=\"display: block;\" data-ad-format=\"autorelaxed\" data-ad-client=\"ca-pub-1136171134853753\" data-ad-slot=\"4595267748\"><\/ins><br \/>\n<script>\n     (adsbygoogle = window.adsbygoogle || []).push({});\n<\/script><\/h3>\n<h3>20 de enero: FONOTECA NACIONAL, \u00bfEN RIESGO?<\/h3>\n<p><iframe loading=\"lazy\" style=\"border: none; overflow: hidden;\" src=\"https:\/\/www.facebook.com\/plugins\/video.php?href=https%3A%2F%2Fwww.facebook.com%2Feloriente.net%2Fvideos%2F1589814851229032%2F&amp;show_text=0&amp;width=560\" width=\"560\" height=\"315\" frameborder=\"0\" scrolling=\"no\" allowfullscreen=\"allowfullscreen\"><\/iframe><\/p>\n<p><script async src=\"https:\/\/pagead2.googlesyndication.com\/pagead\/js\/adsbygoogle.js\"><\/script><br \/>\n<ins class=\"adsbygoogle\" style=\"display: block; text-align: center;\" data-ad-layout=\"in-article\" data-ad-format=\"fluid\" data-ad-client=\"ca-pub-1136171134853753\" data-ad-slot=\"1904291222\"><\/ins><br \/>\n<script>\n     (adsbygoogle = window.adsbygoogle || []).push({});\n<\/script><strong><span class=\"pq6dq46d tbxw36s4 knj5qynh kvgmc6g5 ditlmg2l oygrvhab nvdbi5me sf5mxxl7 gl3lb2sf hhz5lgdu\">INVITADO:<\/span><\/strong><\/p>\n<p><span class=\"pq6dq46d tbxw36s4 knj5qynh kvgmc6g5 ditlmg2l oygrvhab nvdbi5me sf5mxxl7 gl3lb2sf hhz5lgdu\">Mtro. Bruno Bartra, soci\u00f3logo por la Facultad de Ciencias Pol\u00edticas de la UNAM, maestro en Etnomusicolog\u00eda de la City University of New York (CUNY).<\/span><\/p>\n<div dir=\"auto\">Es coordinador del Mapa Sonoro de la Fonoteca Nacional e integrante del Colectivo de Trabajadores Cap\u00edtulo 3000 de la Fonoteca Nacional de M\u00e9xico.<\/div>\n<h4>13 de enero: INTELIGENCIA ARTIFICIAL FRENTE AL GOBIERNO<\/h4>\n<p><iframe loading=\"lazy\" style=\"border: none; overflow: hidden;\" src=\"https:\/\/www.facebook.com\/plugins\/video.php?href=https%3A%2F%2Fwww.facebook.com%2Feloriente.net%2Fvideos%2F714016386140952%2F&amp;show_text=0&amp;width=560\" width=\"560\" height=\"315\" frameborder=\"0\" scrolling=\"no\" allowfullscreen=\"allowfullscreen\"><\/iframe><\/p>\n<p><strong>INVITADO:<\/strong><\/p>\n<p><strong><span class=\"_5mfr\"><span class=\"_6qdm\">\ud83c\udf99\ufe0f<\/span><\/span>Dr. Rodrigo Sandoval Almaz\u00e1n<\/strong>, quien estudi\u00f3 Ciencias Pol\u00edticas y Administraci\u00f3n P\u00fablica en la Universidad Aut\u00f3noma del Estado de M\u00e9xico; la maestr\u00eda en Administraci\u00f3n en el ITESM-Campus Toluca, con especialidad en Mercadotecnia; y el doctorado en Administraci\u00f3n del ITESM-CCM, con especialidad en Sistemas de Informaci\u00f3n, cursado en la Universidad de Arizona.<\/p>\n<p>Actualmente es profesor de la Facultad de Ciencias Pol\u00edticas y Sociales en la UAEM y l\u00edder de la Red Tem\u00e1tica de Investigaci\u00f3n: Tecnolog\u00edas de Informaci\u00f3n para la Transparencia, Rendici\u00f3n de Cuentas y Participaci\u00f3n Ciudadana en el Gobierno.<\/p>\n<p>Es Coordinador del Laboratorio de Innovaci\u00f3n P\u00fablica e Inteligencia Artificial. Es evaluador de portales tanto de gobierno electr\u00f3nico como de transparencia desde el 2005.<br \/>\nEs miembro del Comit\u00e9 Directivo de la Asociaci\u00f3n Internacional de Investigaci\u00f3n en Gobierno Electr\u00f3nico (Digital Government Society) desde el<br \/>\n2014.<\/p>\n<p>Sus intereses de investigaci\u00f3n incluyen la transformaci\u00f3n digital<br \/>\ndel gobierno, medici\u00f3n del gobierno electr\u00f3nico, innovaci\u00f3n p\u00fablica, gobierno abierto y transparencia, redes sociales en el gobierno.<\/p>\n<p><script async src=\"https:\/\/pagead2.googlesyndication.com\/pagead\/js\/adsbygoogle.js\"><\/script><br \/>\n<ins class=\"adsbygoogle\" style=\"display: block; text-align: center;\" data-ad-layout=\"in-article\" data-ad-format=\"fluid\" data-ad-client=\"ca-pub-1136171134853753\" data-ad-slot=\"1904291222\"><\/ins><br \/>\n<script>\n     (adsbygoogle = window.adsbygoogle || []).push({});\n<\/script><\/p>\n\n\t\t\t  <div \n\t\t\t  \tclass = \"fb-comments\" \n\t\t\t  \tdata-href = \"https:\/\/www.eloriente.net\/home\/2021\/01\/17\/siguiente-nivel-mesa-de-debate-2021\/\"\n\t\t\t  \tdata-numposts = \"10\"\n\t\t\t\tdata-colorscheme = \"dark\"\n\t\t\t\tdata-order-by = \"social\"\n\t\t\t\tdata-mobile=true>\n\t\t\t  <\/div>\n\t\t  <style>\n\t\t\t.fb_iframe_widget_fluid_desktop iframe {\n\t\t\t    width: 100% !important;\n\t\t\t}\n\t\t  <\/style>\n\t\t  ","protected":false},"excerpt":{"rendered":"<p>Los mi\u00e9rcoles a las 14 horas, se abre la Mesa de Debate Siguiente Nivel, conducida por el maestro Fernando Galindo desde la Ciudad de M\u00e9xico. Se trata de una conversaci\u00f3n sobre los temas m\u00e1s importantes en el debate p\u00fablico, desde una perspectiva acad\u00e9mica y bien informada. Los especialistas, acad\u00e9micos e investigadores razonan sus puntos de [&hellip;]<\/p>\n","protected":false},"author":1,"featured_media":64007,"comment_status":"open","ping_status":"open","sticky":false,"template":"","format":"video","meta":{"_jetpack_memberships_contains_paid_content":false,"footnotes":""},"categories":[49,32,13,10504,10,24,17],"tags":[11970,2487,7189,10318,11451,11971,11969],"class_list":["post-63897","post","type-post","status-publish","format-video","has-post-thumbnail","hentry","category-destacadas","category-entradas","category-especiales","category-las-ultimas-12","category-lo-mas-reciente","category-mexico-y-el-mundo","category-tecnologia","tag-academicos-2021","tag-ciudad-de-mexico","tag-fernando-galindo","tag-inteligencia-artificial","tag-mesa-de-debate","tag-rodrigo-sandoval","tag-siguiente-nivel","post_format-post-format-video"],"jetpack_featured_media_url":"https:\/\/www.eloriente.net\/home\/wp-content\/uploads\/2021\/01\/Dra.-Laurie-Ann-Xime\u0301nez-Fyvie.png","jetpack_sharing_enabled":true,"_links":{"self":[{"href":"https:\/\/www.eloriente.net\/home\/wp-json\/wp\/v2\/posts\/63897"}],"collection":[{"href":"https:\/\/www.eloriente.net\/home\/wp-json\/wp\/v2\/posts"}],"about":[{"href":"https:\/\/www.eloriente.net\/home\/wp-json\/wp\/v2\/types\/post"}],"author":[{"embeddable":true,"href":"https:\/\/www.eloriente.net\/home\/wp-json\/wp\/v2\/users\/1"}],"replies":[{"embeddable":true,"href":"https:\/\/www.eloriente.net\/home\/wp-json\/wp\/v2\/comments?post=63897"}],"version-history":[{"count":5,"href":"https:\/\/www.eloriente.net\/home\/wp-json\/wp\/v2\/posts\/63897\/revisions"}],"predecessor-version":[{"id":64111,"href":"https:\/\/www.eloriente.net\/home\/wp-json\/wp\/v2\/posts\/63897\/revisions\/64111"}],"wp:featuredmedia":[{"embeddable":true,"href":"https:\/\/www.eloriente.net\/home\/wp-json\/wp\/v2\/media\/64007"}],"wp:attachment":[{"href":"https:\/\/www.eloriente.net\/home\/wp-json\/wp\/v2\/media?parent=63897"}],"wp:term":[{"taxonomy":"category","embeddable":true,"href":"https:\/\/www.eloriente.net\/home\/wp-json\/wp\/v2\/categories?post=63897"},{"taxonomy":"post_tag","embeddable":true,"href":"https:\/\/www.eloriente.net\/home\/wp-json\/wp\/v2\/tags?post=63897"}],"curies":[{"name":"wp","href":"https:\/\/api.w.org\/{rel}","templated":true}]}}