{"id":63911,"date":"2021-01-19T17:06:28","date_gmt":"2021-01-19T23:06:28","guid":{"rendered":"http:\/\/www.eloriente.net\/home\/?p=63911"},"modified":"2021-01-19T17:06:28","modified_gmt":"2021-01-19T23:06:28","slug":"mexicoamparame-avanza-y-alcanza-apoyo-de-400-firmantes","status":"publish","type":"post","link":"https:\/\/www.eloriente.net\/home\/2021\/01\/19\/mexicoamparame-avanza-y-alcanza-apoyo-de-400-firmantes\/","title":{"rendered":"#M\u00e9xicoAmp\u00e1rame avanza y alcanza apoyo de 400 firmantes"},"content":{"rendered":"<p>Al concluir una primera etapa para hacer p\u00fablica la campa\u00f1a <strong>#M\u00e9xicoAmp\u00e1rame, Amparo Econ\u00f3mico y Social para ni\u00f1as y ni\u00f1os hu\u00e9rfanos por COVID19<\/strong>, su impulsora M\u00f3nica Santiago Hern\u00e1ndez hizo un llamado a los gobiernos estatal y municipal a que se instale una mesa de trabajo para revisar las propuestas concretas impulsadas por los ciudadanos que se han adherido a esta iniciativa.<\/p>\n<p>\u201cHay nuevo Secretario de Salud en el estado de Oaxaca y le solicito con cordialidad pero con firmeza que se sume a este movimiento\u201d, se\u00f1al\u00f3 Santiago Hern\u00e1ndez.<\/p>\n<p>En efecto, esta ma\u00f1ana, Alejandro Murat Hinojosa, gobernador de Oaxaca, realiz\u00f3 un relevo en la Secretar\u00eda de Salud de su gobierno, nombrando a <strong>Juan Carlos M\u00e1rquez Heine como nuevo titular.<\/strong><\/p>\n<p>La Secretar\u00eda de Salud, por Ley, tiene la responsabilidad de mantener actualizado el diagn\u00f3stico de salud de Oaxaca, con desagregados por sexo, grupos de edad y tipo de localidad.<\/p>\n<p><script async src=\"https:\/\/pagead2.googlesyndication.com\/pagead\/js\/adsbygoogle.js\"><\/script><br \/>\n<ins class=\"adsbygoogle\" style=\"display: block; text-align: center;\" data-ad-layout=\"in-article\" data-ad-format=\"fluid\" data-ad-client=\"ca-pub-1136171134853753\" data-ad-slot=\"1904291222\"><\/ins><br \/>\n<script>\n     (adsbygoogle = window.adsbygoogle || []).push({});\n<\/script><\/p>\n<p>\u201cLa COVID-19 est\u00e1 dejando al menos a unas 1,000 ni\u00f1as y ni\u00f1os oaxaque\u00f1os en la orfandad. Es muy importante que el nuevo titular de salud tome esto en cuenta y ayude a que se concreten algunas de las medidas que estamos proponiendo\u201d, dijo.<\/p>\n<p>En particular, se refiri\u00f3 a <strong>la implementaci\u00f3n de un registro de las y los ni\u00f1os que est\u00e1n perdiendo a su padre o a su madre por la epidemia<\/strong>. Ello para permitir que se tomen medidas urgentes para asegurar su atenci\u00f3n inmediata.<\/p>\n<p>Se requiere \u201cque esos ni\u00f1os y ni\u00f1as se alimenten, cuenten con un techo en lugares con la higiene que merecen. Ellas y ellos tienen derecho a todo esto, as\u00ed como a su atenci\u00f3n y orientaci\u00f3n psicol\u00f3gica y emocional\u201d.<\/p>\n<p>Para la arquitecta M\u00f3nica Santiago se ha logrado mover la conciencia de, al menos, <a href=\"https:\/\/www.change.org\/p\/d-ni%C3%B1as-y-ni%C3%B1os-hu%C3%A9rfanos-por-covid-19-necesitan-ya-amparo-econ%C3%B3mico-y-social\"><strong>400 personas que han firmado ya la solicitud para el gobierno<\/strong><\/a>, pero a\u00fan faltan muchas y muchos m\u00e1s ciudadanos que se sumen a esta causa.<\/p>\n<p>Si la pandemia ha sido dif\u00edcil para los adultos, solo hay que imaginar lo que es y ser\u00e1 para las ni\u00f1as y ni\u00f1os en esta situaci\u00f3n de orfandad.<\/p>\n<p>\u201cNosotros estamos en las redes (<a href=\"http:\/\/www.twitter.com\/MonicaSantiagoH\">@MonicaSantiagoH<\/a>) pendientes de la suma de los ciudadanos y ahora en espera de una respuesta de las nuevas autoridades sanitarias\u201d, finaliz\u00f3.<\/p>\n<p><script async src=\"https:\/\/pagead2.googlesyndication.com\/pagead\/js\/adsbygoogle.js\"><\/script><br \/>\n<ins class=\"adsbygoogle\" style=\"display: block;\" data-ad-format=\"autorelaxed\" data-ad-client=\"ca-pub-1136171134853753\" data-ad-slot=\"4595267748\"><\/ins><br \/>\n<script>\n     (adsbygoogle = window.adsbygoogle || []).push({});\n<\/script><\/p>\n\n\t\t\t  <div \n\t\t\t  \tclass = \"fb-comments\" \n\t\t\t  \tdata-href = \"https:\/\/www.eloriente.net\/home\/2021\/01\/19\/mexicoamparame-avanza-y-alcanza-apoyo-de-400-firmantes\/\"\n\t\t\t  \tdata-numposts = \"10\"\n\t\t\t\tdata-colorscheme = \"dark\"\n\t\t\t\tdata-order-by = \"social\"\n\t\t\t\tdata-mobile=true>\n\t\t\t  <\/div>\n\t\t  <style>\n\t\t\t.fb_iframe_widget_fluid_desktop iframe {\n\t\t\t    width: 100% !important;\n\t\t\t}\n\t\t  <\/style>\n\t\t  ","protected":false},"excerpt":{"rendered":"<p>Al concluir una primera etapa para hacer p\u00fablica la campa\u00f1a #M\u00e9xicoAmp\u00e1rame, Amparo Econ\u00f3mico y Social para ni\u00f1as y ni\u00f1os hu\u00e9rfanos por COVID19, su impulsora M\u00f3nica Santiago Hern\u00e1ndez hizo un llamado a los gobiernos estatal y municipal a que se instale una mesa de trabajo para revisar las propuestas concretas impulsadas por los ciudadanos que se [&hellip;]<\/p>\n","protected":false},"author":1,"featured_media":63912,"comment_status":"open","ping_status":"open","sticky":false,"template":"","format":"standard","meta":{"_jetpack_memberships_contains_paid_content":false,"footnotes":""},"categories":[22,49,32,13,63,10504,10,464],"tags":[11976,11975,11858],"class_list":["post-63911","post","type-post","status-publish","format-standard","has-post-thumbnail","hentry","category-derechos-humanos","category-destacadas","category-entradas","category-especiales","category-estados","category-las-ultimas-12","category-lo-mas-reciente","category-oaxaca-estados","tag-mexicoamparame","tag-huerfanos-por-covid","tag-monica-santiago"],"jetpack_featured_media_url":"https:\/\/www.eloriente.net\/home\/wp-content\/uploads\/2021\/01\/Monica-Santiago.jpg","jetpack_sharing_enabled":true,"_links":{"self":[{"href":"https:\/\/www.eloriente.net\/home\/wp-json\/wp\/v2\/posts\/63911"}],"collection":[{"href":"https:\/\/www.eloriente.net\/home\/wp-json\/wp\/v2\/posts"}],"about":[{"href":"https:\/\/www.eloriente.net\/home\/wp-json\/wp\/v2\/types\/post"}],"author":[{"embeddable":true,"href":"https:\/\/www.eloriente.net\/home\/wp-json\/wp\/v2\/users\/1"}],"replies":[{"embeddable":true,"href":"https:\/\/www.eloriente.net\/home\/wp-json\/wp\/v2\/comments?post=63911"}],"version-history":[{"count":1,"href":"https:\/\/www.eloriente.net\/home\/wp-json\/wp\/v2\/posts\/63911\/revisions"}],"predecessor-version":[{"id":63913,"href":"https:\/\/www.eloriente.net\/home\/wp-json\/wp\/v2\/posts\/63911\/revisions\/63913"}],"wp:featuredmedia":[{"embeddable":true,"href":"https:\/\/www.eloriente.net\/home\/wp-json\/wp\/v2\/media\/63912"}],"wp:attachment":[{"href":"https:\/\/www.eloriente.net\/home\/wp-json\/wp\/v2\/media?parent=63911"}],"wp:term":[{"taxonomy":"category","embeddable":true,"href":"https:\/\/www.eloriente.net\/home\/wp-json\/wp\/v2\/categories?post=63911"},{"taxonomy":"post_tag","embeddable":true,"href":"https:\/\/www.eloriente.net\/home\/wp-json\/wp\/v2\/tags?post=63911"}],"curies":[{"name":"wp","href":"https:\/\/api.w.org\/{rel}","templated":true}]}}