{"id":63932,"date":"2021-01-23T14:21:05","date_gmt":"2021-01-23T20:21:05","guid":{"rendered":"http:\/\/www.eloriente.net\/home\/?p=63932"},"modified":"2021-01-23T14:21:05","modified_gmt":"2021-01-23T20:21:05","slug":"pri-registra-a-sus-precandidatos-a-diputados-federales","status":"publish","type":"post","link":"https:\/\/www.eloriente.net\/home\/2021\/01\/23\/pri-registra-a-sus-precandidatos-a-diputados-federales\/","title":{"rendered":"PRI registra a sus precandidatos a diputados federales"},"content":{"rendered":"<p>Esta ma\u00f1ana se instal\u00f3 el \u00f3rgano auxiliar de la Comisi\u00f3n Nacional de Procesos Internos del Partido Revolucionario Institucional en Oaxaca, para realizar el registro de precandidatos a las diputaciones federales en disputa para el mes de junio de 2021.<\/p>\n<p>Lo hicieron de viva voz las y el siguiente aspirantes:<\/p>\n<p>Distrito 3, Huajuapan de Le\u00f3n, Yolanda Mart\u00ednez L\u00f3pez, quien hasta ayer ocupara la Secretar\u00eda de Bienestar en el Gobierno de Alejandro Murat.<\/p>\n<p>Distrito 5, Salina Cruz,\u00a0Sof\u00eda Castro R\u00edos, quien fuera Secretaria de Asuntos Ind\u00edgenas, ex diputada local y ex candidata al Senado.<\/p>\n<p>Distrito 7, Ciudad Ixtepec, Oscar Toral, Presidente Municipal de la ciudad del mismo nombre.<\/p>\n<p>Distrito 9, San Pedro Mixtepec, Miriam Liborio Hern\u00e1ndez, hasta hace d\u00edas titular del \u00f3rgano estatal de educaci\u00f3n para adultos y ex titular de la Secretar\u00eda de las Mujeres de Oaxaca.<\/p>\n<p>Estos precandidatos, se complementar\u00e1n con algunos m\u00e1s, de acuerdo al Convenio de Coalici\u00f3n Va por Oaxaca que se ha conformado entre el PRI, el Partido Acci\u00f3n Nacional (PAN) y el de la Revoluci\u00f3n Democr\u00e1tica (PRD).<\/p>\n<p>De acuerdo al mismo, al PRI tocar\u00eda postular en 5 distritos (los cuatro anteriores m\u00e1s el correspondiente al de Oaxaca de Ju\u00e1rez 08), al PAN en 2 donde figuran Miahuatl\u00e1n y Tlacolula, a donde ser\u00edan registrados Donato Casas Escamilla, ex secretario de salud, y Eufrosina Cruz Mendoza, ex secretaria de Asuntos Ind\u00edgenas.<\/p>\n<p>Al PRD tocar\u00eda postular en Tlaxiaco, Tuxtepec (donde ser\u00eda postulado Antonio Amaro) y Teotitl\u00e1n de Flores Mag\u00f3n, donde ser\u00eda elegido para contender Marco Carrasco, titular de la fundaci\u00f3n Bi\u00f3sfera Cuicatl\u00e1n.<\/p>\n<h3>Participaci\u00f3n de mujeres<\/h3>\n<p>Como puede hacerse notar, hasta el momento ser\u00edan 4 las mujeres que podr\u00edan tener segura una candidatura, por lo que la quinta tendr\u00eda que salir del distrito de Oaxaca Centro o Tlaxiaco.<\/p>\n<p>Esa es la raz\u00f3n por la cual a\u00fan no se ha registrado este \u00faltimo espacio.<\/p>\n<blockquote class=\"twitter-tweet\" data-theme=\"dark\">\n<p dir=\"ltr\" lang=\"es\">Hoy en el Comit\u00e9 del <a href=\"https:\/\/twitter.com\/PRIOaxacaCDE?ref_src=twsrc%5Etfw\">@PRIOaxacaCDE<\/a>, ante el \u00f3rgano auxiliar de la Comisi\u00f3n Nacional de Procesos Internos acundieron a realizar su preregistro como precandidatos a la Diputaci\u00f3n Federal <a href=\"https:\/\/twitter.com\/SofiaCastroRios?ref_src=twsrc%5Etfw\">@SofiaCastroRios<\/a>, <a href=\"https:\/\/twitter.com\/oscartoralrios1?ref_src=twsrc%5Etfw\">@oscartoralrios1<\/a>, <a href=\"https:\/\/twitter.com\/Liborio_Miriam?ref_src=twsrc%5Etfw\">@Liborio_Miriam<\/a> <a href=\"https:\/\/twitter.com\/Yola_MartinezL?ref_src=twsrc%5Etfw\">@Yola_MartinezL<\/a> <a href=\"https:\/\/t.co\/ZhsXVA9kCz\">https:\/\/t.co\/ZhsXVA9kCz<\/a> <a href=\"https:\/\/t.co\/gHE1Yy4F4G\">pic.twitter.com\/gHE1Yy4F4G<\/a><\/p>\n<p>\u2014 PRI Oaxaca (@PRIOaxacaCDE) <a href=\"https:\/\/twitter.com\/PRIOaxacaCDE\/status\/1353033947727486977?ref_src=twsrc%5Etfw\">January 23, 2021<\/a><\/p><\/blockquote>\n<p><script async src=\"https:\/\/platform.twitter.com\/widgets.js\" charset=\"utf-8\"><\/script><\/p>\n<p><script async src=\"https:\/\/pagead2.googlesyndication.com\/pagead\/js\/adsbygoogle.js\"><\/script><br \/>\n<ins class=\"adsbygoogle\" style=\"display: block;\" data-ad-format=\"autorelaxed\" data-ad-client=\"ca-pub-1136171134853753\" data-ad-slot=\"4595267748\"><\/ins><br \/>\n<script>\n     (adsbygoogle = window.adsbygoogle || []).push({});\n<\/script><\/p>\n\n\t\t\t  <div \n\t\t\t  \tclass = \"fb-comments\" \n\t\t\t  \tdata-href = \"https:\/\/www.eloriente.net\/home\/2021\/01\/23\/pri-registra-a-sus-precandidatos-a-diputados-federales\/\"\n\t\t\t  \tdata-numposts = \"10\"\n\t\t\t\tdata-colorscheme = \"dark\"\n\t\t\t\tdata-order-by = \"social\"\n\t\t\t\tdata-mobile=true>\n\t\t\t  <\/div>\n\t\t  <style>\n\t\t\t.fb_iframe_widget_fluid_desktop iframe {\n\t\t\t    width: 100% !important;\n\t\t\t}\n\t\t  <\/style>\n\t\t  ","protected":false},"excerpt":{"rendered":"<p>Esta ma\u00f1ana se instal\u00f3 el \u00f3rgano auxiliar de la Comisi\u00f3n Nacional de Procesos Internos del Partido Revolucionario Institucional en Oaxaca, para realizar el registro de precandidatos a las diputaciones federales en disputa para el mes de junio de 2021. Lo hicieron de viva voz las y el siguiente aspirantes: Distrito 3, Huajuapan de Le\u00f3n, Yolanda [&hellip;]<\/p>\n","protected":false},"author":1,"featured_media":63934,"comment_status":"open","ping_status":"open","sticky":false,"template":"","format":"video","meta":{"_jetpack_memberships_contains_paid_content":false,"footnotes":""},"categories":[29,49,32,63,10504,10,464],"tags":[6327,11490,7319,11988,11987],"class_list":["post-63932","post","type-post","status-publish","format-video","has-post-thumbnail","hentry","category-capital","category-destacadas","category-entradas","category-estados","category-las-ultimas-12","category-lo-mas-reciente","category-oaxaca-estados","tag-diputados-federales-oaxaca","tag-elecciones-2021","tag-eufrosina-cruz","tag-precandidatos-pri","tag-yolanda-martinez","post_format-post-format-video"],"jetpack_featured_media_url":"https:\/\/www.eloriente.net\/home\/wp-content\/uploads\/2021\/01\/Yolanda-Marti\u0301nez.jpeg","jetpack_sharing_enabled":true,"_links":{"self":[{"href":"https:\/\/www.eloriente.net\/home\/wp-json\/wp\/v2\/posts\/63932"}],"collection":[{"href":"https:\/\/www.eloriente.net\/home\/wp-json\/wp\/v2\/posts"}],"about":[{"href":"https:\/\/www.eloriente.net\/home\/wp-json\/wp\/v2\/types\/post"}],"author":[{"embeddable":true,"href":"https:\/\/www.eloriente.net\/home\/wp-json\/wp\/v2\/users\/1"}],"replies":[{"embeddable":true,"href":"https:\/\/www.eloriente.net\/home\/wp-json\/wp\/v2\/comments?post=63932"}],"version-history":[{"count":2,"href":"https:\/\/www.eloriente.net\/home\/wp-json\/wp\/v2\/posts\/63932\/revisions"}],"predecessor-version":[{"id":63935,"href":"https:\/\/www.eloriente.net\/home\/wp-json\/wp\/v2\/posts\/63932\/revisions\/63935"}],"wp:featuredmedia":[{"embeddable":true,"href":"https:\/\/www.eloriente.net\/home\/wp-json\/wp\/v2\/media\/63934"}],"wp:attachment":[{"href":"https:\/\/www.eloriente.net\/home\/wp-json\/wp\/v2\/media?parent=63932"}],"wp:term":[{"taxonomy":"category","embeddable":true,"href":"https:\/\/www.eloriente.net\/home\/wp-json\/wp\/v2\/categories?post=63932"},{"taxonomy":"post_tag","embeddable":true,"href":"https:\/\/www.eloriente.net\/home\/wp-json\/wp\/v2\/tags?post=63932"}],"curies":[{"name":"wp","href":"https:\/\/api.w.org\/{rel}","templated":true}]}}