{"id":64065,"date":"2021-02-20T10:50:24","date_gmt":"2021-02-20T16:50:24","guid":{"rendered":"http:\/\/www.eloriente.net\/home\/?p=64065"},"modified":"2021-02-20T11:44:03","modified_gmt":"2021-02-20T17:44:03","slug":"poeta-luis-armenta-recibe-el-premio-iberoamericano-carlos-pellicer","status":"publish","type":"post","link":"https:\/\/www.eloriente.net\/home\/2021\/02\/20\/poeta-luis-armenta-recibe-el-premio-iberoamericano-carlos-pellicer\/","title":{"rendered":"Poeta Luis Armenta recibe el Premio Iberoamericano Carlos Pellicer"},"content":{"rendered":"<p>Con la entrega del Premio Iberoamericano Bellas Artes de Poes\u00eda Carlos Pellicer para Obra Publicada al escritor mexicano Luis Armenta Malpica, por su obra \u201cEnola Gay\u201d, concluyeron la noche de este viernes las \u201cJornadas Pellicerianas, Encuentro de Poes\u00eda 2021\u201d, tras cuatro d\u00edas de lectura po\u00e9tica en 14 mesas de trabajo, conferencias, talleres, cursos, presentaciones de libros y por primera vez, una video-instalaci\u00f3n y una mesa de poetas universitarios.<\/p>\n<p>La ceremonia de clausura, transmitida en formato digital a trav\u00e9s de la plataforma de Facebook, estuvo encabezada por Ramiro Ch\u00e1vez Gochicoa, secretario de Cultura del Estado, y Lucina Jim\u00e9nez L\u00f3pez, directora general del Instituto Nacional de Bellas Artes y Literatura (INBAL), quien reconoci\u00f3 el inter\u00e9s del Gobierno de Tabasco por mantener vigente el premio en cuesti\u00f3n, a\u00fan en las circunstancias de la peor pandemia que haya vivido la humanidad en los \u00faltimos a\u00f1os.<\/p>\n<p>El titular de Cultura, Ramiro Ch\u00e1vez, dio lectura al diploma con el que se galardon\u00f3 de manera simb\u00f3lica al poeta ganador del premio iberoamericano, y se dijo entusiasmado por los textos de Armenta Malpica y sus referencias de diversas obras de artistas que definieron a una generaci\u00f3n como el caso de Pink Floyd y Kurosawa, entre otros.<\/p>\n<p>La directora general del INBAL, Lucina Jim\u00e9nez, destac\u00f3 que este premio, enmarcado en el punto culminante a las Jornadas Pellicerianas, fue creado por el Gobierno estatal en una conciencia del poder de la importancia de la poes\u00eda para pensar en las sociedades contempor\u00e1neas.<\/p>\n<p><img loading=\"lazy\" decoding=\"async\" src=\"https:\/\/tabasco.gob.mx\/sites\/default\/files\/users\/uietabasco\/Imagen1_8.jpg\" alt=\"Imagen1_8.jpg\" width=\"637\" height=\"252\" \/><\/p>\n<p><script async src=\"https:\/\/pagead2.googlesyndication.com\/pagead\/js\/adsbygoogle.js\"><\/script><br \/>\n<ins class=\"adsbygoogle\" style=\"display: block; text-align: center;\" data-ad-layout=\"in-article\" data-ad-format=\"fluid\" data-ad-client=\"ca-pub-1136171134853753\" data-ad-slot=\"1904291222\"><\/ins><br \/>\n<script>\n     (adsbygoogle = window.adsbygoogle || []).push({});\n<\/script><\/p>\n<p>\u201cEs uno de los galardones m\u00e1s trascendentes, a trav\u00e9s de los cuales nuestro pa\u00eds reconoce a la poes\u00eda escrita en espa\u00f1ol, y desde 2018 tambi\u00e9n en lenguas ind\u00edgenas\u201d, enfatiz\u00f3 al tiempo que dijo que el car\u00e1cter iberoamericano que se da a la distinci\u00f3n ampl\u00eda la posibilidad de fortalecer los di\u00e1logos entre las palabras que expresan cosmovisiones y experiencias compartidas a lo largo de la regi\u00f3n.<\/p>\n<p>El escritor y ensayista galardonado, Luis Armenta, expres\u00f3 su satisfacci\u00f3n por conseguir un reconocimiento que lleva la insignia del gran Poeta de Am\u00e9rica, cuyo legado, refiri\u00f3, ha estado presente en su formaci\u00f3n de poeta y escritor.<\/p>\n<p>Se\u00f1al\u00f3 que su libro \u201cEnola Gay\u201d lleva el nombre del avi\u00f3n que solt\u00f3 la primera bomba at\u00f3mica, y plasma una historia de amor y desencuentro, de creaci\u00f3n y destrucci\u00f3n, que funciona como una alegor\u00eda tambi\u00e9n antag\u00f3nica de lo terrestre y lo divino.<\/p>\n<p>Armenta Malpica dio a conocer que su obra fue pensada como un libro de poemas, cuyo formato permitiera una lectura narrativa dentro de lo que podr\u00eda considerarse una biograf\u00eda, amparada por personajes de la historia y que representan o acumulan caracter\u00edsticas personales y cercanas.<\/p>\n<p>La subsecretaria de Fomento a la Lectura y Publicaciones de la Secretar\u00eda de Cultura de Tabasco, Melina Pedrero Hern\u00e1ndez, subray\u00f3 el decidido apoyo del Gobierno del Estado para el desarrollo de la cultura a trav\u00e9s de este tipo de eventos, e inform\u00f3 que las Jornadas Pellicerianas representan la fusi\u00f3n de las \u201cJornadas Internacionales Carlos Pellicer\u201d, con vigencia de 1989 a 1997, y del Encuentro Iberoamericano de Poes\u00eda, efectuado del a\u00f1o 2005 al 2018.<\/p>\n<p>Hace dos a\u00f1os, la Secretar\u00eda de Cultura uni\u00f3 ambos proyectos, rescatando los m\u00e1s importante de uno y otro, para dar respuesta a las actuales necesidades de los tabasque\u00f1os, necesidades, enfatiz\u00f3, que tienen que ver con los procesos de ciudadanizaci\u00f3n con miras a la restauraci\u00f3n del tejido social.<\/p>\n<p>Pedrero Hern\u00e1ndez puntualiz\u00f3 que esta fiesta de las letras, realizada bajo un formato especial debido al confinamiento social que ha impuesto la pandemia, da cumplimiento a uno de los compromisos del Gobernador Ad\u00e1n Augusto L\u00f3pez Hern\u00e1ndez, de acercar la poes\u00eda a todos los rincones, dando voz especialmente a las nuevas nuevas generaciones, con el fin de priorizar el talento emergente y la equidad de g\u00e9nero.<\/p>\n<p>El subdirector de Literatura y Autores de la Coordinaci\u00f3n Nacional de Literatura, Andr\u00e9s G\u00f3mez Glockner, fue el encargado de dar lectura al acta del jurado del Premio Iberoamericano de Poes\u00eda \u201cCarlos Pellicer C\u00e1mara\u201d, en el marco del cierre de unas jornadas en las que participaron m\u00e1s de 70 artistas, poetas internacionales, nacionales y locales.<\/p>\n<p><script async src=\"https:\/\/pagead2.googlesyndication.com\/pagead\/js\/adsbygoogle.js\"><\/script><br \/>\n<ins class=\"adsbygoogle\" style=\"display: block;\" data-ad-format=\"autorelaxed\" data-ad-client=\"ca-pub-1136171134853753\" data-ad-slot=\"4595267748\"><\/ins><br \/>\n<script>\n     (adsbygoogle = window.adsbygoogle || []).push({});\n<\/script><\/p>\n\n\t\t\t  <div \n\t\t\t  \tclass = \"fb-comments\" \n\t\t\t  \tdata-href = \"https:\/\/www.eloriente.net\/home\/2021\/02\/20\/poeta-luis-armenta-recibe-el-premio-iberoamericano-carlos-pellicer\/\"\n\t\t\t  \tdata-numposts = \"10\"\n\t\t\t\tdata-colorscheme = \"dark\"\n\t\t\t\tdata-order-by = \"social\"\n\t\t\t\tdata-mobile=true>\n\t\t\t  <\/div>\n\t\t  <style>\n\t\t\t.fb_iframe_widget_fluid_desktop iframe {\n\t\t\t    width: 100% !important;\n\t\t\t}\n\t\t  <\/style>\n\t\t  ","protected":false},"excerpt":{"rendered":"<p>Con la entrega del Premio Iberoamericano Bellas Artes de Poes\u00eda Carlos Pellicer para Obra Publicada al escritor mexicano Luis Armenta Malpica, por su obra \u201cEnola Gay\u201d, concluyeron la noche de este viernes las \u201cJornadas Pellicerianas, Encuentro de Poes\u00eda 2021\u201d, tras cuatro d\u00edas de lectura po\u00e9tica en 14 mesas de trabajo, conferencias, talleres, cursos, presentaciones de [&hellip;]<\/p>\n","protected":false},"author":1,"featured_media":64071,"comment_status":"open","ping_status":"open","sticky":false,"template":"","format":"video","meta":{"_jetpack_memberships_contains_paid_content":false,"footnotes":""},"categories":[4,1588,18,32,63,3153],"tags":[12028,5937,12029,11845],"class_list":["post-64065","post","type-post","status-publish","format-video","has-post-thumbnail","hentry","category-canal-2-en-vivo","category-comunicados-y-boletines","category-educacion-y-cultura","category-entradas","category-estados","category-letras-educacion-y-cultura","tag-luis-armenta","tag-poetas-de-mexico","tag-premio-carlos-pellicer","tag-premios-de-poesia","post_format-post-format-video"],"jetpack_featured_media_url":"https:\/\/www.eloriente.net\/home\/wp-content\/uploads\/2021\/02\/Captura-de-pantalla-2021-02-20-a-las-10.52.39.png","jetpack_sharing_enabled":true,"_links":{"self":[{"href":"https:\/\/www.eloriente.net\/home\/wp-json\/wp\/v2\/posts\/64065"}],"collection":[{"href":"https:\/\/www.eloriente.net\/home\/wp-json\/wp\/v2\/posts"}],"about":[{"href":"https:\/\/www.eloriente.net\/home\/wp-json\/wp\/v2\/types\/post"}],"author":[{"embeddable":true,"href":"https:\/\/www.eloriente.net\/home\/wp-json\/wp\/v2\/users\/1"}],"replies":[{"embeddable":true,"href":"https:\/\/www.eloriente.net\/home\/wp-json\/wp\/v2\/comments?post=64065"}],"version-history":[{"count":1,"href":"https:\/\/www.eloriente.net\/home\/wp-json\/wp\/v2\/posts\/64065\/revisions"}],"predecessor-version":[{"id":64066,"href":"https:\/\/www.eloriente.net\/home\/wp-json\/wp\/v2\/posts\/64065\/revisions\/64066"}],"wp:featuredmedia":[{"embeddable":true,"href":"https:\/\/www.eloriente.net\/home\/wp-json\/wp\/v2\/media\/64071"}],"wp:attachment":[{"href":"https:\/\/www.eloriente.net\/home\/wp-json\/wp\/v2\/media?parent=64065"}],"wp:term":[{"taxonomy":"category","embeddable":true,"href":"https:\/\/www.eloriente.net\/home\/wp-json\/wp\/v2\/categories?post=64065"},{"taxonomy":"post_tag","embeddable":true,"href":"https:\/\/www.eloriente.net\/home\/wp-json\/wp\/v2\/tags?post=64065"}],"curies":[{"name":"wp","href":"https:\/\/api.w.org\/{rel}","templated":true}]}}