{"id":64076,"date":"2021-02-25T15:58:02","date_gmt":"2021-02-25T21:58:02","guid":{"rendered":"http:\/\/www.eloriente.net\/home\/?p=64076"},"modified":"2021-02-25T15:58:02","modified_gmt":"2021-02-25T21:58:02","slug":"talleres-virtuales-del-centro-nacional-de-las-artes","status":"publish","type":"post","link":"https:\/\/www.eloriente.net\/home\/2021\/02\/25\/talleres-virtuales-del-centro-nacional-de-las-artes\/","title":{"rendered":"Talleres virtuales del Centro Nacional de las Artes"},"content":{"rendered":"<p style=\"font-weight: 400;\"><strong>*** Ofrecer\u00e1 charlas, foros, talleres y continuar\u00e1 con su Programa de Asesor\u00edas<\/strong><\/p>\n<p style=\"font-weight: 400;\"><strong>*** Se abordar\u00e1n tem\u00e1ticas como los lenguajes de programaci\u00f3n, dise\u00f1o de experiencias inmersivas y proyectos\u00a0transmedia<\/strong><\/p>\n<p style=\"font-weight: 400;\">El\u00a0<strong>Centro Multimedia del<\/strong>\u00a0<strong>Centro Nacional de las Artes<\/strong>\u00a0(Cenart), instituci\u00f3n de la\u00a0<strong>Secretar\u00eda de Cultura del Gobierno de M\u00e9xico<\/strong>, pone a disposici\u00f3n del p\u00fablico una amplia oferta acad\u00e9mica para cursar en l\u00ednea, durante todo marzo, como parte\u00a0de la campa\u00f1a\u00a0<strong>Contigo en la distancia<\/strong>.<\/p>\n<p style=\"font-weight: 400;\">Los interesados en dichas actividades podr\u00e1n\u00a0<strong>experimentar, formar e investigar<\/strong>\u00a0sobre pr\u00e1cticas art\u00edstico-culturales que\u00a0<strong>involucran al arte y la tecnolog\u00eda<\/strong>.<\/p>\n<p style=\"font-weight: 400;\">La sesi\u00f3n de marzo del proyecto\u00a0<strong>Laboratorio abierto sobre archivo<\/strong>, espacio de conversaci\u00f3n y discusi\u00f3n sobre el problema del archivo, ser\u00e1 dedicada a conversar con\u00a0<strong>Sophie de Saint Phalle<\/strong>, quien abordar\u00e1 la creaci\u00f3n, conceptualizaci\u00f3n, catalogaci\u00f3n, uso, producci\u00f3n, estudio e interpretaci\u00f3n de los archivos de los artistas, con particular inter\u00e9s en el lugar que ocupan las bases de datos en los archivos contempor\u00e1neos. \u00danete a la transmisi\u00f3n en vivo el\u00a0<strong>martes 2 de marzo<\/strong>, a las 16:00 horas, desde el perfil de Facebook del CMM.<\/p>\n<p style=\"font-weight: 400;\"><script async src=\"https:\/\/pagead2.googlesyndication.com\/pagead\/js\/adsbygoogle.js\"><\/script><br \/>\n<ins class=\"adsbygoogle\" style=\"display: block; text-align: center;\" data-ad-layout=\"in-article\" data-ad-format=\"fluid\" data-ad-client=\"ca-pub-1136171134853753\" data-ad-slot=\"1904291222\"><\/ins><br \/>\n<script>\n     (adsbygoogle = window.adsbygoogle || []).push({});\n<\/script><\/p>\n<p style=\"font-weight: 400;\">Para el p\u00fablico mayor de edad interesado en la programaci\u00f3n, se impartir\u00e1\u00a0<strong>Pr\u00e1cticas virtuales de electr\u00f3nica y microcontroladores<\/strong>, del\u00a0<strong>22 al 26 de marzo<\/strong>, de 11:00 a 13:00 h. En este taller se busca que los participantes conozcan las capacidades b\u00e1sicas de Arduino y algunos t\u00f3picos b\u00e1sicos de electr\u00f3nica por medio de la plataforma virtual Tinkercad. Para participar debe enviarse una carta de motivos y breve semblanza al correo\u00a0<strong>difusioncmm@cultura.gob.mx<\/strong>\u00a0antes del\u00a0<strong>17 de marzo<\/strong>, hasta las 18:00 horas.<\/p>\n<p style=\"font-weight: 400;\">En el marco del programa de Formaci\u00f3n se impartir\u00e1 el taller\u00a0<strong style=\"font-style: inherit;\">Dise\u00f1o de experiencias inmersivas en realidad virtual<\/strong>. En \u00e9ste, los participantes podr\u00e1n tener un primer acercamiento al desarrollo de aplicaciones de Realidad Virtual, aprender\u00e1n una serie de \u201cmejores pr\u00e1cticas\u201d para la creaci\u00f3n de ambientes virtuales interactivos en realidad mixta. Se realizar\u00e1\u00a0<strong style=\"font-style: inherit;\">del 22 al 30 de marzo<\/strong>, de 11:00 a 13:00 horas. Para participar es necesario contar con un visor Oculus Quest, as\u00ed como conocimiento previo de Unity, modelado 3D, programaci\u00f3n y creaci\u00f3n de aplicaciones interactivas; deben enviarse una carta de motivos y breve semblanza al correo\u00a0<strong style=\"font-style: inherit;\">difusioncmm@cultura.gob.mx<\/strong>\u00a0antes del\u00a0<strong style=\"font-style: inherit;\">17 de marzo<\/strong>, para poder ser seleccionado.<\/p>\n<p style=\"font-weight: 400;\">El\u00a0<strong>jueves 25 de marzo,\u00a0<\/strong>a las 15:00 horas, continuar\u00e1 la discusi\u00f3n dentro del\u00a0<strong>Ciclo de Cine Transmedia<\/strong>, con una sesi\u00f3n dedicada a los cruces entre la radio como medio p\u00fablico y las narrativas transmedia durante la pandemia de la COVID-19. Se tomar\u00e1 como punto de partida la experiencia de la revista radiof\u00f3nica cubana\u00a0<strong><em>Ventana rebelde<\/em><\/strong>, que ha sido desde su concepci\u00f3n un puente para la voz de los m\u00e9dicos en misiones internacionalistas, un espacio id\u00f3neo para situar en primera persona a quienes viven y combaten desde diferentes fronteras al nuevo coronavirus. Podr\u00e1s unirte a la transmisi\u00f3n en vivo mediante el perfil de Facebook del Centro Multimedia para realizar preguntas.<\/p>\n<p style=\"font-weight: 400;\">Se contempla tambi\u00e9n la primera sesi\u00f3n del\u00a0<strong>Seminario permanente Escrituras Inmateriales<\/strong>, presentado por el\u00a0Laboratorio de Publicaciones Digitales como un encuentro para la investigaci\u00f3n, el estudio y la reflexi\u00f3n sobre la escritura. El viernes 26 de marzo, de 17:00 a 19:00 horas, se abordar\u00e1 la noci\u00f3n de\u00a0<strong><em>Escritura no-creativa<\/em><\/strong>, para reflexionar sobre la importancia de redefinir las pr\u00e1cticas de escritura, los actores involucrados y sus implicaciones sobre la lectura. Para participar se requiere registro previo al correo\u00a0<strong>difusioncmm@cultura.gob.mx.<\/strong><\/p>\n<p style=\"font-weight: 400;\">Para quienes requieren de apoyo u orientaci\u00f3n al realizar un proyecto, pueden solicitarlos a trav\u00e9s del\u00a0<strong>Programa de Asesor\u00edas<\/strong>. Despu\u00e9s de completar el formulario en l\u00ednea\u00a0<strong>http:\/\/cmm.cenart.gob.mx\/asesorias<\/strong>, ser\u00e1n canalizados al \u00e1rea que podr\u00e1 ayudarles, por medio de asesor\u00edas totalmente a distancia.<\/p>\n<p style=\"font-weight: 400;\">El\u00a0<strong>CMM<\/strong>\u00a0ha realizado una\u00a0<strong>curadur\u00eda de contenidos en l\u00ednea<\/strong>\u00a0para proponer una serie de c\u00e1psulas, programas y tutoriales que abordan\u00a0<strong>distintas vertientes del arte y la tecnolog\u00eda<\/strong>; las ligas a este material se pueden consultar desde las redes sociales y el\u00a0<strong>canal de YouTube del CMM<\/strong>, as\u00ed como a trav\u00e9s de la plataforma\u00a0<a href=\"https:\/\/contigoenladistancia.cultura.gob.mx\/\"><strong>contigoenladistancia.cultura.gob.mx<\/strong><\/a>.<\/p>\n<p style=\"font-weight: 400;\">Para m\u00e1s informaci\u00f3n sobre \u00e9stas y otras actividades del\u00a0<strong>Centro Multimedia\u00a0<\/strong>visita el sitio web\u00a0<a href=\"http:\/\/cmm.cenart.gob.mx\/\"><strong>cmm.cenart.gob.mx<\/strong><\/a>, sigue sus redes sociales o env\u00eda un correo a\u00a0<a href=\"mailto:difusioncmm@cultura.gob.mx\"><strong>difusioncmm@cultura.gob.mx<\/strong><\/a>.<\/p>\n<p>(comunicado)<\/p>\n<p><script async src=\"https:\/\/pagead2.googlesyndication.com\/pagead\/js\/adsbygoogle.js\"><\/script><br \/>\n<ins class=\"adsbygoogle\" style=\"display: block;\" data-ad-format=\"autorelaxed\" data-ad-client=\"ca-pub-1136171134853753\" data-ad-slot=\"4595267748\"><\/ins><br \/>\n<script>\n     (adsbygoogle = window.adsbygoogle || []).push({});\n<\/script><\/p>\n\n\t\t\t  <div \n\t\t\t  \tclass = \"fb-comments\" \n\t\t\t  \tdata-href = \"https:\/\/www.eloriente.net\/home\/2021\/02\/25\/talleres-virtuales-del-centro-nacional-de-las-artes\/\"\n\t\t\t  \tdata-numposts = \"10\"\n\t\t\t\tdata-colorscheme = \"dark\"\n\t\t\t\tdata-order-by = \"social\"\n\t\t\t\tdata-mobile=true>\n\t\t\t  <\/div>\n\t\t  <style>\n\t\t\t.fb_iframe_widget_fluid_desktop iframe {\n\t\t\t    width: 100% !important;\n\t\t\t}\n\t\t  <\/style>\n\t\t  ","protected":false},"excerpt":{"rendered":"<p>*** Ofrecer\u00e1 charlas, foros, talleres y continuar\u00e1 con su Programa de Asesor\u00edas *** Se abordar\u00e1n tem\u00e1ticas como los lenguajes de programaci\u00f3n, dise\u00f1o de experiencias inmersivas y proyectos\u00a0transmedia El\u00a0Centro Multimedia del\u00a0Centro Nacional de las Artes\u00a0(Cenart), instituci\u00f3n de la\u00a0Secretar\u00eda de Cultura del Gobierno de M\u00e9xico, pone a disposici\u00f3n del p\u00fablico una amplia oferta acad\u00e9mica para cursar en [&hellip;]<\/p>\n","protected":false},"author":1,"featured_media":64077,"comment_status":"open","ping_status":"open","sticky":false,"template":"","format":"standard","meta":{"_jetpack_memberships_contains_paid_content":false,"footnotes":""},"categories":[8,1588,26,18,32,10504,10,24],"tags":[11874,9293,12036,12035],"class_list":["post-64076","post","type-post","status-publish","format-standard","has-post-thumbnail","hentry","category-agenda","category-comunicados-y-boletines","category-convocatorias","category-educacion-y-cultura","category-entradas","category-las-ultimas-12","category-lo-mas-reciente","category-mexico-y-el-mundo","tag-cenart","tag-centro-nacional-de-las-artes","tag-cursos-artes","tag-escrituras-inmateriales"],"jetpack_featured_media_url":"https:\/\/www.eloriente.net\/home\/wp-content\/uploads\/2021\/02\/Imagen-Centro-Nacional-de-las-Artes.jpeg","jetpack_sharing_enabled":true,"_links":{"self":[{"href":"https:\/\/www.eloriente.net\/home\/wp-json\/wp\/v2\/posts\/64076"}],"collection":[{"href":"https:\/\/www.eloriente.net\/home\/wp-json\/wp\/v2\/posts"}],"about":[{"href":"https:\/\/www.eloriente.net\/home\/wp-json\/wp\/v2\/types\/post"}],"author":[{"embeddable":true,"href":"https:\/\/www.eloriente.net\/home\/wp-json\/wp\/v2\/users\/1"}],"replies":[{"embeddable":true,"href":"https:\/\/www.eloriente.net\/home\/wp-json\/wp\/v2\/comments?post=64076"}],"version-history":[{"count":1,"href":"https:\/\/www.eloriente.net\/home\/wp-json\/wp\/v2\/posts\/64076\/revisions"}],"predecessor-version":[{"id":64078,"href":"https:\/\/www.eloriente.net\/home\/wp-json\/wp\/v2\/posts\/64076\/revisions\/64078"}],"wp:featuredmedia":[{"embeddable":true,"href":"https:\/\/www.eloriente.net\/home\/wp-json\/wp\/v2\/media\/64077"}],"wp:attachment":[{"href":"https:\/\/www.eloriente.net\/home\/wp-json\/wp\/v2\/media?parent=64076"}],"wp:term":[{"taxonomy":"category","embeddable":true,"href":"https:\/\/www.eloriente.net\/home\/wp-json\/wp\/v2\/categories?post=64076"},{"taxonomy":"post_tag","embeddable":true,"href":"https:\/\/www.eloriente.net\/home\/wp-json\/wp\/v2\/tags?post=64076"}],"curies":[{"name":"wp","href":"https:\/\/api.w.org\/{rel}","templated":true}]}}