{"id":64286,"date":"2021-04-24T12:05:50","date_gmt":"2021-04-24T18:05:50","guid":{"rendered":"http:\/\/www.eloriente.net\/home\/?p=64286"},"modified":"2021-04-24T12:05:50","modified_gmt":"2021-04-24T18:05:50","slug":"lista-de-candidaturas-a-diputaciones-plurinominales-en-oaxaca","status":"publish","type":"post","link":"https:\/\/www.eloriente.net\/home\/2021\/04\/24\/lista-de-candidaturas-a-diputaciones-plurinominales-en-oaxaca\/","title":{"rendered":"Lista de candidaturas a diputaciones plurinominales en Oaxaca"},"content":{"rendered":"<p>La noche del viernes 23 de abril de 2021, el Instituto Estatal Electoral y de Participaci\u00f3n Ciudadana de Oaxaca, autoriz\u00f3 el registro de las f\u00f3rmulas a diputaciones locales por el principio de representaci\u00f3n proporcional y de mayor\u00eda relativa.<\/p>\n<blockquote class=\"twitter-tweet\" data-theme=\"dark\">\n<p dir=\"ltr\" lang=\"es\">Ahora la sesi\u00f3n del <a href=\"https:\/\/twitter.com\/IEEPCO?ref_src=twsrc%5Etfw\">@IEEPCO<\/a> para el registro de candidaturas a diputaciones en Oaxaca <a href=\"https:\/\/twitter.com\/CongresoOaxLXIV?ref_src=twsrc%5Etfw\">@CongresoOaxLXIV<\/a> <a href=\"https:\/\/t.co\/Evy1Tj4cln\">https:\/\/t.co\/Evy1Tj4cln<\/a><\/p>\n<p>\u2014 El Oriente (@El_Oriente) <a href=\"https:\/\/twitter.com\/El_Oriente\/status\/1385816847828676613?ref_src=twsrc%5Etfw\">April 24, 2021<\/a><\/p><\/blockquote>\n<p><script async src=\"https:\/\/platform.twitter.com\/widgets.js\" charset=\"utf-8\"><\/script><\/p>\n<p><script async src=\"https:\/\/pagead2.googlesyndication.com\/pagead\/js\/adsbygoogle.js\"><\/script><br \/>\n<ins class=\"adsbygoogle\" style=\"display: block; text-align: center;\" data-ad-layout=\"in-article\" data-ad-format=\"fluid\" data-ad-client=\"ca-pub-1136171134853753\" data-ad-slot=\"1904291222\"><\/ins><br \/>\n<script>\n     (adsbygoogle = window.adsbygoogle || []).push({});\n<\/script>Para el primer caso, es decir las f\u00f3rmulas para las diputaciones de representaci\u00f3n proporcional o plurinominales, quedaron de la forma en que se muestra abajo. En otra entrada, eloriente.net publica las listas de mayor\u00eda relativa.<\/p>\n<h3>PARTIDO ACCI\u00d3N NACIONAL EN OAXACA<\/h3>\n<h3><a href=\"http:\/\/www.eloriente.net\/home\/wp-content\/uploads\/2021\/04\/LISTA-PLURINOMINALES-PAN-OAXACA.png\"><img loading=\"lazy\" decoding=\"async\" class=\"alignnone size-large wp-image-64287\" src=\"http:\/\/www.eloriente.net\/home\/wp-content\/uploads\/2021\/04\/LISTA-PLURINOMINALES-PAN-OAXACA-1020x1024.png\" alt=\"\" width=\"640\" height=\"643\" srcset=\"https:\/\/www.eloriente.net\/home\/wp-content\/uploads\/2021\/04\/LISTA-PLURINOMINALES-PAN-OAXACA-1020x1024.png 1020w, https:\/\/www.eloriente.net\/home\/wp-content\/uploads\/2021\/04\/LISTA-PLURINOMINALES-PAN-OAXACA-150x150.png 150w, https:\/\/www.eloriente.net\/home\/wp-content\/uploads\/2021\/04\/LISTA-PLURINOMINALES-PAN-OAXACA-300x300.png 300w, https:\/\/www.eloriente.net\/home\/wp-content\/uploads\/2021\/04\/LISTA-PLURINOMINALES-PAN-OAXACA-768x771.png 768w, https:\/\/www.eloriente.net\/home\/wp-content\/uploads\/2021\/04\/LISTA-PLURINOMINALES-PAN-OAXACA-696x699.png 696w, https:\/\/www.eloriente.net\/home\/wp-content\/uploads\/2021\/04\/LISTA-PLURINOMINALES-PAN-OAXACA-1068x1073.png 1068w, https:\/\/www.eloriente.net\/home\/wp-content\/uploads\/2021\/04\/LISTA-PLURINOMINALES-PAN-OAXACA-418x420.png 418w, https:\/\/www.eloriente.net\/home\/wp-content\/uploads\/2021\/04\/LISTA-PLURINOMINALES-PAN-OAXACA-600x603.png 600w, https:\/\/www.eloriente.net\/home\/wp-content\/uploads\/2021\/04\/LISTA-PLURINOMINALES-PAN-OAXACA-100x100.png 100w, https:\/\/www.eloriente.net\/home\/wp-content\/uploads\/2021\/04\/LISTA-PLURINOMINALES-PAN-OAXACA.png 1402w\" sizes=\"(max-width: 640px) 100vw, 640px\" \/><\/a><br \/>\nPARTIDO REVOLUCIONARIO INSTITUCIONAL EN OAXACA<\/h3>\n<p><a href=\"http:\/\/www.eloriente.net\/home\/wp-content\/uploads\/2021\/04\/LISTA-PLURINOMINALES-OAXACA-PRI.png\"><img loading=\"lazy\" decoding=\"async\" class=\"alignnone size-large wp-image-64288\" src=\"http:\/\/www.eloriente.net\/home\/wp-content\/uploads\/2021\/04\/LISTA-PLURINOMINALES-OAXACA-PRI-791x1024.png\" alt=\"\" width=\"640\" height=\"829\" srcset=\"https:\/\/www.eloriente.net\/home\/wp-content\/uploads\/2021\/04\/LISTA-PLURINOMINALES-OAXACA-PRI-791x1024.png 791w, https:\/\/www.eloriente.net\/home\/wp-content\/uploads\/2021\/04\/LISTA-PLURINOMINALES-OAXACA-PRI-232x300.png 232w, https:\/\/www.eloriente.net\/home\/wp-content\/uploads\/2021\/04\/LISTA-PLURINOMINALES-OAXACA-PRI-768x995.png 768w, https:\/\/www.eloriente.net\/home\/wp-content\/uploads\/2021\/04\/LISTA-PLURINOMINALES-OAXACA-PRI-696x901.png 696w, https:\/\/www.eloriente.net\/home\/wp-content\/uploads\/2021\/04\/LISTA-PLURINOMINALES-OAXACA-PRI-1068x1383.png 1068w, https:\/\/www.eloriente.net\/home\/wp-content\/uploads\/2021\/04\/LISTA-PLURINOMINALES-OAXACA-PRI-324x420.png 324w, https:\/\/www.eloriente.net\/home\/wp-content\/uploads\/2021\/04\/LISTA-PLURINOMINALES-OAXACA-PRI-600x777.png 600w, https:\/\/www.eloriente.net\/home\/wp-content\/uploads\/2021\/04\/LISTA-PLURINOMINALES-OAXACA-PRI.png 1424w\" sizes=\"(max-width: 640px) 100vw, 640px\" \/><\/a><\/p>\n<p><script async src=\"https:\/\/pagead2.googlesyndication.com\/pagead\/js\/adsbygoogle.js\"><\/script><br \/>\n<ins class=\"adsbygoogle\" style=\"display: block; text-align: center;\" data-ad-layout=\"in-article\" data-ad-format=\"fluid\" data-ad-client=\"ca-pub-1136171134853753\" data-ad-slot=\"1904291222\"><\/ins><br \/>\n<script>\n     (adsbygoogle = window.adsbygoogle || []).push({});\n<\/script><\/p>\n<h4>PARTIDO DE LA REVOLUCI\u00d3N DEMOCR\u00c1TICA EN OAXACA<\/h4>\n<p><a href=\"http:\/\/www.eloriente.net\/home\/wp-content\/uploads\/2021\/04\/LISTA-PLURINOMINALES-OAXACA-PRD.png\"><img loading=\"lazy\" decoding=\"async\" class=\"alignnone size-large wp-image-64289\" src=\"http:\/\/www.eloriente.net\/home\/wp-content\/uploads\/2021\/04\/LISTA-PLURINOMINALES-OAXACA-PRD-798x1024.png\" alt=\"\" width=\"640\" height=\"821\" srcset=\"https:\/\/www.eloriente.net\/home\/wp-content\/uploads\/2021\/04\/LISTA-PLURINOMINALES-OAXACA-PRD-798x1024.png 798w, https:\/\/www.eloriente.net\/home\/wp-content\/uploads\/2021\/04\/LISTA-PLURINOMINALES-OAXACA-PRD-234x300.png 234w, https:\/\/www.eloriente.net\/home\/wp-content\/uploads\/2021\/04\/LISTA-PLURINOMINALES-OAXACA-PRD-768x985.png 768w, https:\/\/www.eloriente.net\/home\/wp-content\/uploads\/2021\/04\/LISTA-PLURINOMINALES-OAXACA-PRD-696x893.png 696w, https:\/\/www.eloriente.net\/home\/wp-content\/uploads\/2021\/04\/LISTA-PLURINOMINALES-OAXACA-PRD-1068x1370.png 1068w, https:\/\/www.eloriente.net\/home\/wp-content\/uploads\/2021\/04\/LISTA-PLURINOMINALES-OAXACA-PRD-327x420.png 327w, https:\/\/www.eloriente.net\/home\/wp-content\/uploads\/2021\/04\/LISTA-PLURINOMINALES-OAXACA-PRD-600x770.png 600w, https:\/\/www.eloriente.net\/home\/wp-content\/uploads\/2021\/04\/LISTA-PLURINOMINALES-OAXACA-PRD.png 1436w\" sizes=\"(max-width: 640px) 100vw, 640px\" \/><\/a><\/p>\n<h4>PARTIDO DEL TRABAJO EN OAXACA<\/h4>\n<p>&nbsp;<\/p>\n<p><a href=\"http:\/\/www.eloriente.net\/home\/wp-content\/uploads\/2021\/04\/LISTA-PLURINOMINALES-OAXACA-PT.png\"><img loading=\"lazy\" decoding=\"async\" class=\"alignnone size-large wp-image-64290\" src=\"http:\/\/www.eloriente.net\/home\/wp-content\/uploads\/2021\/04\/LISTA-PLURINOMINALES-OAXACA-PT-763x1024.png\" alt=\"\" width=\"640\" height=\"859\" srcset=\"https:\/\/www.eloriente.net\/home\/wp-content\/uploads\/2021\/04\/LISTA-PLURINOMINALES-OAXACA-PT-763x1024.png 763w, https:\/\/www.eloriente.net\/home\/wp-content\/uploads\/2021\/04\/LISTA-PLURINOMINALES-OAXACA-PT-224x300.png 224w, https:\/\/www.eloriente.net\/home\/wp-content\/uploads\/2021\/04\/LISTA-PLURINOMINALES-OAXACA-PT-768x1031.png 768w, https:\/\/www.eloriente.net\/home\/wp-content\/uploads\/2021\/04\/LISTA-PLURINOMINALES-OAXACA-PT-696x934.png 696w, https:\/\/www.eloriente.net\/home\/wp-content\/uploads\/2021\/04\/LISTA-PLURINOMINALES-OAXACA-PT-1068x1433.png 1068w, https:\/\/www.eloriente.net\/home\/wp-content\/uploads\/2021\/04\/LISTA-PLURINOMINALES-OAXACA-PT-313x420.png 313w, https:\/\/www.eloriente.net\/home\/wp-content\/uploads\/2021\/04\/LISTA-PLURINOMINALES-OAXACA-PT-600x805.png 600w, https:\/\/www.eloriente.net\/home\/wp-content\/uploads\/2021\/04\/LISTA-PLURINOMINALES-OAXACA-PT.png 1410w\" sizes=\"(max-width: 640px) 100vw, 640px\" \/><\/a><\/p>\n<h4><script async src=\"https:\/\/pagead2.googlesyndication.com\/pagead\/js\/adsbygoogle.js\"><\/script><br \/>\n<ins class=\"adsbygoogle\" style=\"display: block; text-align: center;\" data-ad-layout=\"in-article\" data-ad-format=\"fluid\" data-ad-client=\"ca-pub-1136171134853753\" data-ad-slot=\"1904291222\"><\/ins><br \/>\n<script>\n     (adsbygoogle = window.adsbygoogle || []).push({});\n<\/script>PARTIDO VERDE ECOLOGISTA DE M\u00c9XICO EN OAXACA<\/h4>\n<p><a href=\"http:\/\/www.eloriente.net\/home\/wp-content\/uploads\/2021\/04\/LISTA-PLURINOMINALES-OAXACA-VERDE.png\"><img loading=\"lazy\" decoding=\"async\" class=\"alignnone size-large wp-image-64291\" src=\"http:\/\/www.eloriente.net\/home\/wp-content\/uploads\/2021\/04\/LISTA-PLURINOMINALES-OAXACA-VERDE-1024x415.png\" alt=\"\" width=\"640\" height=\"259\" srcset=\"https:\/\/www.eloriente.net\/home\/wp-content\/uploads\/2021\/04\/LISTA-PLURINOMINALES-OAXACA-VERDE-1024x415.png 1024w, https:\/\/www.eloriente.net\/home\/wp-content\/uploads\/2021\/04\/LISTA-PLURINOMINALES-OAXACA-VERDE-300x121.png 300w, https:\/\/www.eloriente.net\/home\/wp-content\/uploads\/2021\/04\/LISTA-PLURINOMINALES-OAXACA-VERDE-768x311.png 768w, https:\/\/www.eloriente.net\/home\/wp-content\/uploads\/2021\/04\/LISTA-PLURINOMINALES-OAXACA-VERDE-696x282.png 696w, https:\/\/www.eloriente.net\/home\/wp-content\/uploads\/2021\/04\/LISTA-PLURINOMINALES-OAXACA-VERDE-1068x432.png 1068w, https:\/\/www.eloriente.net\/home\/wp-content\/uploads\/2021\/04\/LISTA-PLURINOMINALES-OAXACA-VERDE-1037x420.png 1037w, https:\/\/www.eloriente.net\/home\/wp-content\/uploads\/2021\/04\/LISTA-PLURINOMINALES-OAXACA-VERDE-600x243.png 600w, https:\/\/www.eloriente.net\/home\/wp-content\/uploads\/2021\/04\/LISTA-PLURINOMINALES-OAXACA-VERDE.png 1378w\" sizes=\"(max-width: 640px) 100vw, 640px\" \/><\/a><\/p>\n<h4>MOVIMIENTO CIUDADANO EN OAXACA<\/h4>\n<p><a href=\"http:\/\/www.eloriente.net\/home\/wp-content\/uploads\/2021\/04\/LISTA-PLURINOMINALES-OAXACA-MC.png\"><img loading=\"lazy\" decoding=\"async\" class=\"alignnone size-large wp-image-64292\" src=\"http:\/\/www.eloriente.net\/home\/wp-content\/uploads\/2021\/04\/LISTA-PLURINOMINALES-OAXACA-MC-1024x591.png\" alt=\"\" width=\"640\" height=\"369\" srcset=\"https:\/\/www.eloriente.net\/home\/wp-content\/uploads\/2021\/04\/LISTA-PLURINOMINALES-OAXACA-MC-1024x591.png 1024w, https:\/\/www.eloriente.net\/home\/wp-content\/uploads\/2021\/04\/LISTA-PLURINOMINALES-OAXACA-MC-300x173.png 300w, https:\/\/www.eloriente.net\/home\/wp-content\/uploads\/2021\/04\/LISTA-PLURINOMINALES-OAXACA-MC-768x443.png 768w, https:\/\/www.eloriente.net\/home\/wp-content\/uploads\/2021\/04\/LISTA-PLURINOMINALES-OAXACA-MC-696x402.png 696w, https:\/\/www.eloriente.net\/home\/wp-content\/uploads\/2021\/04\/LISTA-PLURINOMINALES-OAXACA-MC-1068x616.png 1068w, https:\/\/www.eloriente.net\/home\/wp-content\/uploads\/2021\/04\/LISTA-PLURINOMINALES-OAXACA-MC-728x420.png 728w, https:\/\/www.eloriente.net\/home\/wp-content\/uploads\/2021\/04\/LISTA-PLURINOMINALES-OAXACA-MC-600x346.png 600w, https:\/\/www.eloriente.net\/home\/wp-content\/uploads\/2021\/04\/LISTA-PLURINOMINALES-OAXACA-MC.png 1386w\" sizes=\"(max-width: 640px) 100vw, 640px\" \/><\/a><\/p>\n<h4>PARTIDO ENCUENTRO SOLIDARIO EN OAXACA<\/h4>\n<p><a href=\"http:\/\/www.eloriente.net\/home\/wp-content\/uploads\/2021\/04\/LISTA-PLURINOMINALES-OAXACA-PES.png\"><img loading=\"lazy\" decoding=\"async\" class=\"alignnone size-large wp-image-64293\" src=\"http:\/\/www.eloriente.net\/home\/wp-content\/uploads\/2021\/04\/LISTA-PLURINOMINALES-OAXACA-PES-1011x1024.png\" alt=\"\" width=\"640\" height=\"648\" srcset=\"https:\/\/www.eloriente.net\/home\/wp-content\/uploads\/2021\/04\/LISTA-PLURINOMINALES-OAXACA-PES-1011x1024.png 1011w, https:\/\/www.eloriente.net\/home\/wp-content\/uploads\/2021\/04\/LISTA-PLURINOMINALES-OAXACA-PES-296x300.png 296w, https:\/\/www.eloriente.net\/home\/wp-content\/uploads\/2021\/04\/LISTA-PLURINOMINALES-OAXACA-PES-768x778.png 768w, https:\/\/www.eloriente.net\/home\/wp-content\/uploads\/2021\/04\/LISTA-PLURINOMINALES-OAXACA-PES-696x705.png 696w, https:\/\/www.eloriente.net\/home\/wp-content\/uploads\/2021\/04\/LISTA-PLURINOMINALES-OAXACA-PES-1068x1082.png 1068w, https:\/\/www.eloriente.net\/home\/wp-content\/uploads\/2021\/04\/LISTA-PLURINOMINALES-OAXACA-PES-415x420.png 415w, https:\/\/www.eloriente.net\/home\/wp-content\/uploads\/2021\/04\/LISTA-PLURINOMINALES-OAXACA-PES-600x608.png 600w, https:\/\/www.eloriente.net\/home\/wp-content\/uploads\/2021\/04\/LISTA-PLURINOMINALES-OAXACA-PES-100x100.png 100w, https:\/\/www.eloriente.net\/home\/wp-content\/uploads\/2021\/04\/LISTA-PLURINOMINALES-OAXACA-PES.png 1392w\" sizes=\"(max-width: 640px) 100vw, 640px\" \/><\/a><\/p>\n<h4><script async src=\"https:\/\/pagead2.googlesyndication.com\/pagead\/js\/adsbygoogle.js\"><\/script><br \/>\n<ins class=\"adsbygoogle\" style=\"display: block; text-align: center;\" data-ad-layout=\"in-article\" data-ad-format=\"fluid\" data-ad-client=\"ca-pub-1136171134853753\" data-ad-slot=\"1904291222\"><\/ins><br \/>\n<script>\n     (adsbygoogle = window.adsbygoogle || []).push({});\n<\/script>PARTIDO FUERZA SOCIAL POR M\u00c9XICO EN OAXACA<\/h4>\n<p><a href=\"http:\/\/www.eloriente.net\/home\/wp-content\/uploads\/2021\/04\/LISTA-PLURINOMINALES-OAXACA-FUERZAXOAXACA.png\"><img loading=\"lazy\" decoding=\"async\" class=\"alignnone size-large wp-image-64294\" src=\"http:\/\/www.eloriente.net\/home\/wp-content\/uploads\/2021\/04\/LISTA-PLURINOMINALES-OAXACA-FUERZAXOAXACA-702x1024.png\" alt=\"\" width=\"640\" height=\"934\" srcset=\"https:\/\/www.eloriente.net\/home\/wp-content\/uploads\/2021\/04\/LISTA-PLURINOMINALES-OAXACA-FUERZAXOAXACA-702x1024.png 702w, https:\/\/www.eloriente.net\/home\/wp-content\/uploads\/2021\/04\/LISTA-PLURINOMINALES-OAXACA-FUERZAXOAXACA-206x300.png 206w, https:\/\/www.eloriente.net\/home\/wp-content\/uploads\/2021\/04\/LISTA-PLURINOMINALES-OAXACA-FUERZAXOAXACA-768x1120.png 768w, https:\/\/www.eloriente.net\/home\/wp-content\/uploads\/2021\/04\/LISTA-PLURINOMINALES-OAXACA-FUERZAXOAXACA-696x1015.png 696w, https:\/\/www.eloriente.net\/home\/wp-content\/uploads\/2021\/04\/LISTA-PLURINOMINALES-OAXACA-FUERZAXOAXACA-1068x1558.png 1068w, https:\/\/www.eloriente.net\/home\/wp-content\/uploads\/2021\/04\/LISTA-PLURINOMINALES-OAXACA-FUERZAXOAXACA-288x420.png 288w, https:\/\/www.eloriente.net\/home\/wp-content\/uploads\/2021\/04\/LISTA-PLURINOMINALES-OAXACA-FUERZAXOAXACA-600x875.png 600w, https:\/\/www.eloriente.net\/home\/wp-content\/uploads\/2021\/04\/LISTA-PLURINOMINALES-OAXACA-FUERZAXOAXACA.png 1412w\" sizes=\"(max-width: 640px) 100vw, 640px\" \/><\/a><\/p>\n<h4>M\u00c1S CONTENIDO EN EL CANAL DE YOUTUBE DE ELORIENTE.NET<\/h4>\n<p><iframe loading=\"lazy\" title=\"YouTube video player\" src=\"https:\/\/www.youtube.com\/embed\/6byVOBSqnkM\" width=\"560\" height=\"315\" frameborder=\"0\" allowfullscreen=\"allowfullscreen\"><\/iframe><\/p>\n<p><script async src=\"https:\/\/pagead2.googlesyndication.com\/pagead\/js\/adsbygoogle.js\"><\/script><br \/>\n<ins class=\"adsbygoogle\" style=\"display: block;\" data-ad-format=\"autorelaxed\" data-ad-client=\"ca-pub-1136171134853753\" data-ad-slot=\"4595267748\"><\/ins><br \/>\n<script>\n     (adsbygoogle = window.adsbygoogle || []).push({});\n<\/script><\/p>\n\n\t\t\t  <div \n\t\t\t  \tclass = \"fb-comments\" \n\t\t\t  \tdata-href = \"https:\/\/www.eloriente.net\/home\/2021\/04\/24\/lista-de-candidaturas-a-diputaciones-plurinominales-en-oaxaca\/\"\n\t\t\t  \tdata-numposts = \"10\"\n\t\t\t\tdata-colorscheme = \"dark\"\n\t\t\t\tdata-order-by = \"social\"\n\t\t\t\tdata-mobile=true>\n\t\t\t  <\/div>\n\t\t  <style>\n\t\t\t.fb_iframe_widget_fluid_desktop iframe {\n\t\t\t    width: 100% !important;\n\t\t\t}\n\t\t  <\/style>\n\t\t  ","protected":false},"excerpt":{"rendered":"<p>La noche del viernes 23 de abril de 2021, el Instituto Estatal Electoral y de Participaci\u00f3n Ciudadana de Oaxaca, autoriz\u00f3 el registro de las f\u00f3rmulas a diputaciones locales por el principio de representaci\u00f3n proporcional y de mayor\u00eda relativa. Ahora la sesi\u00f3n del @IEEPCO para el registro de candidaturas a diputaciones en Oaxaca @CongresoOaxLXIV https:\/\/t.co\/Evy1Tj4cln \u2014 [&hellip;]<\/p>\n","protected":false},"author":1,"featured_media":64291,"comment_status":"open","ping_status":"open","sticky":false,"template":"","format":"standard","meta":{"_jetpack_memberships_contains_paid_content":false,"footnotes":""},"categories":[29,22,32,63,10504,10,23,464],"tags":[369,12116,141,73],"class_list":["post-64286","post","type-post","status-publish","format-standard","has-post-thumbnail","hentry","category-capital","category-derechos-humanos","category-entradas","category-estados","category-las-ultimas-12","category-lo-mas-reciente","category-municipios","category-oaxaca-estados","tag-elecciones-2","tag-lista-de-candidaturas","tag-mexico","tag-oaxaca"],"jetpack_featured_media_url":"https:\/\/www.eloriente.net\/home\/wp-content\/uploads\/2021\/04\/LISTA-PLURINOMINALES-OAXACA-VERDE.png","jetpack_sharing_enabled":true,"_links":{"self":[{"href":"https:\/\/www.eloriente.net\/home\/wp-json\/wp\/v2\/posts\/64286"}],"collection":[{"href":"https:\/\/www.eloriente.net\/home\/wp-json\/wp\/v2\/posts"}],"about":[{"href":"https:\/\/www.eloriente.net\/home\/wp-json\/wp\/v2\/types\/post"}],"author":[{"embeddable":true,"href":"https:\/\/www.eloriente.net\/home\/wp-json\/wp\/v2\/users\/1"}],"replies":[{"embeddable":true,"href":"https:\/\/www.eloriente.net\/home\/wp-json\/wp\/v2\/comments?post=64286"}],"version-history":[{"count":1,"href":"https:\/\/www.eloriente.net\/home\/wp-json\/wp\/v2\/posts\/64286\/revisions"}],"predecessor-version":[{"id":64295,"href":"https:\/\/www.eloriente.net\/home\/wp-json\/wp\/v2\/posts\/64286\/revisions\/64295"}],"wp:featuredmedia":[{"embeddable":true,"href":"https:\/\/www.eloriente.net\/home\/wp-json\/wp\/v2\/media\/64291"}],"wp:attachment":[{"href":"https:\/\/www.eloriente.net\/home\/wp-json\/wp\/v2\/media?parent=64286"}],"wp:term":[{"taxonomy":"category","embeddable":true,"href":"https:\/\/www.eloriente.net\/home\/wp-json\/wp\/v2\/categories?post=64286"},{"taxonomy":"post_tag","embeddable":true,"href":"https:\/\/www.eloriente.net\/home\/wp-json\/wp\/v2\/tags?post=64286"}],"curies":[{"name":"wp","href":"https:\/\/api.w.org\/{rel}","templated":true}]}}