{"id":64389,"date":"2021-05-10T11:21:17","date_gmt":"2021-05-10T17:21:17","guid":{"rendered":"http:\/\/www.eloriente.net\/home\/?p=64389"},"modified":"2021-05-10T11:21:17","modified_gmt":"2021-05-10T17:21:17","slug":"tina-modotti-en-milan","status":"publish","type":"post","link":"https:\/\/www.eloriente.net\/home\/2021\/05\/10\/tina-modotti-en-milan\/","title":{"rendered":"Tina Modotti en Mil\u00e1n"},"content":{"rendered":"<p><script async src=\"https:\/\/pagead2.googlesyndication.com\/pagead\/js\/adsbygoogle.js\"><\/script><br \/>\n<!-- BANNER ELORIENTE INCRUSTADO NOTAS --><br \/>\n<ins class=\"adsbygoogle\" style=\"display: inline-block; width: 300px; height: 250px;\" data-ad-client=\"ca-pub-1136171134853753\" data-ad-slot=\"7974633627\"><\/ins><br \/>\n<script>\n     (adsbygoogle = window.adsbygoogle || []).push({});\n<\/script><br \/>\nTina Modotti, fot\u00f3grafa, activista y actriz italiana, ha dejado una huella imborrable en la historia de la fotograf\u00eda contempor\u00e1nea.<\/p>\n<p>Sus famosos planos, que componen las colecciones de los museos m\u00e1s importantes del mundo, son el s\u00edmbolo de una mujer emancipada y moderna, cuyo arte fotogr\u00e1fico est\u00e1 indisolublemente ligado a su compromiso social.<\/p>\n<p>Muy pobre y obligada a emigrar, Tina podr\u00eda haber seguido una carrera como actriz y explotado su rara belleza para obtener f\u00e1cilmente comodidades financieras, pero su elecci\u00f3n de libertad la llev\u00f3 a estudiar y profundizar sus habilidades art\u00edsticas innatas.<\/p>\n<p>Tina expres\u00f3 su idea de libertad a trav\u00e9s de la fotograf\u00eda y el compromiso civil, especialmente en M\u00e9xico, pa\u00eds que la hab\u00eda acogido y del cual se convirti\u00f3 en un \u00edcono, pero que pronto traspas\u00f3 las fronteras de las Am\u00e9ricas, para ser reconocida en la escena art\u00edstica mundial. .<\/p>\n<p>Durante su corta vida, junto a su compa\u00f1ero Vittorio Vidali, trabaj\u00f3 en primera l\u00ednea por una humanidad m\u00e1s libre y m\u00e1s justa, para brindar alivio a las v\u00edctimas civiles de conflictos como la Guerra de Espa\u00f1a.<\/p>\n<p><iframe loading=\"lazy\" title=\"YouTube video player\" src=\"https:\/\/www.youtube.com\/embed\/kUIeIVB9lxI\" width=\"560\" height=\"315\" frameborder=\"0\" allowfullscreen=\"allowfullscreen\"><\/iframe><\/p>\n<p><script async src=\"https:\/\/pagead2.googlesyndication.com\/pagead\/js\/adsbygoogle.js\"><\/script><br \/>\n<ins class=\"adsbygoogle\" style=\"display: block; text-align: center;\" data-ad-layout=\"in-article\" data-ad-format=\"fluid\" data-ad-client=\"ca-pub-1136171134853753\" data-ad-slot=\"4724569608\"><\/ins><br \/>\n<script>\n     (adsbygoogle = window.adsbygoogle || []).push({});\n<\/script><\/p>\n<p>Nunca podr\u00e1 regresar a su amada tierra por sus actividades antifascistas y una muerte prematura a los 46 a\u00f1os, a la que artistas como Picasso, Rafael Alberti y Pablo Neruda, que le dedic\u00f3 un famoso poema, rindieron homenaje.<\/p>\n<h3>Exposici\u00f3n en Mil\u00e1n<\/h3>\n<p>Como parte de la programaci\u00f3n 2020 de la Municipalidad de Mil\u00e1n \u00abLos talentos de las mujeres\u00bb, la exposici\u00f3n ofrece un centenar de fotograf\u00edas, grabados originales en sales de plata de los a\u00f1os setenta, cartas, documentos y videos que acercar\u00e1n al p\u00fablico a este esp\u00edritu libre que ella atraves\u00f3 la miseria y la fama, el arte y la pasi\u00f3n pol\u00edtica, detenciones y persecuciones, pero que despertaron admiraci\u00f3n por el respeto pleno y constante por ella misma, su pensamiento y su libertad.<\/p>\n<p>Para ver el <a href=\"https:\/\/www.mudec.it\/ita\/wp-content\/uploads\/sites\/2\/2021\/04\/TINA_MODOTTI_Cartella_Stampa.pdf\" target=\"_blank\" rel=\"noopener\"><strong>folleto de la exposici\u00f3n da click aqu\u00ed.<\/strong><\/a><\/p>\n<h4>M\u00c1S VIDEOS EN ELORIENTE.NET V\u00cdA YOUTUBE:<\/h4>\n<p><iframe loading=\"lazy\" title=\"YouTube video player\" src=\"https:\/\/www.youtube.com\/embed\/HafTrZC3RTs\" width=\"560\" height=\"315\" frameborder=\"0\" allowfullscreen=\"allowfullscreen\"><\/iframe><\/p>\n<p><script async src=\"https:\/\/pagead2.googlesyndication.com\/pagead\/js\/adsbygoogle.js\"><\/script><br \/>\n<ins class=\"adsbygoogle\" style=\"display: block;\" data-ad-format=\"autorelaxed\" data-ad-client=\"ca-pub-1136171134853753\" data-ad-slot=\"4595267748\"><\/ins><br \/>\n<script>\n     (adsbygoogle = window.adsbygoogle || []).push({});\n<\/script><\/p>\n\n\t\t\t  <div \n\t\t\t  \tclass = \"fb-comments\" \n\t\t\t  \tdata-href = \"https:\/\/www.eloriente.net\/home\/2021\/05\/10\/tina-modotti-en-milan\/\"\n\t\t\t  \tdata-numposts = \"10\"\n\t\t\t\tdata-colorscheme = \"dark\"\n\t\t\t\tdata-order-by = \"social\"\n\t\t\t\tdata-mobile=true>\n\t\t\t  <\/div>\n\t\t  <style>\n\t\t\t.fb_iframe_widget_fluid_desktop iframe {\n\t\t\t    width: 100% !important;\n\t\t\t}\n\t\t  <\/style>\n\t\t  ","protected":false},"excerpt":{"rendered":"<p>Tina Modotti, fot\u00f3grafa, activista y actriz italiana, ha dejado una huella imborrable en la historia de la fotograf\u00eda contempor\u00e1nea. Sus famosos planos, que componen las colecciones de los museos m\u00e1s importantes del mundo, son el s\u00edmbolo de una mujer emancipada y moderna, cuyo arte fotogr\u00e1fico est\u00e1 indisolublemente ligado a su compromiso social. Muy pobre y [&hellip;]<\/p>\n","protected":false},"author":1,"featured_media":64390,"comment_status":"open","ping_status":"open","sticky":false,"template":"","format":"standard","meta":{"_jetpack_memberships_contains_paid_content":false,"footnotes":""},"categories":[8,49,18,32,10504,10,24,11094],"tags":[],"class_list":["post-64389","post","type-post","status-publish","format-standard","has-post-thumbnail","hentry","category-agenda","category-destacadas","category-educacion-y-cultura","category-entradas","category-las-ultimas-12","category-lo-mas-reciente","category-mexico-y-el-mundo","category-mujeres"],"jetpack_featured_media_url":"https:\/\/www.eloriente.net\/home\/wp-content\/uploads\/2021\/05\/Captura-de-pantalla-2021-05-10-a-las-12.16.27.png","jetpack_sharing_enabled":true,"_links":{"self":[{"href":"https:\/\/www.eloriente.net\/home\/wp-json\/wp\/v2\/posts\/64389"}],"collection":[{"href":"https:\/\/www.eloriente.net\/home\/wp-json\/wp\/v2\/posts"}],"about":[{"href":"https:\/\/www.eloriente.net\/home\/wp-json\/wp\/v2\/types\/post"}],"author":[{"embeddable":true,"href":"https:\/\/www.eloriente.net\/home\/wp-json\/wp\/v2\/users\/1"}],"replies":[{"embeddable":true,"href":"https:\/\/www.eloriente.net\/home\/wp-json\/wp\/v2\/comments?post=64389"}],"version-history":[{"count":1,"href":"https:\/\/www.eloriente.net\/home\/wp-json\/wp\/v2\/posts\/64389\/revisions"}],"predecessor-version":[{"id":64391,"href":"https:\/\/www.eloriente.net\/home\/wp-json\/wp\/v2\/posts\/64389\/revisions\/64391"}],"wp:featuredmedia":[{"embeddable":true,"href":"https:\/\/www.eloriente.net\/home\/wp-json\/wp\/v2\/media\/64390"}],"wp:attachment":[{"href":"https:\/\/www.eloriente.net\/home\/wp-json\/wp\/v2\/media?parent=64389"}],"wp:term":[{"taxonomy":"category","embeddable":true,"href":"https:\/\/www.eloriente.net\/home\/wp-json\/wp\/v2\/categories?post=64389"},{"taxonomy":"post_tag","embeddable":true,"href":"https:\/\/www.eloriente.net\/home\/wp-json\/wp\/v2\/tags?post=64389"}],"curies":[{"name":"wp","href":"https:\/\/api.w.org\/{rel}","templated":true}]}}