{"id":64615,"date":"2021-06-05T13:07:48","date_gmt":"2021-06-05T19:07:48","guid":{"rendered":"http:\/\/www.eloriente.net\/home\/?p=64615"},"modified":"2022-06-05T06:56:25","modified_gmt":"2022-06-05T12:56:25","slug":"donde-estan-las-casillas-especiales-en-oaxaca-de-juarez","status":"publish","type":"post","link":"https:\/\/www.eloriente.net\/home\/2021\/06\/05\/donde-estan-las-casillas-especiales-en-oaxaca-de-juarez\/","title":{"rendered":"\u00bfD\u00f3nde est\u00e1n las casillas especiales en Oaxaca de Ju\u00e1rez?"},"content":{"rendered":"<p><center><script async src=\"https:\/\/pagead2.googlesyndication.com\/pagead\/js\/adsbygoogle.js\"><\/script><br \/>\n<!-- BANNER ELORIENTE INCRUSTADO NOTAS --><br \/>\n<ins class=\"adsbygoogle\" style=\"display: inline-block; width: 300px; height: 250px;\" data-ad-client=\"ca-pub-1136171134853753\" data-ad-slot=\"7974633627\"><\/ins><br \/>\n<script>\n     (adsbygoogle = window.adsbygoogle || []).push({});\n<\/script><center><strong>\u00a0<\/strong><\/center><\/center><strong>Actualizaci\u00f3n para elecciones 2022:<\/strong><\/p>\n<p>Como sabes, este 5 de junio de 2022 se elige gobernador o gobernadora de Oaxaca, si deseas ubicar las casillas especiales para 2022, <strong><a href=\"https:\/\/ieepco.org.mx\/archivos\/documentos\/2022\/CasillasEspecialesPEO20212022.pdf\" target=\"_blank\" rel=\"noopener\">debes DAR CLICK AQU\u00cd.<\/a><\/strong><\/p>\n<p>Y para consultar las casillas ordinarias,<a href=\"http:\/\/www.eloriente.net\/home\/2022\/06\/05\/ubica-tu-casilla-en-oaxaca\/\" target=\"_blank\" rel=\"noopener\"> checa esta nota: click.<\/a><\/p>\n<p><script async src=\"https:\/\/pagead2.googlesyndication.com\/pagead\/js\/adsbygoogle.js\"><\/script><br \/>\n<ins class=\"adsbygoogle\" style=\"display: block; text-align: center;\" data-ad-layout=\"in-article\" data-ad-format=\"fluid\" data-ad-client=\"ca-pub-1136171134853753\" data-ad-slot=\"1904291222\"><\/ins><br \/>\n<script>\n     (adsbygoogle = window.adsbygoogle || []).push({});\n<\/script><\/p>\n<h3>Elecciones 2021<\/h3>\n<p>En el caso de que te encuentres en Oaxaca de Ju\u00e1rez y no en la casilla y secci\u00f3n que te corresponde, aqu\u00ed te compartimos la ubicaci\u00f3n y el croquis de las 4 casillas especiales que se instalar\u00e1n en la capital del estado.<\/p>\n<h3>Casilla Especial Auditorio Sindicato IMSS<\/h3>\n<p>D\u00edaz Quintas, N\u00famero 412, D\u00edaz Ordaz, C\u00f3digo Postal 68040, Oaxaca De Ju\u00e1rez, Oaxaca, Auditorio Del Sindicato Del Imss, Entre Calle Lucrecia Toriz y Geranios<\/p>\n<figure id=\"attachment_64617\" aria-describedby=\"caption-attachment-64617\" style=\"width: 640px\" class=\"wp-caption alignnone\"><a href=\"http:\/\/www.eloriente.net\/home\/wp-content\/uploads\/2021\/06\/Captura-de-pantalla-2021-06-05-a-las-13.54.39.png\"><img loading=\"lazy\" decoding=\"async\" class=\"size-large wp-image-64617\" src=\"http:\/\/www.eloriente.net\/home\/wp-content\/uploads\/2021\/06\/Captura-de-pantalla-2021-06-05-a-las-13.54.39-993x1024.png\" alt=\"\" width=\"640\" height=\"660\" srcset=\"https:\/\/www.eloriente.net\/home\/wp-content\/uploads\/2021\/06\/Captura-de-pantalla-2021-06-05-a-las-13.54.39-993x1024.png 993w, https:\/\/www.eloriente.net\/home\/wp-content\/uploads\/2021\/06\/Captura-de-pantalla-2021-06-05-a-las-13.54.39-291x300.png 291w, https:\/\/www.eloriente.net\/home\/wp-content\/uploads\/2021\/06\/Captura-de-pantalla-2021-06-05-a-las-13.54.39-768x792.png 768w, https:\/\/www.eloriente.net\/home\/wp-content\/uploads\/2021\/06\/Captura-de-pantalla-2021-06-05-a-las-13.54.39-696x718.png 696w, https:\/\/www.eloriente.net\/home\/wp-content\/uploads\/2021\/06\/Captura-de-pantalla-2021-06-05-a-las-13.54.39-1068x1102.png 1068w, https:\/\/www.eloriente.net\/home\/wp-content\/uploads\/2021\/06\/Captura-de-pantalla-2021-06-05-a-las-13.54.39-407x420.png 407w, https:\/\/www.eloriente.net\/home\/wp-content\/uploads\/2021\/06\/Captura-de-pantalla-2021-06-05-a-las-13.54.39-600x619.png 600w, https:\/\/www.eloriente.net\/home\/wp-content\/uploads\/2021\/06\/Captura-de-pantalla-2021-06-05-a-las-13.54.39.png 1894w\" sizes=\"(max-width: 640px) 100vw, 640px\" \/><\/a><figcaption id=\"caption-attachment-64617\" class=\"wp-caption-text\">Croquis Casilla Especial Oaxaca IMSS<\/figcaption><\/figure>\n<h3><script async src=\"https:\/\/pagead2.googlesyndication.com\/pagead\/js\/adsbygoogle.js\"><\/script><br \/>\n<ins class=\"adsbygoogle\" style=\"display: block; text-align: center;\" data-ad-layout=\"in-article\" data-ad-format=\"fluid\" data-ad-client=\"ca-pub-1136171134853753\" data-ad-slot=\"4724569608\"><\/ins><br \/>\n<script>\n     (adsbygoogle = window.adsbygoogle || []).push({});\n<\/script><\/h3>\n<h3>Casilla Especial IESO<\/h3>\n<p>Montes De Oca, N\u00famero 200, Centro, C\u00f3digo Postal 68000, Oaxaca De Ju\u00e1rez, Oaxaca, Ieso, Entre Avenida Ferrocarril y Calzada Madero<\/p>\n<figure id=\"attachment_64616\" aria-describedby=\"caption-attachment-64616\" style=\"width: 640px\" class=\"wp-caption alignnone\"><a href=\"http:\/\/www.eloriente.net\/home\/wp-content\/uploads\/2021\/06\/Captura-de-pantalla-2021-06-05-a-las-13.55.07.png\"><img loading=\"lazy\" decoding=\"async\" class=\"size-large wp-image-64616\" src=\"http:\/\/www.eloriente.net\/home\/wp-content\/uploads\/2021\/06\/Captura-de-pantalla-2021-06-05-a-las-13.55.07-1000x1024.png\" alt=\"\" width=\"640\" height=\"655\" srcset=\"https:\/\/www.eloriente.net\/home\/wp-content\/uploads\/2021\/06\/Captura-de-pantalla-2021-06-05-a-las-13.55.07-1000x1024.png 1000w, https:\/\/www.eloriente.net\/home\/wp-content\/uploads\/2021\/06\/Captura-de-pantalla-2021-06-05-a-las-13.55.07-293x300.png 293w, https:\/\/www.eloriente.net\/home\/wp-content\/uploads\/2021\/06\/Captura-de-pantalla-2021-06-05-a-las-13.55.07-768x786.png 768w, https:\/\/www.eloriente.net\/home\/wp-content\/uploads\/2021\/06\/Captura-de-pantalla-2021-06-05-a-las-13.55.07-356x364.png 356w, https:\/\/www.eloriente.net\/home\/wp-content\/uploads\/2021\/06\/Captura-de-pantalla-2021-06-05-a-las-13.55.07-696x713.png 696w, https:\/\/www.eloriente.net\/home\/wp-content\/uploads\/2021\/06\/Captura-de-pantalla-2021-06-05-a-las-13.55.07-1068x1093.png 1068w, https:\/\/www.eloriente.net\/home\/wp-content\/uploads\/2021\/06\/Captura-de-pantalla-2021-06-05-a-las-13.55.07-410x420.png 410w, https:\/\/www.eloriente.net\/home\/wp-content\/uploads\/2021\/06\/Captura-de-pantalla-2021-06-05-a-las-13.55.07-600x614.png 600w, https:\/\/www.eloriente.net\/home\/wp-content\/uploads\/2021\/06\/Captura-de-pantalla-2021-06-05-a-las-13.55.07.png 1928w\" sizes=\"(max-width: 640px) 100vw, 640px\" \/><\/a><figcaption id=\"caption-attachment-64616\" class=\"wp-caption-text\">Croquis Casilla Especial 2021 Oaxaca<\/figcaption><\/figure>\n<h3>Casilla Especial Estacionamiento Defensor\u00eda de los Derechos Humanos<\/h3>\n<p>Derechos Humanos, N\u00famero 210, Am\u00e9rica Sur, C\u00f3digo Postal 68050, Oaxaca De Ju\u00e1rez, Oaxaca, Estacionamiento De La Defensor\u00eda De Los Derechos Humanos Del Pueblo De Oaxaca, Entre Segunda Privada De Brasil y Calzada Ni\u00f1os H\u00e9roes De Chapultepec<\/p>\n<p><a href=\"http:\/\/www.eloriente.net\/home\/wp-content\/uploads\/2021\/06\/Captura-de-pantalla-2021-06-05-a-las-13.55.24.png\"><img loading=\"lazy\" decoding=\"async\" class=\"alignnone size-large wp-image-64619\" src=\"http:\/\/www.eloriente.net\/home\/wp-content\/uploads\/2021\/06\/Captura-de-pantalla-2021-06-05-a-las-13.55.24-1004x1024.png\" alt=\"\" width=\"640\" height=\"653\" srcset=\"https:\/\/www.eloriente.net\/home\/wp-content\/uploads\/2021\/06\/Captura-de-pantalla-2021-06-05-a-las-13.55.24-1004x1024.png 1004w, https:\/\/www.eloriente.net\/home\/wp-content\/uploads\/2021\/06\/Captura-de-pantalla-2021-06-05-a-las-13.55.24-294x300.png 294w, https:\/\/www.eloriente.net\/home\/wp-content\/uploads\/2021\/06\/Captura-de-pantalla-2021-06-05-a-las-13.55.24-768x783.png 768w, https:\/\/www.eloriente.net\/home\/wp-content\/uploads\/2021\/06\/Captura-de-pantalla-2021-06-05-a-las-13.55.24-356x364.png 356w, https:\/\/www.eloriente.net\/home\/wp-content\/uploads\/2021\/06\/Captura-de-pantalla-2021-06-05-a-las-13.55.24-696x710.png 696w, https:\/\/www.eloriente.net\/home\/wp-content\/uploads\/2021\/06\/Captura-de-pantalla-2021-06-05-a-las-13.55.24-1068x1089.png 1068w, https:\/\/www.eloriente.net\/home\/wp-content\/uploads\/2021\/06\/Captura-de-pantalla-2021-06-05-a-las-13.55.24-412x420.png 412w, https:\/\/www.eloriente.net\/home\/wp-content\/uploads\/2021\/06\/Captura-de-pantalla-2021-06-05-a-las-13.55.24-600x612.png 600w, https:\/\/www.eloriente.net\/home\/wp-content\/uploads\/2021\/06\/Captura-de-pantalla-2021-06-05-a-las-13.55.24.png 1920w\" sizes=\"(max-width: 640px) 100vw, 640px\" \/><\/a><\/p>\n<h3><script async src=\"https:\/\/pagead2.googlesyndication.com\/pagead\/js\/adsbygoogle.js\"><\/script><br \/>\n<ins class=\"adsbygoogle\" style=\"display: block; text-align: center;\" data-ad-layout=\"in-article\" data-ad-format=\"fluid\" data-ad-client=\"ca-pub-1136171134853753\" data-ad-slot=\"4724569608\"><\/ins><br \/>\n<script>\n     (adsbygoogle = window.adsbygoogle || []).push({});\n<\/script><\/h3>\n<h3>Casilla Especial Administraci\u00f3n de la Central de Abastos<\/h3>\n<p>Prolongaci\u00f3n De Mercaderes, Sin N\u00famero, Centro, C\u00f3digo Postal 68000, Oaxaca De Ju\u00e1rez, Oaxaca, Oficina De La Administraci\u00f3n Del Mercado De Abasto, Entre Prolongaci\u00f3n De Las Casas y Calle Cosijop\u00ed<\/p>\n<p><a href=\"http:\/\/www.eloriente.net\/home\/wp-content\/uploads\/2021\/06\/Captura-de-pantalla-2021-06-05-a-las-13.55.48.png\"><img loading=\"lazy\" decoding=\"async\" class=\"alignnone size-large wp-image-64618\" src=\"http:\/\/www.eloriente.net\/home\/wp-content\/uploads\/2021\/06\/Captura-de-pantalla-2021-06-05-a-las-13.55.48-1000x1024.png\" alt=\"\" width=\"640\" height=\"655\" srcset=\"https:\/\/www.eloriente.net\/home\/wp-content\/uploads\/2021\/06\/Captura-de-pantalla-2021-06-05-a-las-13.55.48-1000x1024.png 1000w, https:\/\/www.eloriente.net\/home\/wp-content\/uploads\/2021\/06\/Captura-de-pantalla-2021-06-05-a-las-13.55.48-293x300.png 293w, https:\/\/www.eloriente.net\/home\/wp-content\/uploads\/2021\/06\/Captura-de-pantalla-2021-06-05-a-las-13.55.48-768x786.png 768w, https:\/\/www.eloriente.net\/home\/wp-content\/uploads\/2021\/06\/Captura-de-pantalla-2021-06-05-a-las-13.55.48-356x364.png 356w, https:\/\/www.eloriente.net\/home\/wp-content\/uploads\/2021\/06\/Captura-de-pantalla-2021-06-05-a-las-13.55.48-696x713.png 696w, https:\/\/www.eloriente.net\/home\/wp-content\/uploads\/2021\/06\/Captura-de-pantalla-2021-06-05-a-las-13.55.48-1068x1094.png 1068w, https:\/\/www.eloriente.net\/home\/wp-content\/uploads\/2021\/06\/Captura-de-pantalla-2021-06-05-a-las-13.55.48-410x420.png 410w, https:\/\/www.eloriente.net\/home\/wp-content\/uploads\/2021\/06\/Captura-de-pantalla-2021-06-05-a-las-13.55.48-600x614.png 600w, https:\/\/www.eloriente.net\/home\/wp-content\/uploads\/2021\/06\/Captura-de-pantalla-2021-06-05-a-las-13.55.48.png 1924w\" sizes=\"(max-width: 640px) 100vw, 640px\" \/><\/a><\/p>\n<h3>Ubica tu casilla<\/h3>\n<p>Para mayores datos de casillas, sugerimos visitar la herramienta del INE para ubicar tu casilla <a href=\"https:\/\/ubicatucasilla.ine.mx\/\" target=\"_blank\" rel=\"noopener\">dando click aqu\u00ed.<\/a><\/p>\n<h3>Sigue los resultados preliminares<\/h3>\n<p>En eloriente.net somos un sitio certificado por la autoridad electoral para dar a conocer el PREP, los resultados electorales preliminares.<\/p>\n<p>Hazlo, <a href=\"https:\/\/bit.ly\/34SSJtD\" target=\"_blank\" rel=\"noopener\">dando click aqu\u00ed.<\/a><\/p>\n<p><script async src=\"https:\/\/pagead2.googlesyndication.com\/pagead\/js\/adsbygoogle.js\"><\/script><br \/>\n<ins class=\"adsbygoogle\" style=\"display: block;\" data-ad-format=\"autorelaxed\" data-ad-client=\"ca-pub-1136171134853753\" data-ad-slot=\"4595267748\"><\/ins><br \/>\n<script>\n     (adsbygoogle = window.adsbygoogle || []).push({});\n<\/script><\/p>\n\n\t\t\t  <div \n\t\t\t  \tclass = \"fb-comments\" \n\t\t\t  \tdata-href = \"https:\/\/www.eloriente.net\/home\/2021\/06\/05\/donde-estan-las-casillas-especiales-en-oaxaca-de-juarez\/\"\n\t\t\t  \tdata-numposts = \"10\"\n\t\t\t\tdata-colorscheme = \"dark\"\n\t\t\t\tdata-order-by = \"social\"\n\t\t\t\tdata-mobile=true>\n\t\t\t  <\/div>\n\t\t  <style>\n\t\t\t.fb_iframe_widget_fluid_desktop iframe {\n\t\t\t    width: 100% !important;\n\t\t\t}\n\t\t  <\/style>\n\t\t  ","protected":false},"excerpt":{"rendered":"<p>\u00a0Actualizaci\u00f3n para elecciones 2022: Como sabes, este 5 de junio de 2022 se elige gobernador o gobernadora de Oaxaca, si deseas ubicar las casillas especiales para 2022, debes DAR CLICK AQU\u00cd. Y para consultar las casillas ordinarias, checa esta nota: click. Elecciones 2021 En el caso de que te encuentres en Oaxaca de Ju\u00e1rez y [&hellip;]<\/p>\n","protected":false},"author":1,"featured_media":64619,"comment_status":"open","ping_status":"open","sticky":false,"template":"","format":"standard","meta":{"_jetpack_memberships_contains_paid_content":false,"footnotes":""},"categories":[2434,29,4300,49,71,32,63,10504,10,23,464,11830,21],"tags":[12264,12263,3653,1330,12265,73],"class_list":["post-64615","post","type-post","status-publish","format-standard","has-post-thumbnail","hentry","category-lunesdepolitica","category-capital","category-comunicacion","category-destacadas","category-elecciones","category-entradas","category-estados","category-las-ultimas-12","category-lo-mas-reciente","category-municipios","category-oaxaca-estados","category-oaxaca-de-juarez","category-politica-y-gobierno","tag-donde-estan-las-casillas-especiales-en-oaxaca-de-juarez","tag-casillas-especiales-oaxaca","tag-elecciones-mexico","tag-elecciones-oaxaca","tag-elecciones-oaxaca-2021","tag-oaxaca"],"jetpack_featured_media_url":"https:\/\/www.eloriente.net\/home\/wp-content\/uploads\/2021\/06\/Captura-de-pantalla-2021-06-05-a-las-13.55.24.png","jetpack_sharing_enabled":true,"_links":{"self":[{"href":"https:\/\/www.eloriente.net\/home\/wp-json\/wp\/v2\/posts\/64615"}],"collection":[{"href":"https:\/\/www.eloriente.net\/home\/wp-json\/wp\/v2\/posts"}],"about":[{"href":"https:\/\/www.eloriente.net\/home\/wp-json\/wp\/v2\/types\/post"}],"author":[{"embeddable":true,"href":"https:\/\/www.eloriente.net\/home\/wp-json\/wp\/v2\/users\/1"}],"replies":[{"embeddable":true,"href":"https:\/\/www.eloriente.net\/home\/wp-json\/wp\/v2\/comments?post=64615"}],"version-history":[{"count":5,"href":"https:\/\/www.eloriente.net\/home\/wp-json\/wp\/v2\/posts\/64615\/revisions"}],"predecessor-version":[{"id":65684,"href":"https:\/\/www.eloriente.net\/home\/wp-json\/wp\/v2\/posts\/64615\/revisions\/65684"}],"wp:featuredmedia":[{"embeddable":true,"href":"https:\/\/www.eloriente.net\/home\/wp-json\/wp\/v2\/media\/64619"}],"wp:attachment":[{"href":"https:\/\/www.eloriente.net\/home\/wp-json\/wp\/v2\/media?parent=64615"}],"wp:term":[{"taxonomy":"category","embeddable":true,"href":"https:\/\/www.eloriente.net\/home\/wp-json\/wp\/v2\/categories?post=64615"},{"taxonomy":"post_tag","embeddable":true,"href":"https:\/\/www.eloriente.net\/home\/wp-json\/wp\/v2\/tags?post=64615"}],"curies":[{"name":"wp","href":"https:\/\/api.w.org\/{rel}","templated":true}]}}