{"id":65090,"date":"2021-09-02T12:41:45","date_gmt":"2021-09-02T18:41:45","guid":{"rendered":"http:\/\/www.eloriente.net\/home\/?p=65090"},"modified":"2021-10-06T12:48:14","modified_gmt":"2021-10-06T18:48:14","slug":"doctorado-en-educacion-arte-y-cultura-en-oaxaca","status":"publish","type":"post","link":"https:\/\/www.eloriente.net\/home\/2021\/09\/02\/doctorado-en-educacion-arte-y-cultura-en-oaxaca\/","title":{"rendered":"Doctorado en Educaci\u00f3n, Arte y Cultura en Oaxaca"},"content":{"rendered":"<p><center><script async src=\"https:\/\/pagead2.googlesyndication.com\/pagead\/js\/adsbygoogle.js\"><\/script><br \/>\n<!-- BANNER ELORIENTE INCRUSTADO NOTAS --><br \/>\n<ins class=\"adsbygoogle\" style=\"display: inline-block; width: 300px; height: 250px;\" data-ad-client=\"ca-pub-1136171134853753\" data-ad-slot=\"7974633627\"><\/ins><br \/>\n<script>\n     (adsbygoogle = window.adsbygoogle || []).push({});\n<\/script><center>\u00a0<\/center><\/center>Con grandes expectativas, dio inicio el Doctorado en Educaci\u00f3n, Arte y Cultura, ofertado por el Instituto de Ciencias de la Educaci\u00f3n de la Universidad Aut\u00f3noma \u201cBenito Ju\u00e1rez\u201d de Oaxaca (ICE-UABJO), el cual cuenta con reconocimiento ante el Programa Nacional de Posgrados de Calidad del Consejo Nacional de Ciencia y Tecnolog\u00eda (PNPC-CONACyT).<\/p>\n<p>Al presidir la ceremonia de apertura de este nuevo programa, el Rector de esta Casa de Estudios, Eduardo Bautista Mart\u00ednez, dio la bienvenida a la primera generaci\u00f3n que se formar\u00e1 en los campos de estudio antes mencionados.<\/p>\n<p>As\u00ed tambi\u00e9n, afirm\u00f3 que el Doctorado es un referente para las exigencias de las nuevas pol\u00edticas de Educaci\u00f3n Superior, cuyos t\u00e9rminos se convierten en ejes transversales para los di\u00e1logos disciplinarios que fortalecen los v\u00ednculos nacionales e internacionales.<\/p>\n<p>Agreg\u00f3, que cuenta con una formaci\u00f3n flexible y humanista, con horizontes de largo alcance que busca generar espacios educativos de calidad, para responder a las necesidades de Oaxaca y de la regi\u00f3n Sur-Sureste.<\/p>\n<p>Por su parte, la Coordinadora Acad\u00e9mica de este Posgrado, Leticia Brise\u00f1o Maas, destac\u00f3 que se trata de un arduo trabajo liderado por el ICE, en coordinaci\u00f3n con el Instituto de Investigaciones en Humanidades, las Facultades de Bellas Artes e Idiomas, as\u00ed como con la participaci\u00f3n de las Universidades de Argentina y Brasil, entre otras.<\/p>\n<p>\u201cSe ha conformado de varios hitos fundacionales, que parten de la idea de no pensar en lo que no se puede hacer o en lo que impide crecer, sino que, a pesar de las crisis en las Universidades de M\u00e9xico y Latinoam\u00e9rica, se busque tejer redes de colaboraci\u00f3n y trascender a los problemas para generar programas como este\u201d, enfatiz\u00f3.<\/p>\n<p>As\u00ed tambi\u00e9n, dio a conocer que el plan de estudios permite la confluencia de muchos saberes con alcance global.<\/p>\n<p><script async src=\"https:\/\/pagead2.googlesyndication.com\/pagead\/js\/adsbygoogle.js\"><\/script><br \/>\n<ins class=\"adsbygoogle\" style=\"display: block; text-align: center;\" data-ad-layout=\"in-article\" data-ad-format=\"fluid\" data-ad-client=\"ca-pub-1136171134853753\" data-ad-slot=\"1904291222\"><\/ins><br \/>\n<script>\n     (adsbygoogle = window.adsbygoogle || []).push({});\n<\/script><\/p>\n<h3>Consolidaci\u00f3n del ICE<\/h3>\n<p>En su momento, el Director del ICE, H\u00e9ctor Aguilar Aguilar, resalt\u00f3 que con ello no solo se avanza hacia la consolidaci\u00f3n del Instituto, sino a tambi\u00e9n a la transformaci\u00f3n de realidades y pr\u00e1cticas educativas en el Estado de Oaxaca.<\/p>\n<p>En este evento virtual, se dio cita la Secretaria General, Leticia Mendoza Toro, as\u00ed como personal de investigaci\u00f3n, acad\u00e9mico y estudiantes de nuestra instituci\u00f3n y Universidades participantes.<\/p>\n<h3>M\u00e1s videos en el Canal de Youtube de El Oriente:<\/h3>\n<p><iframe loading=\"lazy\" title=\"YouTube video player\" src=\"https:\/\/www.youtube.com\/embed\/qwPYdHknfOc\" width=\"560\" height=\"315\" frameborder=\"0\" allowfullscreen=\"allowfullscreen\"><\/iframe><\/p>\n<p><script async src=\"https:\/\/pagead2.googlesyndication.com\/pagead\/js\/adsbygoogle.js\"><\/script><br \/>\n<ins class=\"adsbygoogle\" style=\"display: block;\" data-ad-format=\"autorelaxed\" data-ad-client=\"ca-pub-1136171134853753\" data-ad-slot=\"4595267748\"><\/ins><br \/>\n<script>\n     (adsbygoogle = window.adsbygoogle || []).push({});\n<\/script><\/p>\n\n\t\t\t  <div \n\t\t\t  \tclass = \"fb-comments\" \n\t\t\t  \tdata-href = \"https:\/\/www.eloriente.net\/home\/2021\/09\/02\/doctorado-en-educacion-arte-y-cultura-en-oaxaca\/\"\n\t\t\t  \tdata-numposts = \"10\"\n\t\t\t\tdata-colorscheme = \"dark\"\n\t\t\t\tdata-order-by = \"social\"\n\t\t\t\tdata-mobile=true>\n\t\t\t  <\/div>\n\t\t  <style>\n\t\t\t.fb_iframe_widget_fluid_desktop iframe {\n\t\t\t    width: 100% !important;\n\t\t\t}\n\t\t  <\/style>\n\t\t  ","protected":false},"excerpt":{"rendered":"<p>\u00a0Con grandes expectativas, dio inicio el Doctorado en Educaci\u00f3n, Arte y Cultura, ofertado por el Instituto de Ciencias de la Educaci\u00f3n de la Universidad Aut\u00f3noma \u201cBenito Ju\u00e1rez\u201d de Oaxaca (ICE-UABJO), el cual cuenta con reconocimiento ante el Programa Nacional de Posgrados de Calidad del Consejo Nacional de Ciencia y Tecnolog\u00eda (PNPC-CONACyT). Al presidir la ceremonia [&hellip;]<\/p>\n","protected":false},"author":1,"featured_media":65091,"comment_status":"open","ping_status":"open","sticky":false,"template":"","format":"standard","meta":{"_jetpack_memberships_contains_paid_content":false,"footnotes":""},"categories":[1588,49,18,32,63,10504,10,464,8677,84],"tags":[12498,12500,12499,12501],"class_list":["post-65090","post","type-post","status-publish","format-standard","has-post-thumbnail","hentry","category-comunicados-y-boletines","category-destacadas","category-educacion-y-cultura","category-entradas","category-estados","category-las-ultimas-12","category-lo-mas-reciente","category-oaxaca-estados","category-uabjo","category-universidades","tag-doctorado-en-arte","tag-doctorado-uabjo","tag-doctorados-oaxaca","tag-posgrados-oaxaca"],"jetpack_featured_media_url":"https:\/\/www.eloriente.net\/home\/wp-content\/uploads\/2021\/10\/Doctorado-Educacion-Arte-y-Cultura.jpeg","jetpack_sharing_enabled":true,"_links":{"self":[{"href":"https:\/\/www.eloriente.net\/home\/wp-json\/wp\/v2\/posts\/65090"}],"collection":[{"href":"https:\/\/www.eloriente.net\/home\/wp-json\/wp\/v2\/posts"}],"about":[{"href":"https:\/\/www.eloriente.net\/home\/wp-json\/wp\/v2\/types\/post"}],"author":[{"embeddable":true,"href":"https:\/\/www.eloriente.net\/home\/wp-json\/wp\/v2\/users\/1"}],"replies":[{"embeddable":true,"href":"https:\/\/www.eloriente.net\/home\/wp-json\/wp\/v2\/comments?post=65090"}],"version-history":[{"count":1,"href":"https:\/\/www.eloriente.net\/home\/wp-json\/wp\/v2\/posts\/65090\/revisions"}],"predecessor-version":[{"id":65092,"href":"https:\/\/www.eloriente.net\/home\/wp-json\/wp\/v2\/posts\/65090\/revisions\/65092"}],"wp:featuredmedia":[{"embeddable":true,"href":"https:\/\/www.eloriente.net\/home\/wp-json\/wp\/v2\/media\/65091"}],"wp:attachment":[{"href":"https:\/\/www.eloriente.net\/home\/wp-json\/wp\/v2\/media?parent=65090"}],"wp:term":[{"taxonomy":"category","embeddable":true,"href":"https:\/\/www.eloriente.net\/home\/wp-json\/wp\/v2\/categories?post=65090"},{"taxonomy":"post_tag","embeddable":true,"href":"https:\/\/www.eloriente.net\/home\/wp-json\/wp\/v2\/tags?post=65090"}],"curies":[{"name":"wp","href":"https:\/\/api.w.org\/{rel}","templated":true}]}}