{"id":65141,"date":"2021-10-15T18:53:32","date_gmt":"2021-10-16T00:53:32","guid":{"rendered":"http:\/\/www.eloriente.net\/home\/?p=65141"},"modified":"2021-10-15T18:53:32","modified_gmt":"2021-10-16T00:53:32","slug":"dia-de-muertos-sin-panteones-abiertos-en-oaxaca","status":"publish","type":"post","link":"https:\/\/www.eloriente.net\/home\/2021\/10\/15\/dia-de-muertos-sin-panteones-abiertos-en-oaxaca\/","title":{"rendered":"D\u00eda de Muertos sin panteones abiertos en Oaxaca"},"content":{"rendered":"<p><center><script async src=\"https:\/\/pagead2.googlesyndication.com\/pagead\/js\/adsbygoogle.js\"><\/script><br \/>\n<!-- BANNER ELORIENTE INCRUSTADO NOTAS --><br \/>\n<ins class=\"adsbygoogle\" style=\"display: inline-block; width: 300px; height: 250px;\" data-ad-client=\"ca-pub-1136171134853753\" data-ad-slot=\"7974633627\"><\/ins><br \/>\n<script>\n     (adsbygoogle = window.adsbygoogle || []).push({});\n<\/script><center>\u00a0<\/center><\/center>Este no es un detalle menor, tanto para la poblaci\u00f3n local como para los visitantes: los panteones de la capital de Oaxaca permanecer\u00e1n cerrados durante esta temporada.<\/p>\n<p>Especialmente en las fechas en que se recuerdan a los muertos y fieles difuntos, desde el 31 de octubre al 2 de noviembre, no se abrir\u00e1n los espacios y panteones en la ciudad: Ex-Marquesado, Xochimilco, Jard\u00edn, General y San Miguel.<\/p>\n<p>As\u00ed lo inform\u00f3 el encargado de Servicios Municipales de la autoridad local, Humberto Benitez Contreras, quien se\u00f1al\u00f3 que la \u00fanica excepci\u00f3n ser\u00e1n las inhumaciones, a las cuales s\u00ed se permite acceder a un m\u00e1ximo de 10 personas para acompa\u00f1ar a su difunto.<\/p>\n<p><script async src=\"https:\/\/pagead2.googlesyndication.com\/pagead\/js\/adsbygoogle.js\"><\/script><br \/>\n<ins class=\"adsbygoogle\" style=\"display: block; text-align: center;\" data-ad-layout=\"in-article\" data-ad-format=\"fluid\" data-ad-client=\"ca-pub-1136171134853753\" data-ad-slot=\"1904291222\"><\/ins><br \/>\n<script>\n     (adsbygoogle = window.adsbygoogle || []).push({});\n<\/script><\/p>\n<h3>Determinaci\u00f3n debido a pandemia, seg\u00fan la autoridad<\/h3>\n<p>Este ser\u00e1 el segundo a\u00f1o que no tendr\u00e1 actividad p\u00fablica ninguno de los panteones de la capital, otrora escenarios de representaciones teatrales y encuentros de familias.<\/p>\n<p>El funcionario municipal expuso que el personal operativo y administrativo, asignados al \u00e1rea de panteones se decant\u00f3 por mantenerlos cerrados, pues si bien \u201cestamos en sem\u00e1foro epidemiol\u00f3gico verde, los decesos por covid-19 no cesan. Ellos, (los panteoneros) tienen el pulso; tienen claro que las personas siguen falleciendo\u201d, dijo.<\/p>\n<p>Fue el Cabildo del ayuntamiento local el \u00f3rgano que finalmente ha decidido esta medida.<\/p>\n<p>M\u00e1s en el canal de Youtube de El Oriente:<\/p>\n<p><iframe loading=\"lazy\" title=\"YouTube video player\" src=\"https:\/\/www.youtube.com\/embed\/d_fE2U_hMUs\" width=\"560\" height=\"315\" frameborder=\"0\" allowfullscreen=\"allowfullscreen\"><\/iframe><\/p>\n<p><script async src=\"https:\/\/pagead2.googlesyndication.com\/pagead\/js\/adsbygoogle.js\"><\/script><br \/>\n<ins class=\"adsbygoogle\" style=\"display: block;\" data-ad-format=\"autorelaxed\" data-ad-client=\"ca-pub-1136171134853753\" data-ad-slot=\"4595267748\"><\/ins><br \/>\n<script>\n     (adsbygoogle = window.adsbygoogle || []).push({});\n<\/script><\/p>\n\n\t\t\t  <div \n\t\t\t  \tclass = \"fb-comments\" \n\t\t\t  \tdata-href = \"https:\/\/www.eloriente.net\/home\/2021\/10\/15\/dia-de-muertos-sin-panteones-abiertos-en-oaxaca\/\"\n\t\t\t  \tdata-numposts = \"10\"\n\t\t\t\tdata-colorscheme = \"dark\"\n\t\t\t\tdata-order-by = \"social\"\n\t\t\t\tdata-mobile=true>\n\t\t\t  <\/div>\n\t\t  <style>\n\t\t\t.fb_iframe_widget_fluid_desktop iframe {\n\t\t\t    width: 100% !important;\n\t\t\t}\n\t\t  <\/style>\n\t\t  ","protected":false},"excerpt":{"rendered":"<p>\u00a0Este no es un detalle menor, tanto para la poblaci\u00f3n local como para los visitantes: los panteones de la capital de Oaxaca permanecer\u00e1n cerrados durante esta temporada. Especialmente en las fechas en que se recuerdan a los muertos y fieles difuntos, desde el 31 de octubre al 2 de noviembre, no se abrir\u00e1n los espacios [&hellip;]<\/p>\n","protected":false},"author":1,"featured_media":63558,"comment_status":"open","ping_status":"open","sticky":false,"template":"","format":"standard","meta":{"_jetpack_memberships_contains_paid_content":false,"footnotes":""},"categories":[29,49,18,32,63,10504,10,23,464,11830,12,19],"tags":[4661,73,368,10796],"class_list":["post-65141","post","type-post","status-publish","format-standard","has-post-thumbnail","hentry","category-capital","category-destacadas","category-educacion-y-cultura","category-entradas","category-estados","category-las-ultimas-12","category-lo-mas-reciente","category-municipios","category-oaxaca-estados","category-oaxaca-de-juarez","category-todo-oaxaca-radio","category-turismo-y-negocios","tag-dia-de-muertos","tag-oaxaca","tag-oaxaca-de-juarez","tag-panteones"],"jetpack_featured_media_url":"https:\/\/www.eloriente.net\/home\/wp-content\/uploads\/2020\/11\/Di\u0301a-de-Muertos-Enigmatino.jpeg","jetpack_sharing_enabled":true,"_links":{"self":[{"href":"https:\/\/www.eloriente.net\/home\/wp-json\/wp\/v2\/posts\/65141"}],"collection":[{"href":"https:\/\/www.eloriente.net\/home\/wp-json\/wp\/v2\/posts"}],"about":[{"href":"https:\/\/www.eloriente.net\/home\/wp-json\/wp\/v2\/types\/post"}],"author":[{"embeddable":true,"href":"https:\/\/www.eloriente.net\/home\/wp-json\/wp\/v2\/users\/1"}],"replies":[{"embeddable":true,"href":"https:\/\/www.eloriente.net\/home\/wp-json\/wp\/v2\/comments?post=65141"}],"version-history":[{"count":1,"href":"https:\/\/www.eloriente.net\/home\/wp-json\/wp\/v2\/posts\/65141\/revisions"}],"predecessor-version":[{"id":65142,"href":"https:\/\/www.eloriente.net\/home\/wp-json\/wp\/v2\/posts\/65141\/revisions\/65142"}],"wp:featuredmedia":[{"embeddable":true,"href":"https:\/\/www.eloriente.net\/home\/wp-json\/wp\/v2\/media\/63558"}],"wp:attachment":[{"href":"https:\/\/www.eloriente.net\/home\/wp-json\/wp\/v2\/media?parent=65141"}],"wp:term":[{"taxonomy":"category","embeddable":true,"href":"https:\/\/www.eloriente.net\/home\/wp-json\/wp\/v2\/categories?post=65141"},{"taxonomy":"post_tag","embeddable":true,"href":"https:\/\/www.eloriente.net\/home\/wp-json\/wp\/v2\/tags?post=65141"}],"curies":[{"name":"wp","href":"https:\/\/api.w.org\/{rel}","templated":true}]}}