{"id":65210,"date":"2021-11-08T13:15:50","date_gmt":"2021-11-08T19:15:50","guid":{"rendered":"http:\/\/www.eloriente.net\/home\/?p=65210"},"modified":"2021-11-08T13:15:50","modified_gmt":"2021-11-08T19:15:50","slug":"convocatoria-para-disenar-el-logotipo-de-la-red-de-ciudades-ibercultura-viva","status":"publish","type":"post","link":"https:\/\/www.eloriente.net\/home\/2021\/11\/08\/convocatoria-para-disenar-el-logotipo-de-la-red-de-ciudades-ibercultura-viva\/","title":{"rendered":"Convocatoria para dise\u00f1ar el logotipo de la Red de Ciudades Ibercultura Viva"},"content":{"rendered":"<p><center><script async src=\"https:\/\/pagead2.googlesyndication.com\/pagead\/js\/adsbygoogle.js\"><\/script><br \/>\n<!-- BANNER ELORIENTE INCRUSTADO NOTAS --><br \/>\n<ins class=\"adsbygoogle\" style=\"display: inline-block; width: 300px; height: 250px;\" data-ad-client=\"ca-pub-1136171134853753\" data-ad-slot=\"7974633627\"><\/ins><br \/>\n<script>\n     (adsbygoogle = window.adsbygoogle || []).push({});\n<\/script><center><\/center><\/center>IberCultura Viva, programa de cooperaci\u00f3n intergubernamental presidido por M\u00e9xico a trav\u00e9s de la Secretar\u00eda de Cultura federal, public\u00f3 la convocatoria para la creaci\u00f3n del logotipo de la Red de Ciudades y Gobiernos Locales, l\u00ednea de acci\u00f3n de este programa que busca fortalecer y visibilizar la diversidad cultural de Iberoam\u00e9rica.<\/p>\n<p>Cabe recordar que IberCultura Viva se conforma por 11 pa\u00edses miembros: Argentina, Brasil, Chile, Colombia, Costa Rica, El Salvador, Ecuador, Espa\u00f1a, M\u00e9xico, Per\u00fa y Uruguay, quienes mediante la planeaci\u00f3n y el desarrollo de acciones de base comunitaria resaltan las distintas manifestaciones culturales de los pueblos originarios, ind\u00edgenas y afrodescendientes.<\/p>\n<p>A su vez, la Red de Ciudades y Gobiernos Locales es un eje de IberCultura Viva cuyo objetivo es generar espacios de trabajo y consenso entre estas instituciones gubernamentales ya que son las que laboran de cerca con los pueblos originarios, ind\u00edgenas, afrodescendientes y organizaciones culturales comunitarias, objetivos principales de este programa.<\/p>\n<p>Actualmente esta Red, conformada por 17 municipios o provincias y estados de seis pa\u00edses miembros (Argentina, Brasil, Chile, Colombia, Costa Rica y M\u00e9xico), se encuentra en crecimiento, por lo que lanz\u00f3 la convocatoria para generar su identidad gr\u00e1fica mediante un logotipo que pueda ser utilizado en las diversas actividades que realizan.<\/p>\n<p><a href=\"http:\/\/www.eloriente.net\/home\/wp-content\/uploads\/2021\/11\/Ibercultura-viva.png\"><img loading=\"lazy\" decoding=\"async\" class=\"alignnone size-large wp-image-65211\" src=\"http:\/\/www.eloriente.net\/home\/wp-content\/uploads\/2021\/11\/Ibercultura-viva-1024x1024.png\" alt=\"\" width=\"640\" height=\"640\" srcset=\"https:\/\/www.eloriente.net\/home\/wp-content\/uploads\/2021\/11\/Ibercultura-viva-1024x1024.png 1024w, https:\/\/www.eloriente.net\/home\/wp-content\/uploads\/2021\/11\/Ibercultura-viva-150x150.png 150w, https:\/\/www.eloriente.net\/home\/wp-content\/uploads\/2021\/11\/Ibercultura-viva-300x300.png 300w, https:\/\/www.eloriente.net\/home\/wp-content\/uploads\/2021\/11\/Ibercultura-viva-768x768.png 768w, https:\/\/www.eloriente.net\/home\/wp-content\/uploads\/2021\/11\/Ibercultura-viva-696x696.png 696w, https:\/\/www.eloriente.net\/home\/wp-content\/uploads\/2021\/11\/Ibercultura-viva-1068x1068.png 1068w, https:\/\/www.eloriente.net\/home\/wp-content\/uploads\/2021\/11\/Ibercultura-viva-420x420.png 420w, https:\/\/www.eloriente.net\/home\/wp-content\/uploads\/2021\/11\/Ibercultura-viva-600x600.png 600w, https:\/\/www.eloriente.net\/home\/wp-content\/uploads\/2021\/11\/Ibercultura-viva-100x100.png 100w, https:\/\/www.eloriente.net\/home\/wp-content\/uploads\/2021\/11\/Ibercultura-viva.png 1080w\" sizes=\"(max-width: 640px) 100vw, 640px\" \/><\/a><\/p>\n<p><script async src=\"https:\/\/pagead2.googlesyndication.com\/pagead\/js\/adsbygoogle.js\"><\/script><br \/>\n<ins class=\"adsbygoogle\" style=\"display: block; text-align: center;\" data-ad-layout=\"in-article\" data-ad-format=\"fluid\" data-ad-client=\"ca-pub-1136171134853753\" data-ad-slot=\"1904291222\"><\/ins><br \/>\n<script>\n     (adsbygoogle = window.adsbygoogle || []).push({});\n<\/script><\/p>\n<h3>\u00bfQu\u00e9 deber\u00e1 contener?<\/h3>\n<p>Dicho logo deber\u00e1 contener la esencia de la Red: participaci\u00f3n y trabajo intersectorial; colaboraci\u00f3n, cooperaci\u00f3n e intercambio de saberes; diversidad cultural y equidad territorial; derechos culturales y democracia cultural; buen vivir y bien com\u00fan.<\/p>\n<p>Podr\u00e1n participar personas mayores de 18 a\u00f1os y residentes de alguno de los 11 pa\u00edses integrantes de IberCultura Viva.<\/p>\n<p>Quienes deseen postular su dise\u00f1o, podr\u00e1n consultar las bases generales e inscribir una sola propuesta en la plataforma Mapa IberCultura Viva (https:\/\/mapa.iberculturaviva.org\/oportunidade\/193\/), tienen hasta el jueves 25 de noviembre a las 15 horas (horario de la Ciudad de M\u00e9xico).<\/p>\n<p>Mediante estas acciones, la Secretar\u00eda de Cultura forma parte e impulsa alianzas estrat\u00e9gicas que muestran y refuerzan las diferentes manifestaciones culturales de M\u00e9xico e Iberoam\u00e9rica.<\/p>\n<p><script async src=\"https:\/\/pagead2.googlesyndication.com\/pagead\/js\/adsbygoogle.js\"><\/script><br \/>\n<ins class=\"adsbygoogle\" style=\"display: block;\" data-ad-format=\"autorelaxed\" data-ad-client=\"ca-pub-1136171134853753\" data-ad-slot=\"4595267748\"><\/ins><br \/>\n<script>\n     (adsbygoogle = window.adsbygoogle || []).push({});\n<\/script><\/p>\n\n\t\t\t  <div \n\t\t\t  \tclass = \"fb-comments\" \n\t\t\t  \tdata-href = \"https:\/\/www.eloriente.net\/home\/2021\/11\/08\/convocatoria-para-disenar-el-logotipo-de-la-red-de-ciudades-ibercultura-viva\/\"\n\t\t\t  \tdata-numposts = \"10\"\n\t\t\t\tdata-colorscheme = \"dark\"\n\t\t\t\tdata-order-by = \"social\"\n\t\t\t\tdata-mobile=true>\n\t\t\t  <\/div>\n\t\t  <style>\n\t\t\t.fb_iframe_widget_fluid_desktop iframe {\n\t\t\t    width: 100% !important;\n\t\t\t}\n\t\t  <\/style>\n\t\t  ","protected":false},"excerpt":{"rendered":"<p>IberCultura Viva, programa de cooperaci\u00f3n intergubernamental presidido por M\u00e9xico a trav\u00e9s de la Secretar\u00eda de Cultura federal, public\u00f3 la convocatoria para la creaci\u00f3n del logotipo de la Red de Ciudades y Gobiernos Locales, l\u00ednea de acci\u00f3n de este programa que busca fortalecer y visibilizar la diversidad cultural de Iberoam\u00e9rica. Cabe recordar que IberCultura Viva se [&hellip;]<\/p>\n","protected":false},"author":1,"featured_media":65212,"comment_status":"open","ping_status":"open","sticky":false,"template":"","format":"standard","meta":{"_jetpack_memberships_contains_paid_content":false,"footnotes":""},"categories":[26,32,10504,10],"tags":[12559,241,473,12558],"class_list":["post-65210","post","type-post","status-publish","format-standard","has-post-thumbnail","hentry","category-convocatorias","category-entradas","category-las-ultimas-12","category-lo-mas-reciente","tag-convocatoria-disenadores","tag-cultura","tag-diseno","tag-ibercultura-viva"],"jetpack_featured_media_url":"https:\/\/www.eloriente.net\/home\/wp-content\/uploads\/2021\/11\/Trebol-by-s.jpeg","jetpack_sharing_enabled":true,"_links":{"self":[{"href":"https:\/\/www.eloriente.net\/home\/wp-json\/wp\/v2\/posts\/65210"}],"collection":[{"href":"https:\/\/www.eloriente.net\/home\/wp-json\/wp\/v2\/posts"}],"about":[{"href":"https:\/\/www.eloriente.net\/home\/wp-json\/wp\/v2\/types\/post"}],"author":[{"embeddable":true,"href":"https:\/\/www.eloriente.net\/home\/wp-json\/wp\/v2\/users\/1"}],"replies":[{"embeddable":true,"href":"https:\/\/www.eloriente.net\/home\/wp-json\/wp\/v2\/comments?post=65210"}],"version-history":[{"count":1,"href":"https:\/\/www.eloriente.net\/home\/wp-json\/wp\/v2\/posts\/65210\/revisions"}],"predecessor-version":[{"id":65213,"href":"https:\/\/www.eloriente.net\/home\/wp-json\/wp\/v2\/posts\/65210\/revisions\/65213"}],"wp:featuredmedia":[{"embeddable":true,"href":"https:\/\/www.eloriente.net\/home\/wp-json\/wp\/v2\/media\/65212"}],"wp:attachment":[{"href":"https:\/\/www.eloriente.net\/home\/wp-json\/wp\/v2\/media?parent=65210"}],"wp:term":[{"taxonomy":"category","embeddable":true,"href":"https:\/\/www.eloriente.net\/home\/wp-json\/wp\/v2\/categories?post=65210"},{"taxonomy":"post_tag","embeddable":true,"href":"https:\/\/www.eloriente.net\/home\/wp-json\/wp\/v2\/tags?post=65210"}],"curies":[{"name":"wp","href":"https:\/\/api.w.org\/{rel}","templated":true}]}}