{"id":65305,"date":"2022-01-12T10:10:23","date_gmt":"2022-01-12T16:10:23","guid":{"rendered":"http:\/\/www.eloriente.net\/home\/?p=65305"},"modified":"2022-01-12T10:25:16","modified_gmt":"2022-01-12T16:25:16","slug":"tragico-desprendimiento-en-el-lago-de-furnas-de-minas-guerais","status":"publish","type":"post","link":"https:\/\/www.eloriente.net\/home\/2022\/01\/12\/tragico-desprendimiento-en-el-lago-de-furnas-de-minas-guerais\/","title":{"rendered":"Tr\u00e1gico desprendimiento en el Lago de Furnas de Minas Guerais"},"content":{"rendered":"<p><center><script async src=\"https:\/\/pagead2.googlesyndication.com\/pagead\/js\/adsbygoogle.js\"><\/script><br \/>\n<!-- BANNER ELORIENTE INCRUSTADO NOTAS --><br \/>\n<ins class=\"adsbygoogle\" style=\"display: inline-block; width: 300px; height: 250px;\" data-ad-client=\"ca-pub-1136171134853753\" data-ad-slot=\"7974633627\"><\/ins><br \/>\n<script>\n     (adsbygoogle = window.adsbygoogle || []).push({});\n<\/script><center>\u00a0<\/center><\/center><\/p>\n<p style=\"text-align: right;\"><em>V\u00eda Cuba Debate<\/em><\/p>\n<p>Un impactante accidente se produjo este s\u00e1bado en Minas Gerais\u00a0con el desprendimiento de una roca que cay\u00f3 sobre lanchas de turistas en un lago de ese estado del norte de Brasil.\u00a0El hecho sucedi\u00f3 en el lago de Furnas, en el municipio de Capit\u00f3lio, y\u00a0<strong>dej\u00f3 al menos\u00a0siete muertos, m\u00e1s de 30 heridos y 20 desaparecidos.<\/strong><\/p>\n<p>El tr\u00e1gico episodio qued\u00f3 registrado en al menos tres videos.\u00a0Debieron intervenir los bomberos. Seg\u00fan se report\u00f3 se buscan m\u00e1s posibles v\u00edctimas fatales.<\/p>\n<p>Varias embarcaciones estaban a metros de la roca, en\u00a0un lugar ubicado a casi 300 kil\u00f3metros de Belo Horizonte, la capital de Minas\u00a0Gerais.\u00a0<strong>Al menos cuatro embarcaciones se vieron afectadas. La Armada de Brasil iniciar\u00e1 una investigaci\u00f3n.<\/strong><\/p>\n<p>El medio brasile\u00f1o\u00a0O tempo, se comunic\u00f3 con Rovilson Teixeira, un testigo del acontecimiento, que asegur\u00f3:\u201cEstamos todos at\u00f3nitos, nadie sabe cu\u00e1ntas v\u00edctimas hay, pero les puedo decir que no hubo una o dos, sino muchas muertes. Hay mucha gente herida. La regi\u00f3n est\u00e1 llena de ambulancias que vinieron de otras \u00e1reas para recoger a las v\u00edctimas, pero nadie a\u00fan se da cuenta de la magnitud de la tragedia aqu\u00ed\u201d, dijo.<\/p>\n<p>El presidente Jair Bolsonaro envi\u00f3 sus condolencias por su cuenta de Twitter, y tambi\u00e9n el gobernador de Minas Gerais,\u00a0Romeu Zema, que atribuy\u00f3 la tragedias a \u201clas fuertes lluvias, que provocaron el desprendimiento\u201d. Remarc\u00f3 que \u201cel gobierno de Minas est\u00e1 presente desde los primeros momentos a trav\u00e9s de la Defensa Civil\u201d y que contin\u00faan las labores de rescate.<\/p>\n<p><strong>Los videos que circulan muestran im\u00e1genes aterradoras, con la pared de piedra que se desprende y cae sobre las embarcaciones.<\/strong>\u00a0Uno de los registros permite ver c\u00f3mo desde la base empiezan a caer piedras, en lo que marc\u00f3 el comienzo del desprendimiento. La pared se desplom\u00f3 sobre las lanchas en medios de gritos de horror.<\/p>\n<blockquote class=\"twitter-tweet\">\n<p dir=\"ltr\" lang=\"es\">La naturaleza indiferente al sentir de los humanos.<br \/>\n\ud83d\udcfd\ufe0f Minas Gerais <a href=\"https:\/\/twitter.com\/hashtag\/Brasil?src=hash&amp;ref_src=twsrc%5Etfw\">#Brasil<\/a><br \/>\n\u2693\ufe0fAl menos 4 embarcaciones afectadas por desprendimiento en Lago Furnas.<br \/>\n\u2693\ufe0fConfirmados 7 fallecidos y 30 heridos.<br \/>\n\u2693\ufe0f9\/enero recordado siempre como alerta al <a href=\"https:\/\/twitter.com\/hashtag\/turismo?src=hash&amp;ref_src=twsrc%5Etfw\">#turismo<\/a> mundial<a href=\"https:\/\/t.co\/tZp4oYVLgA\">https:\/\/t.co\/tZp4oYVLgA<\/a> <a href=\"https:\/\/t.co\/bOJbX2Xw8G\">pic.twitter.com\/bOJbX2Xw8G<\/a><\/p>\n<p>\u2014 El Oriente (@El_Oriente) <a href=\"https:\/\/twitter.com\/El_Oriente\/status\/1481299253314080770?ref_src=twsrc%5Etfw\">January 12, 2022<\/a><\/p><\/blockquote>\n<p><script async src=\"https:\/\/platform.twitter.com\/widgets.js\" charset=\"utf-8\"><\/script><\/p>\n<p><script async src=\"https:\/\/pagead2.googlesyndication.com\/pagead\/js\/adsbygoogle.js\"><\/script><br \/>\n<ins class=\"adsbygoogle\" style=\"display: block; text-align: center;\" data-ad-layout=\"in-article\" data-ad-format=\"fluid\" data-ad-client=\"ca-pub-1136171134853753\" data-ad-slot=\"4724569608\"><\/ins><br \/>\n<script>\n     (adsbygoogle = window.adsbygoogle || []).push({});\n<\/script><\/p>\n<h3>La explicaci\u00f3n oficial<\/h3>\n<p>El gobernador de Minas Gerais, Romeu Zema, habl\u00f3 a trav\u00e9s de las redes sociales y se solidariz\u00f3 con las familias de las v\u00edctimas.<\/p>\n<p>\u201cHoy sufrimos el dolor de una tragedia en nuestro Estado, por las fuertes lluvias, que provocaron el desprendimiento de un muro de piedras en el Lago de Furnas, en Capit\u00f3lio. El Gobierno de Minas est\u00e1 presente desde los primeros momentos a trav\u00e9s de la Defensa Civil. y el trabajo del Cuerpo de Rescate todav\u00eda est\u00e1 en progreso. Me solidarizo con las familias en este momento dif\u00edcil. Seguiremos actuando para brindar el apoyo y el apoyo necesarios\u201d, escribi\u00f3.<\/p>\n<p>En entrevista con\u00a0GloboNews, el Jefe de bomberos explic\u00f3 que\u00a0<strong>la formaci\u00f3n del sitio est\u00e1 conformada por rocas sedimentarias y, por lo tanto, m\u00e1s susceptibles a la acci\u00f3n del viento y la lluvia.<\/strong><\/p>\n<p>\u201cDesafortunadamente, es una situaci\u00f3n que suele ocurrir en una regi\u00f3n de ca\u00f1ones. Pero la piedra que se desprendi\u00f3 era de un tama\u00f1o muy considerable. Lo que termin\u00f3 agravando la situaci\u00f3n fue la forma en que la roca cae, en trayectoria perpendicular. Generalmente, cuando tenemos este tipo de estructura, de ruptura, la roca suele salir de una forma m\u00e1s cortada. Corre por esa estructura y cae en diagonal o incluso en posici\u00f3n vertical. En este caso, como tuvimos este vuelco perpendicular y por el tama\u00f1o de la roca, estas personas terminaron siendo afectadas directamente\u00bb, explic\u00f3 Aihara.<\/p>\n<p><strong>El Lago Furnas, con una extensi\u00f3n de m\u00e1s de 1.400 kil\u00f3metros cuadrados, atrae a muchos turistas en busca de paseos en lancha y buceo en la regi\u00f3n, rodeado de cascadas y ca\u00f1ones formados por rocas de m\u00e1s de 20 metros de altura.\u00a0<\/strong><\/p>\n<h3>M\u00e1s videos en las redes de El Oriente:<\/h3>\n<p><iframe loading=\"lazy\" style=\"border: none; overflow: hidden;\" src=\"https:\/\/www.facebook.com\/plugins\/video.php?height=314&amp;href=https%3A%2F%2Fwww.facebook.com%2Feloriente.net%2Fvideos%2F245435407164975%2F&amp;show_text=false&amp;width=560&amp;t=0\" width=\"560\" height=\"314\" frameborder=\"0\" scrolling=\"no\" allowfullscreen=\"allowfullscreen\"><\/iframe><\/p>\n<p><script async src=\"https:\/\/pagead2.googlesyndication.com\/pagead\/js\/adsbygoogle.js\"><\/script><br \/>\n<ins class=\"adsbygoogle\" style=\"display: block;\" data-ad-format=\"autorelaxed\" data-ad-client=\"ca-pub-1136171134853753\" data-ad-slot=\"4595267748\"><\/ins><br \/>\n<script>\n     (adsbygoogle = window.adsbygoogle || []).push({});\n<\/script><\/p>\n\n\t\t\t  <div \n\t\t\t  \tclass = \"fb-comments\" \n\t\t\t  \tdata-href = \"https:\/\/www.eloriente.net\/home\/2022\/01\/12\/tragico-desprendimiento-en-el-lago-de-furnas-de-minas-guerais\/\"\n\t\t\t  \tdata-numposts = \"10\"\n\t\t\t\tdata-colorscheme = \"dark\"\n\t\t\t\tdata-order-by = \"social\"\n\t\t\t\tdata-mobile=true>\n\t\t\t  <\/div>\n\t\t  <style>\n\t\t\t.fb_iframe_widget_fluid_desktop iframe {\n\t\t\t    width: 100% !important;\n\t\t\t}\n\t\t  <\/style>\n\t\t  ","protected":false},"excerpt":{"rendered":"<p>\u00a0 V\u00eda Cuba Debate Un impactante accidente se produjo este s\u00e1bado en Minas Gerais\u00a0con el desprendimiento de una roca que cay\u00f3 sobre lanchas de turistas en un lago de ese estado del norte de Brasil.\u00a0El hecho sucedi\u00f3 en el lago de Furnas, en el municipio de Capit\u00f3lio, y\u00a0dej\u00f3 al menos\u00a0siete muertos, m\u00e1s de 30 heridos [&hellip;]<\/p>\n","protected":false},"author":1,"featured_media":65306,"comment_status":"open","ping_status":"open","sticky":false,"template":"","format":"standard","meta":{"_jetpack_memberships_contains_paid_content":false,"footnotes":""},"categories":[12409,6,49,32,13,10504,10,20,24],"tags":[268,12595,12594,109],"class_list":["post-65305","post","type-post","status-publish","format-standard","has-post-thumbnail","hentry","category-brasil","category-canal-4-especiales","category-destacadas","category-entradas","category-especiales","category-las-ultimas-12","category-lo-mas-reciente","category-medio-ambiente","category-mexico-y-el-mundo","tag-brasil","tag-desprendimiento","tag-minas-guerais","tag-turismo"],"jetpack_featured_media_url":"https:\/\/www.eloriente.net\/home\/wp-content\/uploads\/2022\/01\/Roca-Brasil-Captura-de-Pantalla.jpeg","jetpack_sharing_enabled":true,"_links":{"self":[{"href":"https:\/\/www.eloriente.net\/home\/wp-json\/wp\/v2\/posts\/65305"}],"collection":[{"href":"https:\/\/www.eloriente.net\/home\/wp-json\/wp\/v2\/posts"}],"about":[{"href":"https:\/\/www.eloriente.net\/home\/wp-json\/wp\/v2\/types\/post"}],"author":[{"embeddable":true,"href":"https:\/\/www.eloriente.net\/home\/wp-json\/wp\/v2\/users\/1"}],"replies":[{"embeddable":true,"href":"https:\/\/www.eloriente.net\/home\/wp-json\/wp\/v2\/comments?post=65305"}],"version-history":[{"count":3,"href":"https:\/\/www.eloriente.net\/home\/wp-json\/wp\/v2\/posts\/65305\/revisions"}],"predecessor-version":[{"id":65309,"href":"https:\/\/www.eloriente.net\/home\/wp-json\/wp\/v2\/posts\/65305\/revisions\/65309"}],"wp:featuredmedia":[{"embeddable":true,"href":"https:\/\/www.eloriente.net\/home\/wp-json\/wp\/v2\/media\/65306"}],"wp:attachment":[{"href":"https:\/\/www.eloriente.net\/home\/wp-json\/wp\/v2\/media?parent=65305"}],"wp:term":[{"taxonomy":"category","embeddable":true,"href":"https:\/\/www.eloriente.net\/home\/wp-json\/wp\/v2\/categories?post=65305"},{"taxonomy":"post_tag","embeddable":true,"href":"https:\/\/www.eloriente.net\/home\/wp-json\/wp\/v2\/tags?post=65305"}],"curies":[{"name":"wp","href":"https:\/\/api.w.org\/{rel}","templated":true}]}}